{"id":94739,"date":"2024-01-31T10:18:47","date_gmt":"2024-01-31T09:18:47","guid":{"rendered":"https:\/\/amalhamburg.de\/?p=94739"},"modified":"2024-01-31T10:20:00","modified_gmt":"2024-01-31T09:20:00","slug":"meine-geschichte","status":"publish","type":"post","link":"https:\/\/amalhamburg.de\/de\/2024\/01\/31\/meine-geschichte\/","title":{"rendered":"Meine Geschichte!"},"content":{"rendered":"<p><iframe loading=\"lazy\" title=\"\u0628\u0631\u0646\u0627\u0645\u062c \u0647\u064a\u0643 \u0642\u0635\u062a\u064a _ \u0642\u0635\u0629 \u0645\u0639\u0644\u0645 \u0634\u0627\u0648\u0631\u0645\u0627 \u0641\u064a \u0623\u0644\u0645\u0627\u0646\u064a\u0627\" width=\"680\" height=\"383\" src=\"https:\/\/www.youtube.com\/embed\/NlxBi7eRFfE?feature=oembed\" frameborder=\"0\" allow=\"accelerometer; autoplay; clipboard-write; encrypted-media; gyroscope; picture-in-picture; web-share\" allowfullscreen><\/iframe><\/p>\n","protected":false},"excerpt":{"rendered":"","protected":false},"author":48,"featured_media":94741,"comment_status":"closed","ping_status":"open","sticky":false,"template":"","format":"standard","meta":{"_acf_changed":false,"footnotes":""},"categories":[82,7743],"tags":[],"class_list":["post-94739","post","type-post","status-publish","format-standard","has-post-thumbnail","hentry","category-video","category-video-de"],"acf":[],"yoast_head":"<!-- This site is optimized with the Yoast SEO plugin v27.5 - https:\/\/yoast.com\/product\/yoast-seo-wordpress\/ -->\n<title>Meine Geschichte! - Amal, Hamburg!<\/title>\n<meta name=\"description\" content=\"Meine Geschichte: Erster Teil dieser Serie aus Hessen \u00fcber einen Koch aus Syrien, der in Mainz ein syrisches Restaurant er\u00f6ffnet hat\" \/>\n<meta name=\"robots\" content=\"index, follow, max-snippet:-1, max-image-preview:large, max-video-preview:-1\" \/>\n<link rel=\"canonical\" href=\"https:\/\/amalhamburg.de\/de\/2024\/01\/31\/meine-geschichte\/\" \/>\n<meta property=\"og:locale\" content=\"de_DE\" \/>\n<meta property=\"og:type\" content=\"article\" \/>\n<meta property=\"og:title\" content=\"Meine Geschichte! - Amal, Hamburg!\" \/>\n<meta property=\"og:description\" content=\"Meine Geschichte: Erster Teil dieser Serie aus Hessen \u00fcber einen Koch aus Syrien, der in Mainz ein syrisches Restaurant er\u00f6ffnet hat\" \/>\n<meta property=\"og:url\" content=\"https:\/\/amalhamburg.de\/de\/2024\/01\/31\/meine-geschichte\/\" \/>\n<meta property=\"og:site_name\" content=\"Amal, Hamburg!\" \/>\n<meta property=\"article:published_time\" content=\"2024-01-31T09:18:47+00:00\" \/>\n<meta property=\"article:modified_time\" content=\"2024-01-31T09:20:00+00:00\" \/>\n<meta property=\"og:image\" content=\"https:\/\/amalhamburg.de\/wp-content\/uploads\/sites\/2\/2024\/01\/meine-geschichte-NlxBi7eRFfE.jpg\" \/>\n\t<meta property=\"og:image:width\" content=\"1280\" \/>\n\t<meta property=\"og:image:height\" content=\"720\" \/>\n\t<meta property=\"og:image:type\" content=\"image\/jpeg\" \/>\n<meta name=\"author\" content=\"Souzan Nassri\" \/>\n<meta name=\"twitter:card\" content=\"summary_large_image\" \/>\n<meta name=\"twitter:label1\" content=\"Verfasst von\" \/>\n\t<meta name=\"twitter:data1\" content=\"Souzan Nassri\" \/>\n\t<meta name=\"twitter:label2\" content=\"Gesch\u00e4tzte Lesezeit\" \/>\n\t<meta name=\"twitter:data2\" content=\"1\u00a0Minute\" \/>\n<script type=\"application\/ld+json\" class=\"yoast-schema-graph\">{\"@context\":\"https:\\\/\\\/schema.org\",\"@graph\":[{\"@type\":\"Article\",\"@id\":\"https:\\\/\\\/amalhamburg.de\\\/de\\\/2024\\\/01\\\/31\\\/meine-geschichte\\\/#article\",\"isPartOf\":{\"@id\":\"https:\\\/\\\/amalhamburg.de\\\/de\\\/2024\\\/01\\\/31\\\/meine-geschichte\\\/\"},\"author\":{\"name\":\"Souzan Nassri\",\"@id\":\"https:\\\/\\\/amalhamburg.de\\\/de\\\/#\\\/schema\\\/person\\\/1db4978a4b8a2676c406dbe05f1c1e37\"},\"headline\":\"Meine Geschichte!\",\"datePublished\":\"2024-01-31T09:18:47+00:00\",\"dateModified\":\"2024-01-31T09:20:00+00:00\",\"mainEntityOfPage\":{\"@id\":\"https:\\\/\\\/amalhamburg.de\\\/de\\\/2024\\\/01\\\/31\\\/meine-geschichte\\\/\"},\"wordCount\":9,\"image\":{\"@id\":\"https:\\\/\\\/amalhamburg.de\\\/de\\\/2024\\\/01\\\/31\\\/meine-geschichte\\\/#primaryimage\"},\"thumbnailUrl\":\"https:\\\/\\\/amalhamburg.de\\\/wp-content\\\/uploads\\\/sites\\\/2\\\/2024\\\/01\\\/meine-geschichte-NlxBi7eRFfE.jpg\",\"articleSection\":[\"Video\",\"Video\"],\"inLanguage\":\"de\"},{\"@type\":\"WebPage\",\"@id\":\"https:\\\/\\\/amalhamburg.de\\\/de\\\/2024\\\/01\\\/31\\\/meine-geschichte\\\/\",\"url\":\"https:\\\/\\\/amalhamburg.de\\\/de\\\/2024\\\/01\\\/31\\\/meine-geschichte\\\/\",\"name\":\"Meine Geschichte! - Amal, Hamburg!\",\"isPartOf\":{\"@id\":\"https:\\\/\\\/amalhamburg.de\\\/de\\\/#website\"},\"primaryImageOfPage\":{\"@id\":\"https:\\\/\\\/amalhamburg.de\\\/de\\\/2024\\\/01\\\/31\\\/meine-geschichte\\\/#primaryimage\"},\"image\":{\"@id\":\"https:\\\/\\\/amalhamburg.de\\\/de\\\/2024\\\/01\\\/31\\\/meine-geschichte\\\/#primaryimage\"},\"thumbnailUrl\":\"https:\\\/\\\/amalhamburg.de\\\/wp-content\\\/uploads\\\/sites\\\/2\\\/2024\\\/01\\\/meine-geschichte-NlxBi7eRFfE.jpg\",\"datePublished\":\"2024-01-31T09:18:47+00:00\",\"dateModified\":\"2024-01-31T09:20:00+00:00\",\"author\":{\"@id\":\"https:\\\/\\\/amalhamburg.de\\\/de\\\/#\\\/schema\\\/person\\\/1db4978a4b8a2676c406dbe05f1c1e37\"},\"description\":\"Meine Geschichte: Erster Teil dieser Serie aus Hessen \u00fcber einen Koch aus Syrien, der in Mainz ein syrisches Restaurant er\u00f6ffnet hat\",\"breadcrumb\":{\"@id\":\"https:\\\/\\\/amalhamburg.de\\\/de\\\/2024\\\/01\\\/31\\\/meine-geschichte\\\/#breadcrumb\"},\"inLanguage\":\"de\",\"potentialAction\":[{\"@type\":\"ReadAction\",\"target\":[\"https:\\\/\\\/amalhamburg.de\\\/de\\\/2024\\\/01\\\/31\\\/meine-geschichte\\\/\"]}]},{\"@type\":\"ImageObject\",\"inLanguage\":\"de\",\"@id\":\"https:\\\/\\\/amalhamburg.de\\\/de\\\/2024\\\/01\\\/31\\\/meine-geschichte\\\/#primaryimage\",\"url\":\"https:\\\/\\\/amalhamburg.de\\\/wp-content\\\/uploads\\\/sites\\\/2\\\/2024\\\/01\\\/meine-geschichte-NlxBi7eRFfE.jpg\",\"contentUrl\":\"https:\\\/\\\/amalhamburg.de\\\/wp-content\\\/uploads\\\/sites\\\/2\\\/2024\\\/01\\\/meine-geschichte-NlxBi7eRFfE.jpg\",\"width\":1280,\"height\":720},{\"@type\":\"BreadcrumbList\",\"@id\":\"https:\\\/\\\/amalhamburg.de\\\/de\\\/2024\\\/01\\\/31\\\/meine-geschichte\\\/#breadcrumb\",\"itemListElement\":[{\"@type\":\"ListItem\",\"position\":1,\"name\":\"Home\",\"item\":\"https:\\\/\\\/amalhamburg.de\\\/de\\\/\"},{\"@type\":\"ListItem\",\"position\":2,\"name\":\"Meine Geschichte!\"}]},{\"@type\":\"WebSite\",\"@id\":\"https:\\\/\\\/amalhamburg.de\\\/de\\\/#website\",\"url\":\"https:\\\/\\\/amalhamburg.de\\\/de\\\/\",\"name\":\"Amal, Hamburg!\",\"description\":\"\",\"potentialAction\":[{\"@type\":\"SearchAction\",\"target\":{\"@type\":\"EntryPoint\",\"urlTemplate\":\"https:\\\/\\\/amalhamburg.de\\\/de\\\/?s={search_term_string}\"},\"query-input\":{\"@type\":\"PropertyValueSpecification\",\"valueRequired\":true,\"valueName\":\"search_term_string\"}}],\"inLanguage\":\"de\"},{\"@type\":\"Person\",\"@id\":\"https:\\\/\\\/amalhamburg.de\\\/de\\\/#\\\/schema\\\/person\\\/1db4978a4b8a2676c406dbe05f1c1e37\",\"name\":\"Souzan Nassri\",\"image\":{\"@type\":\"ImageObject\",\"inLanguage\":\"de\",\"@id\":\"https:\\\/\\\/amalhamburg.de\\\/wp-content\\\/uploads\\\/sites\\\/2\\\/2023\\\/07\\\/image-20-150x150-1-125x125.jpeg\",\"url\":\"https:\\\/\\\/amalhamburg.de\\\/wp-content\\\/uploads\\\/sites\\\/2\\\/2023\\\/07\\\/image-20-150x150-1-125x125.jpeg\",\"contentUrl\":\"https:\\\/\\\/amalhamburg.de\\\/wp-content\\\/uploads\\\/sites\\\/2\\\/2023\\\/07\\\/image-20-150x150-1-125x125.jpeg\",\"caption\":\"Souzan Nassri\"},\"description\":\"Souzan Nasri studierte Germanistik und Erziehungswissenschaften an der Goethe Universit\u00e4t Frankfurt. 2015 hat sie in der T\u00fcrkei im Bereich Audio-Produktionen gearbeitet. 2016 ist sie nach Deutschland gekommen. Sie geh\u00f6rt zu den Gr\u00fcndungsmitgliedern von Amal, Frankfurt! Sie wohnt in Mainz.\",\"url\":\"https:\\\/\\\/amalhamburg.de\\\/de\\\/author\\\/souzan-n\\\/\"}]}<\/script>\n<!-- \/ Yoast SEO plugin. -->","yoast_head_json":{"title":"Meine Geschichte! - Amal, Hamburg!","description":"Meine Geschichte: Erster Teil dieser Serie aus Hessen \u00fcber einen Koch aus Syrien, der in Mainz ein syrisches Restaurant er\u00f6ffnet hat","robots":{"index":"index","follow":"follow","max-snippet":"max-snippet:-1","max-image-preview":"max-image-preview:large","max-video-preview":"max-video-preview:-1"},"canonical":"https:\/\/amalhamburg.de\/de\/2024\/01\/31\/meine-geschichte\/","og_locale":"de_DE","og_type":"article","og_title":"Meine Geschichte! - Amal, Hamburg!","og_description":"Meine Geschichte: Erster Teil dieser Serie aus Hessen \u00fcber einen Koch aus Syrien, der in Mainz ein syrisches Restaurant er\u00f6ffnet hat","og_url":"https:\/\/amalhamburg.de\/de\/2024\/01\/31\/meine-geschichte\/","og_site_name":"Amal, Hamburg!","article_published_time":"2024-01-31T09:18:47+00:00","article_modified_time":"2024-01-31T09:20:00+00:00","og_image":[{"width":1280,"height":720,"url":"https:\/\/amalhamburg.de\/wp-content\/uploads\/sites\/2\/2024\/01\/meine-geschichte-NlxBi7eRFfE.jpg","type":"image\/jpeg"}],"author":"Souzan Nassri","twitter_card":"summary_large_image","twitter_misc":{"Verfasst von":"Souzan Nassri","Gesch\u00e4tzte Lesezeit":"1\u00a0Minute"},"schema":{"@context":"https:\/\/schema.org","@graph":[{"@type":"Article","@id":"https:\/\/amalhamburg.de\/de\/2024\/01\/31\/meine-geschichte\/#article","isPartOf":{"@id":"https:\/\/amalhamburg.de\/de\/2024\/01\/31\/meine-geschichte\/"},"author":{"name":"Souzan Nassri","@id":"https:\/\/amalhamburg.de\/de\/#\/schema\/person\/1db4978a4b8a2676c406dbe05f1c1e37"},"headline":"Meine Geschichte!","datePublished":"2024-01-31T09:18:47+00:00","dateModified":"2024-01-31T09:20:00+00:00","mainEntityOfPage":{"@id":"https:\/\/amalhamburg.de\/de\/2024\/01\/31\/meine-geschichte\/"},"wordCount":9,"image":{"@id":"https:\/\/amalhamburg.de\/de\/2024\/01\/31\/meine-geschichte\/#primaryimage"},"thumbnailUrl":"https:\/\/amalhamburg.de\/wp-content\/uploads\/sites\/2\/2024\/01\/meine-geschichte-NlxBi7eRFfE.jpg","articleSection":["Video","Video"],"inLanguage":"de"},{"@type":"WebPage","@id":"https:\/\/amalhamburg.de\/de\/2024\/01\/31\/meine-geschichte\/","url":"https:\/\/amalhamburg.de\/de\/2024\/01\/31\/meine-geschichte\/","name":"Meine Geschichte! - Amal, Hamburg!","isPartOf":{"@id":"https:\/\/amalhamburg.de\/de\/#website"},"primaryImageOfPage":{"@id":"https:\/\/amalhamburg.de\/de\/2024\/01\/31\/meine-geschichte\/#primaryimage"},"image":{"@id":"https:\/\/amalhamburg.de\/de\/2024\/01\/31\/meine-geschichte\/#primaryimage"},"thumbnailUrl":"https:\/\/amalhamburg.de\/wp-content\/uploads\/sites\/2\/2024\/01\/meine-geschichte-NlxBi7eRFfE.jpg","datePublished":"2024-01-31T09:18:47+00:00","dateModified":"2024-01-31T09:20:00+00:00","author":{"@id":"https:\/\/amalhamburg.de\/de\/#\/schema\/person\/1db4978a4b8a2676c406dbe05f1c1e37"},"description":"Meine Geschichte: Erster Teil dieser Serie aus Hessen \u00fcber einen Koch aus Syrien, der in Mainz ein syrisches Restaurant er\u00f6ffnet hat","breadcrumb":{"@id":"https:\/\/amalhamburg.de\/de\/2024\/01\/31\/meine-geschichte\/#breadcrumb"},"inLanguage":"de","potentialAction":[{"@type":"ReadAction","target":["https:\/\/amalhamburg.de\/de\/2024\/01\/31\/meine-geschichte\/"]}]},{"@type":"ImageObject","inLanguage":"de","@id":"https:\/\/amalhamburg.de\/de\/2024\/01\/31\/meine-geschichte\/#primaryimage","url":"https:\/\/amalhamburg.de\/wp-content\/uploads\/sites\/2\/2024\/01\/meine-geschichte-NlxBi7eRFfE.jpg","contentUrl":"https:\/\/amalhamburg.de\/wp-content\/uploads\/sites\/2\/2024\/01\/meine-geschichte-NlxBi7eRFfE.jpg","width":1280,"height":720},{"@type":"BreadcrumbList","@id":"https:\/\/amalhamburg.de\/de\/2024\/01\/31\/meine-geschichte\/#breadcrumb","itemListElement":[{"@type":"ListItem","position":1,"name":"Home","item":"https:\/\/amalhamburg.de\/de\/"},{"@type":"ListItem","position":2,"name":"Meine Geschichte!"}]},{"@type":"WebSite","@id":"https:\/\/amalhamburg.de\/de\/#website","url":"https:\/\/amalhamburg.de\/de\/","name":"Amal, Hamburg!","description":"","potentialAction":[{"@type":"SearchAction","target":{"@type":"EntryPoint","urlTemplate":"https:\/\/amalhamburg.de\/de\/?s={search_term_string}"},"query-input":{"@type":"PropertyValueSpecification","valueRequired":true,"valueName":"search_term_string"}}],"inLanguage":"de"},{"@type":"Person","@id":"https:\/\/amalhamburg.de\/de\/#\/schema\/person\/1db4978a4b8a2676c406dbe05f1c1e37","name":"Souzan Nassri","image":{"@type":"ImageObject","inLanguage":"de","@id":"https:\/\/amalhamburg.de\/wp-content\/uploads\/sites\/2\/2023\/07\/image-20-150x150-1-125x125.jpeg","url":"https:\/\/amalhamburg.de\/wp-content\/uploads\/sites\/2\/2023\/07\/image-20-150x150-1-125x125.jpeg","contentUrl":"https:\/\/amalhamburg.de\/wp-content\/uploads\/sites\/2\/2023\/07\/image-20-150x150-1-125x125.jpeg","caption":"Souzan Nassri"},"description":"Souzan Nasri studierte Germanistik und Erziehungswissenschaften an der Goethe Universit\u00e4t Frankfurt. 2015 hat sie in der T\u00fcrkei im Bereich Audio-Produktionen gearbeitet. 2016 ist sie nach Deutschland gekommen. Sie geh\u00f6rt zu den Gr\u00fcndungsmitgliedern von Amal, Frankfurt! Sie wohnt in Mainz.","url":"https:\/\/amalhamburg.de\/de\/author\/souzan-n\/"}]}},"_links":{"self":[{"href":"https:\/\/amalhamburg.de\/de\/wp-json\/wp\/v2\/posts\/94739","targetHints":{"allow":["GET"]}}],"collection":[{"href":"https:\/\/amalhamburg.de\/de\/wp-json\/wp\/v2\/posts"}],"about":[{"href":"https:\/\/amalhamburg.de\/de\/wp-json\/wp\/v2\/types\/post"}],"author":[{"embeddable":true,"href":"https:\/\/amalhamburg.de\/de\/wp-json\/wp\/v2\/users\/48"}],"replies":[{"embeddable":true,"href":"https:\/\/amalhamburg.de\/de\/wp-json\/wp\/v2\/comments?post=94739"}],"version-history":[{"count":1,"href":"https:\/\/amalhamburg.de\/de\/wp-json\/wp\/v2\/posts\/94739\/revisions"}],"predecessor-version":[{"id":94740,"href":"https:\/\/amalhamburg.de\/de\/wp-json\/wp\/v2\/posts\/94739\/revisions\/94740"}],"wp:featuredmedia":[{"embeddable":true,"href":"https:\/\/amalhamburg.de\/de\/wp-json\/wp\/v2\/media\/94741"}],"wp:attachment":[{"href":"https:\/\/amalhamburg.de\/de\/wp-json\/wp\/v2\/media?parent=94739"}],"wp:term":[{"taxonomy":"category","embeddable":true,"href":"https:\/\/amalhamburg.de\/de\/wp-json\/wp\/v2\/categories?post=94739"},{"taxonomy":"post_tag","embeddable":true,"href":"https:\/\/amalhamburg.de\/de\/wp-json\/wp\/v2\/tags?post=94739"}],"curies":[{"name":"wp","href":"https:\/\/api.w.org\/{rel}","templated":true}]}}