{"id":9018,"date":"2019-08-02T16:46:07","date_gmt":"2019-08-02T14:46:07","guid":{"rendered":"https:\/\/amalhamburg.de\/?p=9018"},"modified":"2019-12-08T00:51:29","modified_gmt":"2019-12-07T23:51:29","slug":"vom-grau-zum-gruen-ein-jahr-familiennachzug","status":"publish","type":"post","link":"https:\/\/amalhamburg.de\/de\/2019\/08\/02\/vom-grau-zum-gruen-ein-jahr-familiennachzug\/","title":{"rendered":"Vom Grau zum Gr\u00fcn \u2013 ein Jahr Familiennachzug"},"content":{"rendered":"<p>Es ist alles ganz sch\u00f6n bunt hier. Und wir bei Amal hoffen, dass das auch so bleibt. Gerade schreiben Kolleginnen und Kollegen an einem Kommentar zu dem gruseligen Mord in Stuttgart, wo ein Mann seinen ehemaligen Mitbewohner mit einem Schwert erschlagen hat. Jene, die eine unbunte Republik schaffen wollen, betonen lautstark die Herkunft des Mannes (Syrer? Pal\u00e4stinenser? Fl\u00fcchtling! Seit 2015 im Land!). Diesem d\u00fcsteren S\u00e4belrasseln setzen wir mit diesem Rundbrief eine geballte Menge Farbe entgegen.<\/p>\n<h3>Kunterbunt angemalt<\/h3>\n<p>Eines Tages, erz\u00e4hlt Omid Rezaee, bewarb sich ein junger Mann aus Saudi Arabien um ein Zimer in seiner WG. Sofort gingen bei den Mitbewohnern die Alarmglocken an. Saudi Arabien \u2013 das konnte nicht gut gehen. Sicher w\u00e4re der Typ ein fieser Macho und ausgesprochen Homo-Feindlich. Trotzdem bekam der Bewerber \u2013 er hie\u00df Mohammad \u2013 das Zimmer und zog ein. Omid traf den neuen Mitbewohner nun Abend f\u00fcr Abend in der K\u00fcche \u2013 und erlebte so manche \u00dcberraschung. Bald war er dabei, wenn der Mann sich f\u00fcrs Nachtleben sch\u00f6n machte, die Finger lackierte, die Augen schminkte \u2013 und durch die Homobars der Stadt zog. So kann man sich t\u00e4uschen. Hier geht es zu dem\u00a0 <a href=\"https:\/\/amalhamburg.de\/fa\/2019\/07\/31\/%d9%85%d9%86-%d9%88-%d9%87%d9%85%e2%80%8c%d8%ae%d8%a7%d9%86%d9%87%e2%80%8c-%d8%b3%d8%b9%d9%88%d8%af%db%8c%e2%80%8c%d8%a7%d9%85-%d8%af%d8%b1-%d8%a2%d9%84%d8%aa%d9%88%d9%86%d8%a7-%d8%aa%d8%ac%d8%b1\/\">sehr pers\u00f6nlichen Bericht <\/a>von Omid Rezaee.<\/p>\n<h3>Vom Grau zum Gr\u00fcn<\/h3>\n<p>Es war im Sommer 2018, dass erstmals wieder im begrenzten Umfang Gefl\u00fcchtete enge Familienangeh\u00f6rigen nach Deutschland nachholen konnten. <a href=\"https:\/\/amalhamburg.de\/2019\/07\/31\/%d8%b9%d8%a7%d9%85-%d8%b9%d9%84%d9%89-%d8%ad%d8%b5%d8%b5-%d9%84%d9%85-%d8%a7%d9%84%d8%b4%d9%85%d9%84-30-%d8%a3%d9%84%d9%81-%d9%84%d8%a7%d8%ac%d8%a6-%d9%8a%d9%86%d8%aa%d8%b8%d8%b1%d9%88%d9%86-%d8%a3\/\">Khalid Alaboud hat einige der Familien getroffen<\/a>, die seither von dieser M\u00f6glichkeit gebraucht gemacht haben. \u201eAlles war grau bis zu dem Tag, an dem meine Familie ihr Visum bekam\u201c, erinnert sich Nizar al-Hajj im Gespr\u00e4ch. Seit die Familie wiedr vereint ist, erlebt Nizar sein Leben wieder als gr\u00fcn, der Mut, der ihn zu lange verlassen hatte, ist zur\u00fcckgekehrt. Der lange Weg durch die M\u00fchlen der B\u00fcrokratie hat sich gelohnt. Gerne \u00fcbersetzen wir diesen Artikel f\u00fcr deutsche Medien. Melden Sie sich bei Interesse einfach unter <a href=\"mailto:info@amalberlin.de\">info@amalhamburg.de<\/a>.<\/p>\n<p>&nbsp;<\/p>\n<h3>Mit Amal an den Strand<\/h3>\n<p>Es muss ja nicht gleich ein ganzer Urlaub sein \u2013 manchmal hilft es schon, einfach mal f\u00fcr einen Tag dem Alltag den R\u00fccken zu kehren und die Welt um sich herum zu erkunden. So hat Amal-Reporter Mutaz Enjila seine Familie zu einem Ausflug an die Ostsee mitgenommen. In Kiel und am Strand von Laboe mischten sie sich in den Sommertrubel, spielten am Strand und im kalten Wasser \u2013 und mit einem Mal wurde ihnen klar, dass es nun schon sieben Jahre her war, dass sie zum letzten Mal am Strand gewesen waren, damals in Syrien, vor der Flucht. <a href=\"https:\/\/amalhamburg.de\/fa\/2019\/07\/31\/%d9%85%d9%86-%d9%88-%d9%87%d9%85%e2%80%8c%d8%ae%d8%a7%d9%86%d9%87%e2%80%8c-%d8%b3%d8%b9%d9%88%d8%af%db%8c%e2%80%8c%d8%a7%d9%85-%d8%af%d8%b1-%d8%a2%d9%84%d8%aa%d9%88%d9%86%d8%a7-%d8%aa%d8%ac%d8%b1\/\">Den Reisebericht finden Sie hier.<\/a><\/p>\n<h3>Bunte Vielfalt<\/h3>\n<p>Zum Sommer in der Stadt geh\u00f6rt auch das fr\u00f6hliche Treiben rund um den Christopher Street Day. Gleich mehrere Amal-Reporter haben sich diesmal aufgemacht, dar\u00fcber zu berichten. Besonders eindr\u00fccklich sind die Bilder von Maryam Mardani aus Berlin. Sie hat das Strahlen in den Gesichtern der Feiernden eingefangen \u2013 und spiegelt auch das Gef\u00fchl, dass es f\u00fcr viele Schwulen, Lesben und andere queere Menschen ganz normal ist, Hand in Hand durchs Leben zu gehen. Die Bildergeschichten finden Sie <a href=\"https:\/\/amalberlin.de\/fa\/2019\/07\/30\/\u0631\u0698\u0647\u200c\u06cc-\u0637\u06cc\u0641\u200c\u0647\u0627\u06cc-\u0645\u062e\u062a\u0644\u0641-\u062c\u0646\u0633\u06cc-\u062f\u0631-\u0628\u0631\u0644\u06cc\u0646\/\">hier<\/a> und <a href=\"https:\/\/amalberlin.de\/2019\/07\/31\/\u0645\u0644\u064a\u0648\u0646-\u0634\u062e\u0635-\u0634\u0627\u0631\u0643-\u0628\u0645\u0633\u064a\u0631\u0629-\u064a\u0648\u0645-\u0634\u0627\u0631\u0639-\u0643\u0631\u064a\u0633\u062a\u0648\u0641\/\">hier<\/a> und <a href=\"https:\/\/amalberlin.de\/fa\/2019\/07\/24\/\u0631\u0646\u06af\u06cc\u0646-\u06a9\u0645\u0627\u0646-\u0628\u0631\u0644\u06cc\u0646\/\">hier<\/a>.<\/p>\n<p>&nbsp;<\/p>\n<h3>Afghan-Rap<\/h3>\n<p>Bezhan Zafarmal ist der wohl bekannteste afghanische Rapper. Besser bekannt ist er unter seinem B\u00fchnennamen DJ Besho. Geboren ist er 1977 in Kundus. Als er zehn Jahre alt war, beschlossen seine Eltern zu fliehen. Sie zogen nach Indien, China, Russland und schlie\u00dflich nach Wiesbaden, wo Bezhan heute lebt. Das Rappen hat er in Peking gelernt, in Wiesbaden gr\u00fcndete er dann sein eigenes Label. Seine Botschaft: Macht Frieden, nicht Krieg. <a href=\"https:\/\/amalberlin.de\/fa\/2019\/07\/15\/\u06af\u0641\u062a\u06af\u0648-\u0628\u0627-\u0628\u06cc\u0698\u0646-\u062c\u0627\u0646-\u06a9\u0646\u062f\u0648\u0632\u06cc-\u06cc\u0627-\u0628\u064a\u0698\u0646-\u0638\u0641\u0631\u0645\u0644-\u0631\/\">Im Interview mit Dawod Adil<\/a> erz\u00e4hlt Bezhan aus seinem bewegten Leben \u2013 und rappt dabei, was schwer zu \u00fcbersetzen ist. Deshalb ist dieses Video denn auch ohne Untertitel.<\/p>\n<p>Foto: Maryam Mardani<\/p>\n","protected":false},"excerpt":{"rendered":"<p>Es ist alles ganz sch\u00f6n bunt hier. Und wir bei Amal hoffen, dass das auch so bleibt. Gerade schreiben Kolleginnen und Kollegen an einem Kommentar zu dem gruseligen Mord in Stuttgart, wo ein Mann seinen ehemaligen Mitbewohner mit einem Schwert erschlagen hat. Jene, die eine unbunte Republik schaffen wollen, betonen lautstark die Herkunft des Mannes&#8230;  <a class=\"excerpt-read-more\" href=\"https:\/\/amalhamburg.de\/de\/2019\/08\/02\/vom-grau-zum-gruen-ein-jahr-familiennachzug\/\" title=\"Read Vom Grau zum Gr\u00fcn \u2013 ein Jahr Familiennachzug\">Weiter &raquo;<\/a><\/p>\n","protected":false},"author":10,"featured_media":9019,"comment_status":"closed","ping_status":"open","sticky":false,"template":"","format":"standard","meta":{"_acf_changed":false,"footnotes":""},"categories":[37],"tags":[],"class_list":["post-9018","post","type-post","status-publish","format-standard","has-post-thumbnail","hentry","category-unkategorisiert"],"acf":[],"yoast_head":"<!-- This site is optimized with the Yoast SEO plugin v27.5 - https:\/\/yoast.com\/product\/yoast-seo-wordpress\/ -->\n<title>Vom Grau zum Gr\u00fcn \u2013 ein Jahr Familiennachzug - Amal, Hamburg!<\/title>\n<meta name=\"robots\" content=\"index, follow, max-snippet:-1, max-image-preview:large, max-video-preview:-1\" \/>\n<link rel=\"canonical\" href=\"https:\/\/amalhamburg.de\/de\/2019\/08\/02\/vom-grau-zum-gruen-ein-jahr-familiennachzug\/\" \/>\n<meta property=\"og:locale\" content=\"de_DE\" \/>\n<meta property=\"og:type\" content=\"article\" \/>\n<meta property=\"og:title\" content=\"Vom Grau zum Gr\u00fcn \u2013 ein Jahr Familiennachzug - Amal, Hamburg!\" \/>\n<meta property=\"og:description\" content=\"Es ist alles ganz sch\u00f6n bunt hier. Und wir bei Amal hoffen, dass das auch so bleibt. Gerade schreiben Kolleginnen und Kollegen an einem Kommentar zu dem gruseligen Mord in Stuttgart, wo ein Mann seinen ehemaligen Mitbewohner mit einem Schwert erschlagen hat. Jene, die eine unbunte Republik schaffen wollen, betonen lautstark die Herkunft des Mannes... Weiter &raquo;\" \/>\n<meta property=\"og:url\" content=\"https:\/\/amalhamburg.de\/de\/2019\/08\/02\/vom-grau-zum-gruen-ein-jahr-familiennachzug\/\" \/>\n<meta property=\"og:site_name\" content=\"Amal, Hamburg!\" \/>\n<meta property=\"article:published_time\" content=\"2019-08-02T14:46:07+00:00\" \/>\n<meta property=\"article:modified_time\" content=\"2019-12-07T23:51:29+00:00\" \/>\n<meta property=\"og:image\" content=\"https:\/\/amalhamburg.de\/wp-content\/uploads\/sites\/2\/2019\/08\/DSC_1175.jpg\" \/>\n\t<meta property=\"og:image:width\" content=\"1200\" \/>\n\t<meta property=\"og:image:height\" content=\"797\" \/>\n\t<meta property=\"og:image:type\" content=\"image\/jpeg\" \/>\n<meta name=\"author\" content=\"Cornelia Gerlach\" \/>\n<meta name=\"twitter:card\" content=\"summary_large_image\" \/>\n<meta name=\"twitter:label1\" content=\"Verfasst von\" \/>\n\t<meta name=\"twitter:data1\" content=\"Cornelia Gerlach\" \/>\n\t<meta name=\"twitter:label2\" content=\"Gesch\u00e4tzte Lesezeit\" \/>\n\t<meta name=\"twitter:data2\" content=\"3\u00a0Minuten\" \/>\n<script type=\"application\/ld+json\" class=\"yoast-schema-graph\">{\"@context\":\"https:\\\/\\\/schema.org\",\"@graph\":[{\"@type\":\"Article\",\"@id\":\"https:\\\/\\\/amalhamburg.de\\\/de\\\/2019\\\/08\\\/02\\\/vom-grau-zum-gruen-ein-jahr-familiennachzug\\\/#article\",\"isPartOf\":{\"@id\":\"https:\\\/\\\/amalhamburg.de\\\/de\\\/2019\\\/08\\\/02\\\/vom-grau-zum-gruen-ein-jahr-familiennachzug\\\/\"},\"author\":{\"name\":\"Cornelia Gerlach\",\"@id\":\"https:\\\/\\\/amalhamburg.de\\\/de\\\/#\\\/schema\\\/person\\\/b38c2d45c0eb9b9e994801d3f87a2247\"},\"headline\":\"Vom Grau zum Gr\u00fcn \u2013 ein Jahr Familiennachzug\",\"datePublished\":\"2019-08-02T14:46:07+00:00\",\"dateModified\":\"2019-12-07T23:51:29+00:00\",\"mainEntityOfPage\":{\"@id\":\"https:\\\/\\\/amalhamburg.de\\\/de\\\/2019\\\/08\\\/02\\\/vom-grau-zum-gruen-ein-jahr-familiennachzug\\\/\"},\"wordCount\":630,\"image\":{\"@id\":\"https:\\\/\\\/amalhamburg.de\\\/de\\\/2019\\\/08\\\/02\\\/vom-grau-zum-gruen-ein-jahr-familiennachzug\\\/#primaryimage\"},\"thumbnailUrl\":\"https:\\\/\\\/amalhamburg.de\\\/wp-content\\\/uploads\\\/sites\\\/2\\\/2019\\\/08\\\/DSC_1175.jpg\",\"articleSection\":[\"Unkategorisiert\"],\"inLanguage\":\"de\"},{\"@type\":\"WebPage\",\"@id\":\"https:\\\/\\\/amalhamburg.de\\\/de\\\/2019\\\/08\\\/02\\\/vom-grau-zum-gruen-ein-jahr-familiennachzug\\\/\",\"url\":\"https:\\\/\\\/amalhamburg.de\\\/de\\\/2019\\\/08\\\/02\\\/vom-grau-zum-gruen-ein-jahr-familiennachzug\\\/\",\"name\":\"Vom Grau zum Gr\u00fcn \u2013 ein Jahr Familiennachzug - Amal, Hamburg!\",\"isPartOf\":{\"@id\":\"https:\\\/\\\/amalhamburg.de\\\/de\\\/#website\"},\"primaryImageOfPage\":{\"@id\":\"https:\\\/\\\/amalhamburg.de\\\/de\\\/2019\\\/08\\\/02\\\/vom-grau-zum-gruen-ein-jahr-familiennachzug\\\/#primaryimage\"},\"image\":{\"@id\":\"https:\\\/\\\/amalhamburg.de\\\/de\\\/2019\\\/08\\\/02\\\/vom-grau-zum-gruen-ein-jahr-familiennachzug\\\/#primaryimage\"},\"thumbnailUrl\":\"https:\\\/\\\/amalhamburg.de\\\/wp-content\\\/uploads\\\/sites\\\/2\\\/2019\\\/08\\\/DSC_1175.jpg\",\"datePublished\":\"2019-08-02T14:46:07+00:00\",\"dateModified\":\"2019-12-07T23:51:29+00:00\",\"author\":{\"@id\":\"https:\\\/\\\/amalhamburg.de\\\/de\\\/#\\\/schema\\\/person\\\/b38c2d45c0eb9b9e994801d3f87a2247\"},\"breadcrumb\":{\"@id\":\"https:\\\/\\\/amalhamburg.de\\\/de\\\/2019\\\/08\\\/02\\\/vom-grau-zum-gruen-ein-jahr-familiennachzug\\\/#breadcrumb\"},\"inLanguage\":\"de\",\"potentialAction\":[{\"@type\":\"ReadAction\",\"target\":[\"https:\\\/\\\/amalhamburg.de\\\/de\\\/2019\\\/08\\\/02\\\/vom-grau-zum-gruen-ein-jahr-familiennachzug\\\/\"]}]},{\"@type\":\"ImageObject\",\"inLanguage\":\"de\",\"@id\":\"https:\\\/\\\/amalhamburg.de\\\/de\\\/2019\\\/08\\\/02\\\/vom-grau-zum-gruen-ein-jahr-familiennachzug\\\/#primaryimage\",\"url\":\"https:\\\/\\\/amalhamburg.de\\\/wp-content\\\/uploads\\\/sites\\\/2\\\/2019\\\/08\\\/DSC_1175.jpg\",\"contentUrl\":\"https:\\\/\\\/amalhamburg.de\\\/wp-content\\\/uploads\\\/sites\\\/2\\\/2019\\\/08\\\/DSC_1175.jpg\",\"width\":1200,\"height\":797},{\"@type\":\"BreadcrumbList\",\"@id\":\"https:\\\/\\\/amalhamburg.de\\\/de\\\/2019\\\/08\\\/02\\\/vom-grau-zum-gruen-ein-jahr-familiennachzug\\\/#breadcrumb\",\"itemListElement\":[{\"@type\":\"ListItem\",\"position\":1,\"name\":\"Home\",\"item\":\"https:\\\/\\\/amalhamburg.de\\\/de\\\/\"},{\"@type\":\"ListItem\",\"position\":2,\"name\":\"Vom Grau zum Gr\u00fcn \u2013 ein Jahr Familiennachzug\"}]},{\"@type\":\"WebSite\",\"@id\":\"https:\\\/\\\/amalhamburg.de\\\/de\\\/#website\",\"url\":\"https:\\\/\\\/amalhamburg.de\\\/de\\\/\",\"name\":\"Amal, Hamburg!\",\"description\":\"\",\"potentialAction\":[{\"@type\":\"SearchAction\",\"target\":{\"@type\":\"EntryPoint\",\"urlTemplate\":\"https:\\\/\\\/amalhamburg.de\\\/de\\\/?s={search_term_string}\"},\"query-input\":{\"@type\":\"PropertyValueSpecification\",\"valueRequired\":true,\"valueName\":\"search_term_string\"}}],\"inLanguage\":\"de\"},{\"@type\":\"Person\",\"@id\":\"https:\\\/\\\/amalhamburg.de\\\/de\\\/#\\\/schema\\\/person\\\/b38c2d45c0eb9b9e994801d3f87a2247\",\"name\":\"Cornelia Gerlach\",\"image\":{\"@type\":\"ImageObject\",\"inLanguage\":\"de\",\"@id\":\"https:\\\/\\\/amalhamburg.de\\\/wp-content\\\/uploads\\\/sites\\\/2\\\/2019\\\/04\\\/aaaCornelia_Gerlach-125x125.jpg\",\"url\":\"https:\\\/\\\/amalhamburg.de\\\/wp-content\\\/uploads\\\/sites\\\/2\\\/2019\\\/04\\\/aaaCornelia_Gerlach-125x125.jpg\",\"contentUrl\":\"https:\\\/\\\/amalhamburg.de\\\/wp-content\\\/uploads\\\/sites\\\/2\\\/2019\\\/04\\\/aaaCornelia_Gerlach-125x125.jpg\",\"caption\":\"Cornelia Gerlach\"},\"description\":\"Cornelia Gerlach ist Projektleiterin bei Amal, Berlin! Daneben arbeitet sie als freie Journalistin und Dozentin f\u00fcr Reportage und Storytelling.\",\"url\":\"https:\\\/\\\/amalhamburg.de\\\/de\\\/author\\\/conny\\\/\"}]}<\/script>\n<!-- \/ Yoast SEO plugin. -->","yoast_head_json":{"title":"Vom Grau zum Gr\u00fcn \u2013 ein Jahr Familiennachzug - Amal, Hamburg!","robots":{"index":"index","follow":"follow","max-snippet":"max-snippet:-1","max-image-preview":"max-image-preview:large","max-video-preview":"max-video-preview:-1"},"canonical":"https:\/\/amalhamburg.de\/de\/2019\/08\/02\/vom-grau-zum-gruen-ein-jahr-familiennachzug\/","og_locale":"de_DE","og_type":"article","og_title":"Vom Grau zum Gr\u00fcn \u2013 ein Jahr Familiennachzug - Amal, Hamburg!","og_description":"Es ist alles ganz sch\u00f6n bunt hier. Und wir bei Amal hoffen, dass das auch so bleibt. Gerade schreiben Kolleginnen und Kollegen an einem Kommentar zu dem gruseligen Mord in Stuttgart, wo ein Mann seinen ehemaligen Mitbewohner mit einem Schwert erschlagen hat. Jene, die eine unbunte Republik schaffen wollen, betonen lautstark die Herkunft des Mannes... Weiter &raquo;","og_url":"https:\/\/amalhamburg.de\/de\/2019\/08\/02\/vom-grau-zum-gruen-ein-jahr-familiennachzug\/","og_site_name":"Amal, Hamburg!","article_published_time":"2019-08-02T14:46:07+00:00","article_modified_time":"2019-12-07T23:51:29+00:00","og_image":[{"width":1200,"height":797,"url":"https:\/\/amalhamburg.de\/wp-content\/uploads\/sites\/2\/2019\/08\/DSC_1175.jpg","type":"image\/jpeg"}],"author":"Cornelia Gerlach","twitter_card":"summary_large_image","twitter_misc":{"Verfasst von":"Cornelia Gerlach","Gesch\u00e4tzte Lesezeit":"3\u00a0Minuten"},"schema":{"@context":"https:\/\/schema.org","@graph":[{"@type":"Article","@id":"https:\/\/amalhamburg.de\/de\/2019\/08\/02\/vom-grau-zum-gruen-ein-jahr-familiennachzug\/#article","isPartOf":{"@id":"https:\/\/amalhamburg.de\/de\/2019\/08\/02\/vom-grau-zum-gruen-ein-jahr-familiennachzug\/"},"author":{"name":"Cornelia Gerlach","@id":"https:\/\/amalhamburg.de\/de\/#\/schema\/person\/b38c2d45c0eb9b9e994801d3f87a2247"},"headline":"Vom Grau zum Gr\u00fcn \u2013 ein Jahr Familiennachzug","datePublished":"2019-08-02T14:46:07+00:00","dateModified":"2019-12-07T23:51:29+00:00","mainEntityOfPage":{"@id":"https:\/\/amalhamburg.de\/de\/2019\/08\/02\/vom-grau-zum-gruen-ein-jahr-familiennachzug\/"},"wordCount":630,"image":{"@id":"https:\/\/amalhamburg.de\/de\/2019\/08\/02\/vom-grau-zum-gruen-ein-jahr-familiennachzug\/#primaryimage"},"thumbnailUrl":"https:\/\/amalhamburg.de\/wp-content\/uploads\/sites\/2\/2019\/08\/DSC_1175.jpg","articleSection":["Unkategorisiert"],"inLanguage":"de"},{"@type":"WebPage","@id":"https:\/\/amalhamburg.de\/de\/2019\/08\/02\/vom-grau-zum-gruen-ein-jahr-familiennachzug\/","url":"https:\/\/amalhamburg.de\/de\/2019\/08\/02\/vom-grau-zum-gruen-ein-jahr-familiennachzug\/","name":"Vom Grau zum Gr\u00fcn \u2013 ein Jahr Familiennachzug - Amal, Hamburg!","isPartOf":{"@id":"https:\/\/amalhamburg.de\/de\/#website"},"primaryImageOfPage":{"@id":"https:\/\/amalhamburg.de\/de\/2019\/08\/02\/vom-grau-zum-gruen-ein-jahr-familiennachzug\/#primaryimage"},"image":{"@id":"https:\/\/amalhamburg.de\/de\/2019\/08\/02\/vom-grau-zum-gruen-ein-jahr-familiennachzug\/#primaryimage"},"thumbnailUrl":"https:\/\/amalhamburg.de\/wp-content\/uploads\/sites\/2\/2019\/08\/DSC_1175.jpg","datePublished":"2019-08-02T14:46:07+00:00","dateModified":"2019-12-07T23:51:29+00:00","author":{"@id":"https:\/\/amalhamburg.de\/de\/#\/schema\/person\/b38c2d45c0eb9b9e994801d3f87a2247"},"breadcrumb":{"@id":"https:\/\/amalhamburg.de\/de\/2019\/08\/02\/vom-grau-zum-gruen-ein-jahr-familiennachzug\/#breadcrumb"},"inLanguage":"de","potentialAction":[{"@type":"ReadAction","target":["https:\/\/amalhamburg.de\/de\/2019\/08\/02\/vom-grau-zum-gruen-ein-jahr-familiennachzug\/"]}]},{"@type":"ImageObject","inLanguage":"de","@id":"https:\/\/amalhamburg.de\/de\/2019\/08\/02\/vom-grau-zum-gruen-ein-jahr-familiennachzug\/#primaryimage","url":"https:\/\/amalhamburg.de\/wp-content\/uploads\/sites\/2\/2019\/08\/DSC_1175.jpg","contentUrl":"https:\/\/amalhamburg.de\/wp-content\/uploads\/sites\/2\/2019\/08\/DSC_1175.jpg","width":1200,"height":797},{"@type":"BreadcrumbList","@id":"https:\/\/amalhamburg.de\/de\/2019\/08\/02\/vom-grau-zum-gruen-ein-jahr-familiennachzug\/#breadcrumb","itemListElement":[{"@type":"ListItem","position":1,"name":"Home","item":"https:\/\/amalhamburg.de\/de\/"},{"@type":"ListItem","position":2,"name":"Vom Grau zum Gr\u00fcn \u2013 ein Jahr Familiennachzug"}]},{"@type":"WebSite","@id":"https:\/\/amalhamburg.de\/de\/#website","url":"https:\/\/amalhamburg.de\/de\/","name":"Amal, Hamburg!","description":"","potentialAction":[{"@type":"SearchAction","target":{"@type":"EntryPoint","urlTemplate":"https:\/\/amalhamburg.de\/de\/?s={search_term_string}"},"query-input":{"@type":"PropertyValueSpecification","valueRequired":true,"valueName":"search_term_string"}}],"inLanguage":"de"},{"@type":"Person","@id":"https:\/\/amalhamburg.de\/de\/#\/schema\/person\/b38c2d45c0eb9b9e994801d3f87a2247","name":"Cornelia Gerlach","image":{"@type":"ImageObject","inLanguage":"de","@id":"https:\/\/amalhamburg.de\/wp-content\/uploads\/sites\/2\/2019\/04\/aaaCornelia_Gerlach-125x125.jpg","url":"https:\/\/amalhamburg.de\/wp-content\/uploads\/sites\/2\/2019\/04\/aaaCornelia_Gerlach-125x125.jpg","contentUrl":"https:\/\/amalhamburg.de\/wp-content\/uploads\/sites\/2\/2019\/04\/aaaCornelia_Gerlach-125x125.jpg","caption":"Cornelia Gerlach"},"description":"Cornelia Gerlach ist Projektleiterin bei Amal, Berlin! Daneben arbeitet sie als freie Journalistin und Dozentin f\u00fcr Reportage und Storytelling.","url":"https:\/\/amalhamburg.de\/de\/author\/conny\/"}]}},"_links":{"self":[{"href":"https:\/\/amalhamburg.de\/de\/wp-json\/wp\/v2\/posts\/9018","targetHints":{"allow":["GET"]}}],"collection":[{"href":"https:\/\/amalhamburg.de\/de\/wp-json\/wp\/v2\/posts"}],"about":[{"href":"https:\/\/amalhamburg.de\/de\/wp-json\/wp\/v2\/types\/post"}],"author":[{"embeddable":true,"href":"https:\/\/amalhamburg.de\/de\/wp-json\/wp\/v2\/users\/10"}],"replies":[{"embeddable":true,"href":"https:\/\/amalhamburg.de\/de\/wp-json\/wp\/v2\/comments?post=9018"}],"version-history":[{"count":2,"href":"https:\/\/amalhamburg.de\/de\/wp-json\/wp\/v2\/posts\/9018\/revisions"}],"predecessor-version":[{"id":9414,"href":"https:\/\/amalhamburg.de\/de\/wp-json\/wp\/v2\/posts\/9018\/revisions\/9414"}],"wp:featuredmedia":[{"embeddable":true,"href":"https:\/\/amalhamburg.de\/de\/wp-json\/wp\/v2\/media\/9019"}],"wp:attachment":[{"href":"https:\/\/amalhamburg.de\/de\/wp-json\/wp\/v2\/media?parent=9018"}],"wp:term":[{"taxonomy":"category","embeddable":true,"href":"https:\/\/amalhamburg.de\/de\/wp-json\/wp\/v2\/categories?post=9018"},{"taxonomy":"post_tag","embeddable":true,"href":"https:\/\/amalhamburg.de\/de\/wp-json\/wp\/v2\/tags?post=9018"}],"curies":[{"name":"wp","href":"https:\/\/api.w.org\/{rel}","templated":true}]}}