{"id":71391,"date":"2022-08-24T16:01:49","date_gmt":"2022-08-24T14:01:49","guid":{"rendered":"https:\/\/amalhamburg.de\/?p=71391"},"modified":"2022-08-24T16:01:49","modified_gmt":"2022-08-24T14:01:49","slug":"aus-liebe-zur-eigenen-sprache","status":"publish","type":"post","link":"https:\/\/amalhamburg.de\/de\/2022\/08\/24\/aus-liebe-zur-eigenen-sprache\/","title":{"rendered":"Aus Liebe zur eigenen Sprache"},"content":{"rendered":"<p class=\"western\"><span style=\"font-family: Arial, sans-serif;\"><span style=\"font-size: medium;\">Ein Team von Ehrenamtlichen hat in Hamburg Sprachkurse f\u00fcr afghanische Kinder eingerichtet. Sie wollen, dass die Jungen und M\u00e4dchen die Sprache ihrer Familien lernen und in der Lage sind, sich auf Dari auszudr\u00fccken. Amal-Reporter Jalal Hussaini hat diesen Kurs besucht. Besonders beeindruckt hat ihn die liebevolle Art, wie die Lehrer versuchen, in den Kleinen die Liebe zur Sprache zu wecken. Sein Video gibt es hier. <\/span><\/span><\/p>\n","protected":false},"excerpt":{"rendered":"<p>Ein Team von Ehrenamtlichen hat in Hamburg Sprachkurse f\u00fcr afghanische Kinder eingerichtet. Sie wollen, dass die Jungen und M\u00e4dchen die Sprache ihrer Familien lernen und in der Lage sind, sich auf Dari auszudr\u00fccken. Amal-Reporter Jalal Hussaini hat diesen Kurs besucht. Besonders beeindruckt hat ihn die liebevolle Art, wie die Lehrer versuchen, in den Kleinen die&#8230;  <a class=\"excerpt-read-more\" href=\"https:\/\/amalhamburg.de\/de\/2022\/08\/24\/aus-liebe-zur-eigenen-sprache\/\" title=\"Read Aus Liebe zur eigenen Sprache\">Weiter &raquo;<\/a><\/p>\n","protected":false},"author":10,"featured_media":71395,"comment_status":"closed","ping_status":"open","sticky":false,"template":"","format":"standard","meta":{"_acf_changed":false,"footnotes":""},"categories":[6682],"tags":[],"class_list":["post-71391","post","type-post","status-publish","format-standard","has-post-thumbnail","hentry","category-zusammenhalt"],"acf":[],"yoast_head":"<!-- This site is optimized with the Yoast SEO plugin v27.5 - https:\/\/yoast.com\/product\/yoast-seo-wordpress\/ -->\n<title>Aus Liebe zur eigenen Sprache - Amal, Hamburg!<\/title>\n<meta name=\"description\" content=\"Ein Team von Ehrenamtlichen hat in Hamburg Sprachkurse f\u00fcr afghanische Kinder eingerichtet. Sie wollen, dass die Jungen und M\u00e4dchen die Sprache ihrer Familien lernen.\" \/>\n<meta name=\"robots\" content=\"index, follow, max-snippet:-1, max-image-preview:large, max-video-preview:-1\" \/>\n<link rel=\"canonical\" href=\"https:\/\/amalhamburg.de\/de\/2022\/08\/24\/aus-liebe-zur-eigenen-sprache\/\" \/>\n<meta property=\"og:locale\" content=\"de_DE\" \/>\n<meta property=\"og:type\" content=\"article\" \/>\n<meta property=\"og:title\" content=\"Aus Liebe zur eigenen Sprache - Amal, Hamburg!\" \/>\n<meta property=\"og:description\" content=\"Ein Team von Ehrenamtlichen hat in Hamburg Sprachkurse f\u00fcr afghanische Kinder eingerichtet. Sie wollen, dass die Jungen und M\u00e4dchen die Sprache ihrer Familien lernen.\" \/>\n<meta property=\"og:url\" content=\"https:\/\/amalhamburg.de\/de\/2022\/08\/24\/aus-liebe-zur-eigenen-sprache\/\" \/>\n<meta property=\"og:site_name\" content=\"Amal, Hamburg!\" \/>\n<meta property=\"article:published_time\" content=\"2022-08-24T14:01:49+00:00\" \/>\n<meta property=\"og:image\" content=\"https:\/\/amalhamburg.de\/wp-content\/uploads\/sites\/2\/2022\/08\/Untitled-1.png\" \/>\n\t<meta property=\"og:image:width\" content=\"700\" \/>\n\t<meta property=\"og:image:height\" content=\"467\" \/>\n\t<meta property=\"og:image:type\" content=\"image\/png\" \/>\n<meta name=\"author\" content=\"Cornelia Gerlach\" \/>\n<meta name=\"twitter:card\" content=\"summary_large_image\" \/>\n<meta name=\"twitter:label1\" content=\"Verfasst von\" \/>\n\t<meta name=\"twitter:data1\" content=\"Cornelia Gerlach\" \/>\n\t<meta name=\"twitter:label2\" content=\"Gesch\u00e4tzte Lesezeit\" \/>\n\t<meta name=\"twitter:data2\" content=\"1\u00a0Minute\" \/>\n<script type=\"application\/ld+json\" class=\"yoast-schema-graph\">{\"@context\":\"https:\\\/\\\/schema.org\",\"@graph\":[{\"@type\":\"Article\",\"@id\":\"https:\\\/\\\/amalhamburg.de\\\/de\\\/2022\\\/08\\\/24\\\/aus-liebe-zur-eigenen-sprache\\\/#article\",\"isPartOf\":{\"@id\":\"https:\\\/\\\/amalhamburg.de\\\/de\\\/2022\\\/08\\\/24\\\/aus-liebe-zur-eigenen-sprache\\\/\"},\"author\":{\"name\":\"Cornelia Gerlach\",\"@id\":\"https:\\\/\\\/amalhamburg.de\\\/de\\\/#\\\/schema\\\/person\\\/b38c2d45c0eb9b9e994801d3f87a2247\"},\"headline\":\"Aus Liebe zur eigenen Sprache\",\"datePublished\":\"2022-08-24T14:01:49+00:00\",\"mainEntityOfPage\":{\"@id\":\"https:\\\/\\\/amalhamburg.de\\\/de\\\/2022\\\/08\\\/24\\\/aus-liebe-zur-eigenen-sprache\\\/\"},\"wordCount\":73,\"image\":{\"@id\":\"https:\\\/\\\/amalhamburg.de\\\/de\\\/2022\\\/08\\\/24\\\/aus-liebe-zur-eigenen-sprache\\\/#primaryimage\"},\"thumbnailUrl\":\"https:\\\/\\\/amalhamburg.de\\\/wp-content\\\/uploads\\\/sites\\\/2\\\/2022\\\/08\\\/Untitled-1.png\",\"articleSection\":[\"Zusammenhalt\"],\"inLanguage\":\"de\"},{\"@type\":\"WebPage\",\"@id\":\"https:\\\/\\\/amalhamburg.de\\\/de\\\/2022\\\/08\\\/24\\\/aus-liebe-zur-eigenen-sprache\\\/\",\"url\":\"https:\\\/\\\/amalhamburg.de\\\/de\\\/2022\\\/08\\\/24\\\/aus-liebe-zur-eigenen-sprache\\\/\",\"name\":\"Aus Liebe zur eigenen Sprache - Amal, Hamburg!\",\"isPartOf\":{\"@id\":\"https:\\\/\\\/amalhamburg.de\\\/de\\\/#website\"},\"primaryImageOfPage\":{\"@id\":\"https:\\\/\\\/amalhamburg.de\\\/de\\\/2022\\\/08\\\/24\\\/aus-liebe-zur-eigenen-sprache\\\/#primaryimage\"},\"image\":{\"@id\":\"https:\\\/\\\/amalhamburg.de\\\/de\\\/2022\\\/08\\\/24\\\/aus-liebe-zur-eigenen-sprache\\\/#primaryimage\"},\"thumbnailUrl\":\"https:\\\/\\\/amalhamburg.de\\\/wp-content\\\/uploads\\\/sites\\\/2\\\/2022\\\/08\\\/Untitled-1.png\",\"datePublished\":\"2022-08-24T14:01:49+00:00\",\"author\":{\"@id\":\"https:\\\/\\\/amalhamburg.de\\\/de\\\/#\\\/schema\\\/person\\\/b38c2d45c0eb9b9e994801d3f87a2247\"},\"description\":\"Ein Team von Ehrenamtlichen hat in Hamburg Sprachkurse f\u00fcr afghanische Kinder eingerichtet. Sie wollen, dass die Jungen und M\u00e4dchen die Sprache ihrer Familien lernen.\",\"breadcrumb\":{\"@id\":\"https:\\\/\\\/amalhamburg.de\\\/de\\\/2022\\\/08\\\/24\\\/aus-liebe-zur-eigenen-sprache\\\/#breadcrumb\"},\"inLanguage\":\"de\",\"potentialAction\":[{\"@type\":\"ReadAction\",\"target\":[\"https:\\\/\\\/amalhamburg.de\\\/de\\\/2022\\\/08\\\/24\\\/aus-liebe-zur-eigenen-sprache\\\/\"]}]},{\"@type\":\"ImageObject\",\"inLanguage\":\"de\",\"@id\":\"https:\\\/\\\/amalhamburg.de\\\/de\\\/2022\\\/08\\\/24\\\/aus-liebe-zur-eigenen-sprache\\\/#primaryimage\",\"url\":\"https:\\\/\\\/amalhamburg.de\\\/wp-content\\\/uploads\\\/sites\\\/2\\\/2022\\\/08\\\/Untitled-1.png\",\"contentUrl\":\"https:\\\/\\\/amalhamburg.de\\\/wp-content\\\/uploads\\\/sites\\\/2\\\/2022\\\/08\\\/Untitled-1.png\",\"width\":700,\"height\":467,\"caption\":\"Foto: Jalal Hussaini\"},{\"@type\":\"BreadcrumbList\",\"@id\":\"https:\\\/\\\/amalhamburg.de\\\/de\\\/2022\\\/08\\\/24\\\/aus-liebe-zur-eigenen-sprache\\\/#breadcrumb\",\"itemListElement\":[{\"@type\":\"ListItem\",\"position\":1,\"name\":\"Home\",\"item\":\"https:\\\/\\\/amalhamburg.de\\\/de\\\/\"},{\"@type\":\"ListItem\",\"position\":2,\"name\":\"Aus Liebe zur eigenen Sprache\"}]},{\"@type\":\"WebSite\",\"@id\":\"https:\\\/\\\/amalhamburg.de\\\/de\\\/#website\",\"url\":\"https:\\\/\\\/amalhamburg.de\\\/de\\\/\",\"name\":\"Amal, Hamburg!\",\"description\":\"\",\"potentialAction\":[{\"@type\":\"SearchAction\",\"target\":{\"@type\":\"EntryPoint\",\"urlTemplate\":\"https:\\\/\\\/amalhamburg.de\\\/de\\\/?s={search_term_string}\"},\"query-input\":{\"@type\":\"PropertyValueSpecification\",\"valueRequired\":true,\"valueName\":\"search_term_string\"}}],\"inLanguage\":\"de\"},{\"@type\":\"Person\",\"@id\":\"https:\\\/\\\/amalhamburg.de\\\/de\\\/#\\\/schema\\\/person\\\/b38c2d45c0eb9b9e994801d3f87a2247\",\"name\":\"Cornelia Gerlach\",\"image\":{\"@type\":\"ImageObject\",\"inLanguage\":\"de\",\"@id\":\"https:\\\/\\\/amalhamburg.de\\\/wp-content\\\/uploads\\\/sites\\\/2\\\/2019\\\/04\\\/aaaCornelia_Gerlach-125x125.jpg\",\"url\":\"https:\\\/\\\/amalhamburg.de\\\/wp-content\\\/uploads\\\/sites\\\/2\\\/2019\\\/04\\\/aaaCornelia_Gerlach-125x125.jpg\",\"contentUrl\":\"https:\\\/\\\/amalhamburg.de\\\/wp-content\\\/uploads\\\/sites\\\/2\\\/2019\\\/04\\\/aaaCornelia_Gerlach-125x125.jpg\",\"caption\":\"Cornelia Gerlach\"},\"description\":\"Cornelia Gerlach ist Projektleiterin bei Amal, Berlin! Daneben arbeitet sie als freie Journalistin und Dozentin f\u00fcr Reportage und Storytelling.\",\"url\":\"https:\\\/\\\/amalhamburg.de\\\/de\\\/author\\\/conny\\\/\"}]}<\/script>\n<!-- \/ Yoast SEO plugin. -->","yoast_head_json":{"title":"Aus Liebe zur eigenen Sprache - Amal, Hamburg!","description":"Ein Team von Ehrenamtlichen hat in Hamburg Sprachkurse f\u00fcr afghanische Kinder eingerichtet. Sie wollen, dass die Jungen und M\u00e4dchen die Sprache ihrer Familien lernen.","robots":{"index":"index","follow":"follow","max-snippet":"max-snippet:-1","max-image-preview":"max-image-preview:large","max-video-preview":"max-video-preview:-1"},"canonical":"https:\/\/amalhamburg.de\/de\/2022\/08\/24\/aus-liebe-zur-eigenen-sprache\/","og_locale":"de_DE","og_type":"article","og_title":"Aus Liebe zur eigenen Sprache - Amal, Hamburg!","og_description":"Ein Team von Ehrenamtlichen hat in Hamburg Sprachkurse f\u00fcr afghanische Kinder eingerichtet. Sie wollen, dass die Jungen und M\u00e4dchen die Sprache ihrer Familien lernen.","og_url":"https:\/\/amalhamburg.de\/de\/2022\/08\/24\/aus-liebe-zur-eigenen-sprache\/","og_site_name":"Amal, Hamburg!","article_published_time":"2022-08-24T14:01:49+00:00","og_image":[{"width":700,"height":467,"url":"https:\/\/amalhamburg.de\/wp-content\/uploads\/sites\/2\/2022\/08\/Untitled-1.png","type":"image\/png"}],"author":"Cornelia Gerlach","twitter_card":"summary_large_image","twitter_misc":{"Verfasst von":"Cornelia Gerlach","Gesch\u00e4tzte Lesezeit":"1\u00a0Minute"},"schema":{"@context":"https:\/\/schema.org","@graph":[{"@type":"Article","@id":"https:\/\/amalhamburg.de\/de\/2022\/08\/24\/aus-liebe-zur-eigenen-sprache\/#article","isPartOf":{"@id":"https:\/\/amalhamburg.de\/de\/2022\/08\/24\/aus-liebe-zur-eigenen-sprache\/"},"author":{"name":"Cornelia Gerlach","@id":"https:\/\/amalhamburg.de\/de\/#\/schema\/person\/b38c2d45c0eb9b9e994801d3f87a2247"},"headline":"Aus Liebe zur eigenen Sprache","datePublished":"2022-08-24T14:01:49+00:00","mainEntityOfPage":{"@id":"https:\/\/amalhamburg.de\/de\/2022\/08\/24\/aus-liebe-zur-eigenen-sprache\/"},"wordCount":73,"image":{"@id":"https:\/\/amalhamburg.de\/de\/2022\/08\/24\/aus-liebe-zur-eigenen-sprache\/#primaryimage"},"thumbnailUrl":"https:\/\/amalhamburg.de\/wp-content\/uploads\/sites\/2\/2022\/08\/Untitled-1.png","articleSection":["Zusammenhalt"],"inLanguage":"de"},{"@type":"WebPage","@id":"https:\/\/amalhamburg.de\/de\/2022\/08\/24\/aus-liebe-zur-eigenen-sprache\/","url":"https:\/\/amalhamburg.de\/de\/2022\/08\/24\/aus-liebe-zur-eigenen-sprache\/","name":"Aus Liebe zur eigenen Sprache - Amal, Hamburg!","isPartOf":{"@id":"https:\/\/amalhamburg.de\/de\/#website"},"primaryImageOfPage":{"@id":"https:\/\/amalhamburg.de\/de\/2022\/08\/24\/aus-liebe-zur-eigenen-sprache\/#primaryimage"},"image":{"@id":"https:\/\/amalhamburg.de\/de\/2022\/08\/24\/aus-liebe-zur-eigenen-sprache\/#primaryimage"},"thumbnailUrl":"https:\/\/amalhamburg.de\/wp-content\/uploads\/sites\/2\/2022\/08\/Untitled-1.png","datePublished":"2022-08-24T14:01:49+00:00","author":{"@id":"https:\/\/amalhamburg.de\/de\/#\/schema\/person\/b38c2d45c0eb9b9e994801d3f87a2247"},"description":"Ein Team von Ehrenamtlichen hat in Hamburg Sprachkurse f\u00fcr afghanische Kinder eingerichtet. Sie wollen, dass die Jungen und M\u00e4dchen die Sprache ihrer Familien lernen.","breadcrumb":{"@id":"https:\/\/amalhamburg.de\/de\/2022\/08\/24\/aus-liebe-zur-eigenen-sprache\/#breadcrumb"},"inLanguage":"de","potentialAction":[{"@type":"ReadAction","target":["https:\/\/amalhamburg.de\/de\/2022\/08\/24\/aus-liebe-zur-eigenen-sprache\/"]}]},{"@type":"ImageObject","inLanguage":"de","@id":"https:\/\/amalhamburg.de\/de\/2022\/08\/24\/aus-liebe-zur-eigenen-sprache\/#primaryimage","url":"https:\/\/amalhamburg.de\/wp-content\/uploads\/sites\/2\/2022\/08\/Untitled-1.png","contentUrl":"https:\/\/amalhamburg.de\/wp-content\/uploads\/sites\/2\/2022\/08\/Untitled-1.png","width":700,"height":467,"caption":"Foto: Jalal Hussaini"},{"@type":"BreadcrumbList","@id":"https:\/\/amalhamburg.de\/de\/2022\/08\/24\/aus-liebe-zur-eigenen-sprache\/#breadcrumb","itemListElement":[{"@type":"ListItem","position":1,"name":"Home","item":"https:\/\/amalhamburg.de\/de\/"},{"@type":"ListItem","position":2,"name":"Aus Liebe zur eigenen Sprache"}]},{"@type":"WebSite","@id":"https:\/\/amalhamburg.de\/de\/#website","url":"https:\/\/amalhamburg.de\/de\/","name":"Amal, Hamburg!","description":"","potentialAction":[{"@type":"SearchAction","target":{"@type":"EntryPoint","urlTemplate":"https:\/\/amalhamburg.de\/de\/?s={search_term_string}"},"query-input":{"@type":"PropertyValueSpecification","valueRequired":true,"valueName":"search_term_string"}}],"inLanguage":"de"},{"@type":"Person","@id":"https:\/\/amalhamburg.de\/de\/#\/schema\/person\/b38c2d45c0eb9b9e994801d3f87a2247","name":"Cornelia Gerlach","image":{"@type":"ImageObject","inLanguage":"de","@id":"https:\/\/amalhamburg.de\/wp-content\/uploads\/sites\/2\/2019\/04\/aaaCornelia_Gerlach-125x125.jpg","url":"https:\/\/amalhamburg.de\/wp-content\/uploads\/sites\/2\/2019\/04\/aaaCornelia_Gerlach-125x125.jpg","contentUrl":"https:\/\/amalhamburg.de\/wp-content\/uploads\/sites\/2\/2019\/04\/aaaCornelia_Gerlach-125x125.jpg","caption":"Cornelia Gerlach"},"description":"Cornelia Gerlach ist Projektleiterin bei Amal, Berlin! Daneben arbeitet sie als freie Journalistin und Dozentin f\u00fcr Reportage und Storytelling.","url":"https:\/\/amalhamburg.de\/de\/author\/conny\/"}]}},"_links":{"self":[{"href":"https:\/\/amalhamburg.de\/de\/wp-json\/wp\/v2\/posts\/71391","targetHints":{"allow":["GET"]}}],"collection":[{"href":"https:\/\/amalhamburg.de\/de\/wp-json\/wp\/v2\/posts"}],"about":[{"href":"https:\/\/amalhamburg.de\/de\/wp-json\/wp\/v2\/types\/post"}],"author":[{"embeddable":true,"href":"https:\/\/amalhamburg.de\/de\/wp-json\/wp\/v2\/users\/10"}],"replies":[{"embeddable":true,"href":"https:\/\/amalhamburg.de\/de\/wp-json\/wp\/v2\/comments?post=71391"}],"version-history":[{"count":1,"href":"https:\/\/amalhamburg.de\/de\/wp-json\/wp\/v2\/posts\/71391\/revisions"}],"predecessor-version":[{"id":71400,"href":"https:\/\/amalhamburg.de\/de\/wp-json\/wp\/v2\/posts\/71391\/revisions\/71400"}],"wp:featuredmedia":[{"embeddable":true,"href":"https:\/\/amalhamburg.de\/de\/wp-json\/wp\/v2\/media\/71395"}],"wp:attachment":[{"href":"https:\/\/amalhamburg.de\/de\/wp-json\/wp\/v2\/media?parent=71391"}],"wp:term":[{"taxonomy":"category","embeddable":true,"href":"https:\/\/amalhamburg.de\/de\/wp-json\/wp\/v2\/categories?post=71391"},{"taxonomy":"post_tag","embeddable":true,"href":"https:\/\/amalhamburg.de\/de\/wp-json\/wp\/v2\/tags?post=71391"}],"curies":[{"name":"wp","href":"https:\/\/api.w.org\/{rel}","templated":true}]}}