{"id":67980,"date":"2022-06-28T21:12:14","date_gmt":"2022-06-28T19:12:14","guid":{"rendered":"https:\/\/amalhamburg.de\/2022\/06\/28\/bei-uns-muss-niemand-danke-sagen-das-uebernehme-ich\/"},"modified":"2022-06-28T21:12:55","modified_gmt":"2022-06-28T19:12:55","slug":"bei-uns-muss-niemand-danke-sagen-das-uebernehme-ich","status":"publish","type":"post","link":"https:\/\/amalhamburg.de\/de\/2022\/06\/28\/bei-uns-muss-niemand-danke-sagen-das-uebernehme-ich\/","title":{"rendered":"\u201eBei uns muss niemand danke sagen. Das \u00fcbernehme ich\u201c"},"content":{"rendered":"<p><iframe loading=\"lazy\" title=\"Gemeinde Schlachtensee inkl\" width=\"680\" height=\"383\" src=\"https:\/\/www.youtube.com\/embed\/CeJC5mexo9I?feature=oembed\" frameborder=\"0\" allow=\"accelerometer; autoplay; clipboard-write; encrypted-media; gyroscope; picture-in-picture\" allowfullscreen><\/iframe><\/p>\n<p>Sonja Albrecht ist Fl\u00fcchtlingspfarrerin in Schlachtensee. Sie hilft, dass ehrenamtliche sich engagieren k\u00f6nnen. Afghanistan, Syrien und jetzt Ukraine: Sie hat viel Erfahrung bei der Aufnahme von Gefl\u00fcchteten und wei\u00dft wie schwer und wie wichtig zugleich es ist, \u201eDanke\u201c zu sagen. Dawod Adil und Sami Talebi haben sie getroffen.<\/p>\n","protected":false},"excerpt":{"rendered":"<p>Sonja Albrecht ist Fl\u00fcchtlingspfarrerin in Schlachtensee. Sie hilft, dass ehrenamtliche sich engagieren k\u00f6nnen. Afghanistan, Syrien und jetzt Ukraine: Sie hat viel Erfahrung bei der Aufnahme von Gefl\u00fcchteten und wei\u00dft wie schwer und wie wichtig zugleich es ist, \u201eDanke\u201c zu sagen. Dawod Adil und Sami Talebi haben sie getroffen.<\/p>\n","protected":false},"author":21,"featured_media":67986,"comment_status":"closed","ping_status":"open","sticky":false,"template":"","format":"standard","meta":{"_acf_changed":false,"footnotes":""},"categories":[82],"tags":[6923,6921,1172],"class_list":["post-67980","post","type-post","status-publish","format-standard","has-post-thumbnail","hentry","category-video","tag-gefluechtete","tag-good-news","tag-integration"],"acf":[],"yoast_head":"<!-- This site is optimized with the Yoast SEO plugin v27.5 - https:\/\/yoast.com\/product\/yoast-seo-wordpress\/ -->\n<title>\u201eBei uns muss niemand danke sagen. Das \u00fcbernehme ich\u201c - Amal, Hamburg!<\/title>\n<meta name=\"description\" content=\"Teil der Serie GOOD News - Portr\u00e4t der Fl\u00fcchtlingspfarrerin Sonja Albrecht und ihres Teams, das sich f\u00fcr Gefl\u00fcchtete einsetzt\" \/>\n<meta name=\"robots\" content=\"index, follow, max-snippet:-1, max-image-preview:large, max-video-preview:-1\" \/>\n<link rel=\"canonical\" href=\"https:\/\/amalhamburg.de\/de\/2022\/06\/28\/bei-uns-muss-niemand-danke-sagen-das-uebernehme-ich\/\" \/>\n<meta property=\"og:locale\" content=\"de_DE\" \/>\n<meta property=\"og:type\" content=\"article\" \/>\n<meta property=\"og:title\" content=\"\u201eBei uns muss niemand danke sagen. Das \u00fcbernehme ich\u201c - Amal, Hamburg!\" \/>\n<meta property=\"og:description\" content=\"Teil der Serie GOOD News - Portr\u00e4t der Fl\u00fcchtlingspfarrerin Sonja Albrecht und ihres Teams, das sich f\u00fcr Gefl\u00fcchtete einsetzt\" \/>\n<meta property=\"og:url\" content=\"https:\/\/amalhamburg.de\/de\/2022\/06\/28\/bei-uns-muss-niemand-danke-sagen-das-uebernehme-ich\/\" \/>\n<meta property=\"og:site_name\" content=\"Amal, Hamburg!\" \/>\n<meta property=\"article:published_time\" content=\"2022-06-28T19:12:14+00:00\" \/>\n<meta property=\"article:modified_time\" content=\"2022-06-28T19:12:55+00:00\" \/>\n<meta property=\"og:image\" content=\"https:\/\/amalhamburg.de\/wp-content\/uploads\/sites\/2\/2022\/06\/bei-uns-muss-niemand-danke-sagen-das-bernehme-ich-CeJC5mexo9I-scaled.jpg\" \/>\n\t<meta property=\"og:image:width\" content=\"1260\" \/>\n\t<meta property=\"og:image:height\" content=\"709\" \/>\n\t<meta property=\"og:image:type\" content=\"image\/jpeg\" \/>\n<meta name=\"author\" content=\"Amal Berlin\" \/>\n<meta name=\"twitter:card\" content=\"summary_large_image\" \/>\n<meta name=\"twitter:label1\" content=\"Verfasst von\" \/>\n\t<meta name=\"twitter:data1\" content=\"Amal Berlin\" \/>\n<script type=\"application\/ld+json\" class=\"yoast-schema-graph\">{\"@context\":\"https:\\\/\\\/schema.org\",\"@graph\":[{\"@type\":\"Article\",\"@id\":\"https:\\\/\\\/amalhamburg.de\\\/de\\\/2022\\\/06\\\/28\\\/bei-uns-muss-niemand-danke-sagen-das-uebernehme-ich\\\/#article\",\"isPartOf\":{\"@id\":\"https:\\\/\\\/amalhamburg.de\\\/de\\\/2022\\\/06\\\/28\\\/bei-uns-muss-niemand-danke-sagen-das-uebernehme-ich\\\/\"},\"author\":{\"name\":\"Amal Berlin\",\"@id\":\"https:\\\/\\\/amalhamburg.de\\\/de\\\/#\\\/schema\\\/person\\\/f5eb141d3b8b83b65b93cbe7590f72cd\"},\"headline\":\"\u201eBei uns muss niemand danke sagen. Das \u00fcbernehme ich\u201c\",\"datePublished\":\"2022-06-28T19:12:14+00:00\",\"dateModified\":\"2022-06-28T19:12:55+00:00\",\"mainEntityOfPage\":{\"@id\":\"https:\\\/\\\/amalhamburg.de\\\/de\\\/2022\\\/06\\\/28\\\/bei-uns-muss-niemand-danke-sagen-das-uebernehme-ich\\\/\"},\"wordCount\":67,\"image\":{\"@id\":\"https:\\\/\\\/amalhamburg.de\\\/de\\\/2022\\\/06\\\/28\\\/bei-uns-muss-niemand-danke-sagen-das-uebernehme-ich\\\/#primaryimage\"},\"thumbnailUrl\":\"https:\\\/\\\/amalhamburg.de\\\/wp-content\\\/uploads\\\/sites\\\/2\\\/2022\\\/06\\\/bei-uns-muss-niemand-danke-sagen-das-bernehme-ich-CeJC5mexo9I-scaled.jpg\",\"keywords\":[\"Gefl\u00fcchtete\",\"GOOD News\",\"Integration\"],\"articleSection\":[\"Video\"],\"inLanguage\":\"de\"},{\"@type\":\"WebPage\",\"@id\":\"https:\\\/\\\/amalhamburg.de\\\/de\\\/2022\\\/06\\\/28\\\/bei-uns-muss-niemand-danke-sagen-das-uebernehme-ich\\\/\",\"url\":\"https:\\\/\\\/amalhamburg.de\\\/de\\\/2022\\\/06\\\/28\\\/bei-uns-muss-niemand-danke-sagen-das-uebernehme-ich\\\/\",\"name\":\"\u201eBei uns muss niemand danke sagen. Das \u00fcbernehme ich\u201c - Amal, Hamburg!\",\"isPartOf\":{\"@id\":\"https:\\\/\\\/amalhamburg.de\\\/de\\\/#website\"},\"primaryImageOfPage\":{\"@id\":\"https:\\\/\\\/amalhamburg.de\\\/de\\\/2022\\\/06\\\/28\\\/bei-uns-muss-niemand-danke-sagen-das-uebernehme-ich\\\/#primaryimage\"},\"image\":{\"@id\":\"https:\\\/\\\/amalhamburg.de\\\/de\\\/2022\\\/06\\\/28\\\/bei-uns-muss-niemand-danke-sagen-das-uebernehme-ich\\\/#primaryimage\"},\"thumbnailUrl\":\"https:\\\/\\\/amalhamburg.de\\\/wp-content\\\/uploads\\\/sites\\\/2\\\/2022\\\/06\\\/bei-uns-muss-niemand-danke-sagen-das-bernehme-ich-CeJC5mexo9I-scaled.jpg\",\"datePublished\":\"2022-06-28T19:12:14+00:00\",\"dateModified\":\"2022-06-28T19:12:55+00:00\",\"author\":{\"@id\":\"https:\\\/\\\/amalhamburg.de\\\/de\\\/#\\\/schema\\\/person\\\/f5eb141d3b8b83b65b93cbe7590f72cd\"},\"description\":\"Teil der Serie GOOD News - Portr\u00e4t der Fl\u00fcchtlingspfarrerin Sonja Albrecht und ihres Teams, das sich f\u00fcr Gefl\u00fcchtete einsetzt\",\"breadcrumb\":{\"@id\":\"https:\\\/\\\/amalhamburg.de\\\/de\\\/2022\\\/06\\\/28\\\/bei-uns-muss-niemand-danke-sagen-das-uebernehme-ich\\\/#breadcrumb\"},\"inLanguage\":\"de\",\"potentialAction\":[{\"@type\":\"ReadAction\",\"target\":[\"https:\\\/\\\/amalhamburg.de\\\/de\\\/2022\\\/06\\\/28\\\/bei-uns-muss-niemand-danke-sagen-das-uebernehme-ich\\\/\"]}]},{\"@type\":\"ImageObject\",\"inLanguage\":\"de\",\"@id\":\"https:\\\/\\\/amalhamburg.de\\\/de\\\/2022\\\/06\\\/28\\\/bei-uns-muss-niemand-danke-sagen-das-uebernehme-ich\\\/#primaryimage\",\"url\":\"https:\\\/\\\/amalhamburg.de\\\/wp-content\\\/uploads\\\/sites\\\/2\\\/2022\\\/06\\\/bei-uns-muss-niemand-danke-sagen-das-bernehme-ich-CeJC5mexo9I-scaled.jpg\",\"contentUrl\":\"https:\\\/\\\/amalhamburg.de\\\/wp-content\\\/uploads\\\/sites\\\/2\\\/2022\\\/06\\\/bei-uns-muss-niemand-danke-sagen-das-bernehme-ich-CeJC5mexo9I-scaled.jpg\",\"width\":1260,\"height\":709},{\"@type\":\"BreadcrumbList\",\"@id\":\"https:\\\/\\\/amalhamburg.de\\\/de\\\/2022\\\/06\\\/28\\\/bei-uns-muss-niemand-danke-sagen-das-uebernehme-ich\\\/#breadcrumb\",\"itemListElement\":[{\"@type\":\"ListItem\",\"position\":1,\"name\":\"Home\",\"item\":\"https:\\\/\\\/amalhamburg.de\\\/de\\\/\"},{\"@type\":\"ListItem\",\"position\":2,\"name\":\"\u201eBei uns muss niemand danke sagen. Das \u00fcbernehme ich\u201c\"}]},{\"@type\":\"WebSite\",\"@id\":\"https:\\\/\\\/amalhamburg.de\\\/de\\\/#website\",\"url\":\"https:\\\/\\\/amalhamburg.de\\\/de\\\/\",\"name\":\"Amal, Hamburg!\",\"description\":\"\",\"potentialAction\":[{\"@type\":\"SearchAction\",\"target\":{\"@type\":\"EntryPoint\",\"urlTemplate\":\"https:\\\/\\\/amalhamburg.de\\\/de\\\/?s={search_term_string}\"},\"query-input\":{\"@type\":\"PropertyValueSpecification\",\"valueRequired\":true,\"valueName\":\"search_term_string\"}}],\"inLanguage\":\"de\"},{\"@type\":\"Person\",\"@id\":\"https:\\\/\\\/amalhamburg.de\\\/de\\\/#\\\/schema\\\/person\\\/f5eb141d3b8b83b65b93cbe7590f72cd\",\"name\":\"Amal Berlin\",\"image\":{\"@type\":\"ImageObject\",\"inLanguage\":\"de\",\"@id\":\"https:\\\/\\\/amalhamburg.de\\\/wp-content\\\/uploads\\\/sites\\\/2\\\/2019\\\/03\\\/user.svg\",\"url\":\"https:\\\/\\\/amalhamburg.de\\\/wp-content\\\/uploads\\\/sites\\\/2\\\/2019\\\/03\\\/user.svg\",\"contentUrl\":\"https:\\\/\\\/amalhamburg.de\\\/wp-content\\\/uploads\\\/sites\\\/2\\\/2019\\\/03\\\/user.svg\",\"caption\":\"Amal Berlin\"},\"url\":\"https:\\\/\\\/amalhamburg.de\\\/de\\\/author\\\/amalberlin\\\/\"}]}<\/script>\n<!-- \/ Yoast SEO plugin. -->","yoast_head_json":{"title":"\u201eBei uns muss niemand danke sagen. Das \u00fcbernehme ich\u201c - Amal, Hamburg!","description":"Teil der Serie GOOD News - Portr\u00e4t der Fl\u00fcchtlingspfarrerin Sonja Albrecht und ihres Teams, das sich f\u00fcr Gefl\u00fcchtete einsetzt","robots":{"index":"index","follow":"follow","max-snippet":"max-snippet:-1","max-image-preview":"max-image-preview:large","max-video-preview":"max-video-preview:-1"},"canonical":"https:\/\/amalhamburg.de\/de\/2022\/06\/28\/bei-uns-muss-niemand-danke-sagen-das-uebernehme-ich\/","og_locale":"de_DE","og_type":"article","og_title":"\u201eBei uns muss niemand danke sagen. Das \u00fcbernehme ich\u201c - Amal, Hamburg!","og_description":"Teil der Serie GOOD News - Portr\u00e4t der Fl\u00fcchtlingspfarrerin Sonja Albrecht und ihres Teams, das sich f\u00fcr Gefl\u00fcchtete einsetzt","og_url":"https:\/\/amalhamburg.de\/de\/2022\/06\/28\/bei-uns-muss-niemand-danke-sagen-das-uebernehme-ich\/","og_site_name":"Amal, Hamburg!","article_published_time":"2022-06-28T19:12:14+00:00","article_modified_time":"2022-06-28T19:12:55+00:00","og_image":[{"width":1260,"height":709,"url":"https:\/\/amalhamburg.de\/wp-content\/uploads\/sites\/2\/2022\/06\/bei-uns-muss-niemand-danke-sagen-das-bernehme-ich-CeJC5mexo9I-scaled.jpg","type":"image\/jpeg"}],"author":"Amal Berlin","twitter_card":"summary_large_image","twitter_misc":{"Verfasst von":"Amal Berlin"},"schema":{"@context":"https:\/\/schema.org","@graph":[{"@type":"Article","@id":"https:\/\/amalhamburg.de\/de\/2022\/06\/28\/bei-uns-muss-niemand-danke-sagen-das-uebernehme-ich\/#article","isPartOf":{"@id":"https:\/\/amalhamburg.de\/de\/2022\/06\/28\/bei-uns-muss-niemand-danke-sagen-das-uebernehme-ich\/"},"author":{"name":"Amal Berlin","@id":"https:\/\/amalhamburg.de\/de\/#\/schema\/person\/f5eb141d3b8b83b65b93cbe7590f72cd"},"headline":"\u201eBei uns muss niemand danke sagen. Das \u00fcbernehme ich\u201c","datePublished":"2022-06-28T19:12:14+00:00","dateModified":"2022-06-28T19:12:55+00:00","mainEntityOfPage":{"@id":"https:\/\/amalhamburg.de\/de\/2022\/06\/28\/bei-uns-muss-niemand-danke-sagen-das-uebernehme-ich\/"},"wordCount":67,"image":{"@id":"https:\/\/amalhamburg.de\/de\/2022\/06\/28\/bei-uns-muss-niemand-danke-sagen-das-uebernehme-ich\/#primaryimage"},"thumbnailUrl":"https:\/\/amalhamburg.de\/wp-content\/uploads\/sites\/2\/2022\/06\/bei-uns-muss-niemand-danke-sagen-das-bernehme-ich-CeJC5mexo9I-scaled.jpg","keywords":["Gefl\u00fcchtete","GOOD News","Integration"],"articleSection":["Video"],"inLanguage":"de"},{"@type":"WebPage","@id":"https:\/\/amalhamburg.de\/de\/2022\/06\/28\/bei-uns-muss-niemand-danke-sagen-das-uebernehme-ich\/","url":"https:\/\/amalhamburg.de\/de\/2022\/06\/28\/bei-uns-muss-niemand-danke-sagen-das-uebernehme-ich\/","name":"\u201eBei uns muss niemand danke sagen. Das \u00fcbernehme ich\u201c - Amal, Hamburg!","isPartOf":{"@id":"https:\/\/amalhamburg.de\/de\/#website"},"primaryImageOfPage":{"@id":"https:\/\/amalhamburg.de\/de\/2022\/06\/28\/bei-uns-muss-niemand-danke-sagen-das-uebernehme-ich\/#primaryimage"},"image":{"@id":"https:\/\/amalhamburg.de\/de\/2022\/06\/28\/bei-uns-muss-niemand-danke-sagen-das-uebernehme-ich\/#primaryimage"},"thumbnailUrl":"https:\/\/amalhamburg.de\/wp-content\/uploads\/sites\/2\/2022\/06\/bei-uns-muss-niemand-danke-sagen-das-bernehme-ich-CeJC5mexo9I-scaled.jpg","datePublished":"2022-06-28T19:12:14+00:00","dateModified":"2022-06-28T19:12:55+00:00","author":{"@id":"https:\/\/amalhamburg.de\/de\/#\/schema\/person\/f5eb141d3b8b83b65b93cbe7590f72cd"},"description":"Teil der Serie GOOD News - Portr\u00e4t der Fl\u00fcchtlingspfarrerin Sonja Albrecht und ihres Teams, das sich f\u00fcr Gefl\u00fcchtete einsetzt","breadcrumb":{"@id":"https:\/\/amalhamburg.de\/de\/2022\/06\/28\/bei-uns-muss-niemand-danke-sagen-das-uebernehme-ich\/#breadcrumb"},"inLanguage":"de","potentialAction":[{"@type":"ReadAction","target":["https:\/\/amalhamburg.de\/de\/2022\/06\/28\/bei-uns-muss-niemand-danke-sagen-das-uebernehme-ich\/"]}]},{"@type":"ImageObject","inLanguage":"de","@id":"https:\/\/amalhamburg.de\/de\/2022\/06\/28\/bei-uns-muss-niemand-danke-sagen-das-uebernehme-ich\/#primaryimage","url":"https:\/\/amalhamburg.de\/wp-content\/uploads\/sites\/2\/2022\/06\/bei-uns-muss-niemand-danke-sagen-das-bernehme-ich-CeJC5mexo9I-scaled.jpg","contentUrl":"https:\/\/amalhamburg.de\/wp-content\/uploads\/sites\/2\/2022\/06\/bei-uns-muss-niemand-danke-sagen-das-bernehme-ich-CeJC5mexo9I-scaled.jpg","width":1260,"height":709},{"@type":"BreadcrumbList","@id":"https:\/\/amalhamburg.de\/de\/2022\/06\/28\/bei-uns-muss-niemand-danke-sagen-das-uebernehme-ich\/#breadcrumb","itemListElement":[{"@type":"ListItem","position":1,"name":"Home","item":"https:\/\/amalhamburg.de\/de\/"},{"@type":"ListItem","position":2,"name":"\u201eBei uns muss niemand danke sagen. Das \u00fcbernehme ich\u201c"}]},{"@type":"WebSite","@id":"https:\/\/amalhamburg.de\/de\/#website","url":"https:\/\/amalhamburg.de\/de\/","name":"Amal, Hamburg!","description":"","potentialAction":[{"@type":"SearchAction","target":{"@type":"EntryPoint","urlTemplate":"https:\/\/amalhamburg.de\/de\/?s={search_term_string}"},"query-input":{"@type":"PropertyValueSpecification","valueRequired":true,"valueName":"search_term_string"}}],"inLanguage":"de"},{"@type":"Person","@id":"https:\/\/amalhamburg.de\/de\/#\/schema\/person\/f5eb141d3b8b83b65b93cbe7590f72cd","name":"Amal Berlin","image":{"@type":"ImageObject","inLanguage":"de","@id":"https:\/\/amalhamburg.de\/wp-content\/uploads\/sites\/2\/2019\/03\/user.svg","url":"https:\/\/amalhamburg.de\/wp-content\/uploads\/sites\/2\/2019\/03\/user.svg","contentUrl":"https:\/\/amalhamburg.de\/wp-content\/uploads\/sites\/2\/2019\/03\/user.svg","caption":"Amal Berlin"},"url":"https:\/\/amalhamburg.de\/de\/author\/amalberlin\/"}]}},"_links":{"self":[{"href":"https:\/\/amalhamburg.de\/de\/wp-json\/wp\/v2\/posts\/67980","targetHints":{"allow":["GET"]}}],"collection":[{"href":"https:\/\/amalhamburg.de\/de\/wp-json\/wp\/v2\/posts"}],"about":[{"href":"https:\/\/amalhamburg.de\/de\/wp-json\/wp\/v2\/types\/post"}],"author":[{"embeddable":true,"href":"https:\/\/amalhamburg.de\/de\/wp-json\/wp\/v2\/users\/21"}],"replies":[{"embeddable":true,"href":"https:\/\/amalhamburg.de\/de\/wp-json\/wp\/v2\/comments?post=67980"}],"version-history":[{"count":1,"href":"https:\/\/amalhamburg.de\/de\/wp-json\/wp\/v2\/posts\/67980\/revisions"}],"predecessor-version":[{"id":67991,"href":"https:\/\/amalhamburg.de\/de\/wp-json\/wp\/v2\/posts\/67980\/revisions\/67991"}],"wp:featuredmedia":[{"embeddable":true,"href":"https:\/\/amalhamburg.de\/de\/wp-json\/wp\/v2\/media\/67986"}],"wp:attachment":[{"href":"https:\/\/amalhamburg.de\/de\/wp-json\/wp\/v2\/media?parent=67980"}],"wp:term":[{"taxonomy":"category","embeddable":true,"href":"https:\/\/amalhamburg.de\/de\/wp-json\/wp\/v2\/categories?post=67980"},{"taxonomy":"post_tag","embeddable":true,"href":"https:\/\/amalhamburg.de\/de\/wp-json\/wp\/v2\/tags?post=67980"}],"curies":[{"name":"wp","href":"https:\/\/api.w.org\/{rel}","templated":true}]}}