{"id":49654,"date":"2021-11-25T12:30:56","date_gmt":"2021-11-25T11:30:56","guid":{"rendered":"https:\/\/amalhamburg.de\/?p=49654"},"modified":"2021-11-25T12:38:09","modified_gmt":"2021-11-25T11:38:09","slug":"aus-kabul-evakuiert-in-der-slowakei-gefangen","status":"publish","type":"post","link":"https:\/\/amalhamburg.de\/de\/2021\/11\/25\/aus-kabul-evakuiert-in-der-slowakei-gefangen\/","title":{"rendered":"Aus Kabul evakuiert \u2013 in der Slowakei gefangen"},"content":{"rendered":"<p class=\"western\" align=\"left\"><strong>Jalal Hussaini ist Journalist aus Afghanistan und lebt in Hamburg im Exil. Als im August die Taliban Kabul einnahmen, fiel seine Heimat in Tr\u00fcmmer. Sein enger Freund Ahmad schaffe es damals, mit einem der Evakuierungsfl\u00fcge in die Slowakei zu entkommen. Doch dort ist er jetzt gefangen.<\/strong><\/p>\n<p class=\"western\" align=\"left\">Drei Monate ist es jetzt her und ich habe noch immer keine Worte f\u00fcr das, was da passiert ist. Tr\u00fcmmer\u2026. Vertreibung\u2026 Elend\u2026<\/p>\n<p class=\"western\" align=\"left\">Aber in diesen drei Monaten haben wir uns fast schon an das gew\u00f6hnt, was uns anfangs so unfassbar schrecklich erschien. Es wird so normal und wertlos wie jede andere ferne Nachricht. Die Menschen leben weiter, und die Gefangenen und Verlierer dieses Landes werden einfach vergessen. Wer h\u00e4tte gedacht, dass diese Generation in ihrem kurzen Leben so viele Regimewechsel erleben w\u00fcrde. Wer h\u00e4tte gedacht, dass der Albtraum von 1996 zur\u00fcckkehrt, als die Taliban schon einmal an die Macht kamen. An die f\u00fcnf Jahre unter ihrer Herrschaft zu denken, erf\u00fcllt uns noch heute mit Schrecken. Aber jetzt ist dieser Albtraum Teil unserer Lebensrealit\u00e4t und wir haben keine andere Wahl, als ihn zu akzeptieren.<\/p>\n<h2 class=\"western\" align=\"left\">Das Leben gerettet<\/h2>\n<p class=\"western\" align=\"left\">Viele konnten fliehen. Ahmed, ein enger Freund von mir und einer der bekannten K\u00fcnstler des Landes, geh\u00f6rt dazu. Als die Taliban Kabul einnahmen und die Evakuierungsfl\u00fcge anfingen, gelang es ihm zusammen mit seiner Frau und einer Gruppe von anderen erst in die Ukraine und dann in die Slowakei zu fliehen. Ihm und seinen Begleitern wurde gesagt, dass man sie nach Deutschland oder Kanada bringen w\u00fcrden Die Slowakei ist kein Einwanderungsland, es w\u00e4re also sinnlos f\u00fcr sie, dort zu bleiben.<\/p>\n<p class=\"western\" align=\"left\">Sie wurden zun\u00e4chst in ein abgelegenes Lager an der slowakisch-ukrainischen Grenze gebracht, wo sie zwei Wochen in Quarant\u00e4ne verbringen sollten und w\u00e4hrend dieser Zeit auch behandelt wurden.<\/p>\n<p class=\"western\" align=\"left\">Aus zwei Wochen wurde ein Monat, und aus einem Monat wurden drei. Niemand k\u00fcmmerte sich um sie. Es ging ihnen wie Afghanistan. Sie waren bald vergessen.<\/p>\n<p class=\"western\" align=\"left\">Es sollte jedoch nicht vergessen werden, dass es ein Wunder war, als sie in der Slowakei ankamen \u2013 zu einer Zeit, in der Millionen anderer Menschen unter den seltsamen und ungl\u00fccklichen Bedingungen des Landes immer noch in Afghanistan ums \u00dcberleben k\u00e4mpfen. Aber zu paddeln scheint zu unserem hektischen Leben zu geh\u00f6ren. Sowohl f\u00fcr diejenigen, die geblieben sind, als auch f\u00fcr diejenigen, die fliehen konnten\u2026.<\/p>\n<h2 class=\"western\" align=\"left\">Kein Weg \u00fcber Grenzen<\/h2>\n<p class=\"western\" align=\"left\">Vor allem in Osteuropa wird es immer schwieriger, die Grenzen zu \u00fcberwinden. Dass die Luft jetzt k\u00e4lter wird, hilft auch nicht. In einer Zeit, in der Deutschland \u00fcber die Hilfe von K\u00fcnstlern, lokalen Mitarbeitern und Journalisten berichtete, versuchte ich auch, etwas f\u00fcr meinen Freund zu tun. Es war ein weiterer vergeblicher Versuch. So wie die unz\u00e4hligen E-Mails und Telefonate, die deutsche K\u00fcnstler und Journalisten an die Regierung richteten, um afghanische B\u00fcrger zu retten.<\/p>\n<p class=\"western\" align=\"left\">Wir taten, was wir konnten. Wir gingen Wege, die nie ans Ziel f\u00fchrten, und schrieben Briefe, die nie beantwortet wurden. Als ich meine deutschen Freunde um Hilfe bat, um Ahmed und seine Frau nach Deutschland zu holen, machte sich niemand die M\u00fche, nach einem Weg zu suchen. Sie sagten nur, dass es gut sei, dass sein Leben nicht in Gefahr sei, nach dem Motto: Bleib dort und leb dort weiter, egal wie. Sie redeten, als ob er nicht mehr erwarten d\u00fcrfte als einfach nur am Leben zu sein. Sobald er irgendwo ankommt und nicht mehr in Gefahr ist, muss das reichen. Mehr ist nicht drin.<\/p>\n<p class=\"western\" align=\"left\">Es ist traurig zu wissen, dass wir in einer Blase leben, die jederzeit platzen kann. Diese sterbliche Welt ist seit vielen Jahren eine Blase f\u00fcr diejenigen, die ein sicheres Zuhause suchen.<\/p>\n<h2 class=\"western\" align=\"left\">Bleiben oder Gehen?<\/h2>\n<p class=\"western\" align=\"left\">Ahmed und seine Frau beschlossen, auf eigene Faust aus dem geschlossenen Lager zu fliehen und hierher zu kommen. Sie fragten sich durch, welche Wege es gibt. Ahmed erfuhr, dass es einige wohl \u00fcber die Grenze geschafft hatten, aber auch viele beim Versuch festgenommen wurden. &#8222;Einige klammerten <span style=\"font-size: medium\"><span lang=\"de-DE\">sich<\/span><\/span> sogar unter Lastwagen oder Z\u00fcge in der Hoffnung, Westeuropa zu erreichen&#8220;, sagte er. Er kam zu dem Schluss, dass es wohl doch am besten sei, im Lager zu bleiben.<\/p>\n<p class=\"western\" align=\"left\">Es w\u00e4re ohnehin schwer geworden, aus diesem kleinen Gef\u00e4ngnis rauszukommen. <span style=\"font-size: medium\"><span lang=\"de-DE\">I<\/span><\/span>mmer, wenn sie das Lager verlassen wollten, kam jemand mit um sie zu begleiten, damit sie nicht fliehen konnten. Auch bei Arztbesuchen. &#8222;Mein Bein tat sehr weh und meine Frau hatte Bauchschmerzen. Wir mussten einen Krankenwagen rufen.\u201c Weil sie noch nicht registriert waren, mussten sie die Kosten f\u00fcr die Behandlung selbst tragen. F\u00fcr ein paar Pillen waren das einmal 200 Dollar und beim n\u00e4chsten Mal 100 Dollar. \u201eIch habe dann aufgeh\u00f6rt, zum Arzt zu gehen.&#8220; Er ist w\u00fctend, als er das am Telefon erz\u00e4hlt. &#8222;Sie haben alle Wege gesperrt und uns gezwungen, hier zu bleiben. Andererseits haben sie uns gesagt, dass sie keine Einwanderer wollen. Wir wissen nicht, was wir tun sollen.&#8220;<\/p>\n<p class=\"western\" align=\"left\">Dann wurde er ganz ruhig. Seine hilflose und hoffnungslose Stimme wurde fest und er wartete darauf, dass ich einen Weg vorschlug. Aber er wusste nicht, dass es auch ich keine Idee habe, was man machen kann und dass auch f\u00fcr mich alle T\u00fcren verschlossen sind.<\/p>\n<h2 class=\"western\" align=\"left\">Nur 11 Einwanderer im Jahr<\/h2>\n<p class=\"western\" align=\"left\">Ahmed erz\u00e4hlt, dass sich in dem ersten Lager, in das sie kamen, noch etwa 30 weitere Migranten aus verschiedenen L\u00e4ndern wie Afghanistan, Algerien und Syrien befanden, von denen noch keiner Fingerabdr\u00fccke abgegeben hatte. Dann wurden sie in ein geschlossenes Lager gebracht, das wie ein Gef\u00e4ngnis angelegt war. \u201eDa mussten wir unsere Fingerabdr\u00fccke abgeben. Sie sagten, man m\u00fcsse sich hier als Einwanderer registrieren lassen, sonst kommt man f\u00fcr sechs bis neun Monate ins Gef\u00e4ngnis.&#8220; Ahmed sagte, dass die Slowakei laut der Website iom.sk im Jahr 2020 nur 11 Menschen als Einwanderer aufgenommen hat \u2013 und seit 1993 insgesamt etwa 59.352 Personen einen Antrag auf Einwanderung in die Slowakei gestellt haben, von denen nur 874 positiv entschieden wurden. Am schlimmsten ist, dass die Slowakei nach Polen und Rum\u00e4nien die niedrigste Zahl von Einwanderern unter anderen europ\u00e4ischen L\u00e4ndern hat.<\/p>\n<h2 class=\"western\" align=\"left\">Von der Welt vergessen<\/h2>\n<p class=\"western\" align=\"left\">&#8222;Angesichts dieser harten Bedingungen und Gesetze versuchen viele, das Land trotz Fingerabdruck zu verlassen.&#8220; Ahmed hofft auf einen Ausweg aus diesem Land. Einen Weg, der mit den strengen Schengen-Regeln, selbst wenn m\u00f6glich, nutzlos erscheint. Sie sind in der H\u00f6lle.<\/p>\n<p class=\"western\" align=\"left\">Ahmed und seine Frau konnten wie Hunderttausende andere Migranten einen Ort erreichen, an dem sie sicher, aber nicht am Leben sind. Andere sind im Iran, Pakistan, T\u00fcrkei, Griechenland, Ukraine, Tschechien gestrandet. Vielleicht ist das einzig Gute, dass sie dort ein Dach \u00fcber dem Kopf haben, w\u00e4hrend viele andere nur ein kleines Zelt haben \u2013 auf den gef\u00e4hrlichen Routen in Europa oder sogar in einem eigentlich sicheren Land wie Griechenland \u2013 und ihnen ein kalter Winter bevorsteht. Sie sind Einwanderer, die vor den Toren Europas gefangen sind, und L\u00e4nder wie Deutschland haben vor dieser bitteren Wahrheit ein Auge zugedr\u00fcckt. Sie sind vergessen.<\/p>\n","protected":false},"excerpt":{"rendered":"<p>Jalal Hussaini ist Journalist aus Afghanistan und lebt in Hamburg im Exil. Als im August die Taliban Kabul einnahmen, fiel seine Heimat in Tr\u00fcmmer. Sein enger Freund Ahmad schaffe es damals, mit einem der Evakuierungsfl\u00fcge in die Slowakei zu entkommen. Doch dort ist er jetzt gefangen. Drei Monate ist es jetzt her und ich habe&#8230;  <a class=\"excerpt-read-more\" href=\"https:\/\/amalhamburg.de\/de\/2021\/11\/25\/aus-kabul-evakuiert-in-der-slowakei-gefangen\/\" title=\"Read Aus Kabul evakuiert \u2013 in der Slowakei gefangen\">Weiter &raquo;<\/a><\/p>\n","protected":false},"author":27,"featured_media":49486,"comment_status":"closed","ping_status":"open","sticky":false,"template":"","format":"standard","meta":{"_acf_changed":false,"footnotes":""},"categories":[401],"tags":[1269,5763,5765,5762,5761,5764,5760],"class_list":["post-49654","post","type-post","status-publish","format-standard","has-post-thumbnail","hentry","category-nachrichten","tag-afghanistan-de","tag-einwanderung","tag-europa-de","tag-evakuiert","tag-gefluechtet","tag-grenzen","tag-slowakei"],"acf":[],"yoast_head":"<!-- This site is optimized with the Yoast SEO plugin v27.5 - https:\/\/yoast.com\/product\/yoast-seo-wordpress\/ -->\n<title>Aus Kabul evakuiert \u2013 in der Slowakei gefangen - Amal, Hamburg!<\/title>\n<meta name=\"description\" content=\"Jalal Hussaini ist Journalist aus Afghanistan und lebt in Hamburg im Exil. Als im August die Taliban Kabul einnahmen, fiel seine Heimat in Tr\u00fcmmer. Sein enger Freund Ahmad schaffe es damals, mit einem der Evakuierungsfl\u00fcge in die Slowakei zu entkommen. Doch dort ist er jetzt gefangen.\" \/>\n<meta name=\"robots\" content=\"index, follow, max-snippet:-1, max-image-preview:large, max-video-preview:-1\" \/>\n<link rel=\"canonical\" href=\"https:\/\/amalhamburg.de\/de\/2021\/11\/25\/aus-kabul-evakuiert-in-der-slowakei-gefangen\/\" \/>\n<meta property=\"og:locale\" content=\"de_DE\" \/>\n<meta property=\"og:type\" content=\"article\" \/>\n<meta property=\"og:title\" content=\"Aus Kabul evakuiert \u2013 in der Slowakei gefangen - Amal, Hamburg!\" \/>\n<meta property=\"og:description\" content=\"Jalal Hussaini ist Journalist aus Afghanistan und lebt in Hamburg im Exil. Als im August die Taliban Kabul einnahmen, fiel seine Heimat in Tr\u00fcmmer. Sein enger Freund Ahmad schaffe es damals, mit einem der Evakuierungsfl\u00fcge in die Slowakei zu entkommen. Doch dort ist er jetzt gefangen.\" \/>\n<meta property=\"og:url\" content=\"https:\/\/amalhamburg.de\/de\/2021\/11\/25\/aus-kabul-evakuiert-in-der-slowakei-gefangen\/\" \/>\n<meta property=\"og:site_name\" content=\"Amal, Hamburg!\" \/>\n<meta property=\"article:published_time\" content=\"2021-11-25T11:30:56+00:00\" \/>\n<meta property=\"article:modified_time\" content=\"2021-11-25T11:38:09+00:00\" \/>\n<meta property=\"og:image\" content=\"https:\/\/amalhamburg.de\/wp-content\/uploads\/sites\/2\/2021\/11\/WhatsApp-Image-2021-11-21-at-18.06.14-2.jpeg\" \/>\n\t<meta property=\"og:image:width\" content=\"1600\" \/>\n\t<meta property=\"og:image:height\" content=\"1200\" \/>\n\t<meta property=\"og:image:type\" content=\"image\/jpeg\" \/>\n<meta name=\"author\" content=\"Jalal Hussaini\" \/>\n<meta name=\"twitter:card\" content=\"summary_large_image\" \/>\n<meta name=\"twitter:label1\" content=\"Verfasst von\" \/>\n\t<meta name=\"twitter:data1\" content=\"Jalal Hussaini\" \/>\n\t<meta name=\"twitter:label2\" content=\"Gesch\u00e4tzte Lesezeit\" \/>\n\t<meta name=\"twitter:data2\" content=\"6\u00a0Minuten\" \/>\n<script type=\"application\/ld+json\" class=\"yoast-schema-graph\">{\"@context\":\"https:\\\/\\\/schema.org\",\"@graph\":[{\"@type\":\"Article\",\"@id\":\"https:\\\/\\\/amalhamburg.de\\\/de\\\/2021\\\/11\\\/25\\\/aus-kabul-evakuiert-in-der-slowakei-gefangen\\\/#article\",\"isPartOf\":{\"@id\":\"https:\\\/\\\/amalhamburg.de\\\/de\\\/2021\\\/11\\\/25\\\/aus-kabul-evakuiert-in-der-slowakei-gefangen\\\/\"},\"author\":{\"name\":\"Jalal Hussaini\",\"@id\":\"https:\\\/\\\/amalhamburg.de\\\/de\\\/#\\\/schema\\\/person\\\/9686b85b7983e8419dbfb9f966bd2eb7\"},\"headline\":\"Aus Kabul evakuiert \u2013 in der Slowakei gefangen\",\"datePublished\":\"2021-11-25T11:30:56+00:00\",\"dateModified\":\"2021-11-25T11:38:09+00:00\",\"mainEntityOfPage\":{\"@id\":\"https:\\\/\\\/amalhamburg.de\\\/de\\\/2021\\\/11\\\/25\\\/aus-kabul-evakuiert-in-der-slowakei-gefangen\\\/\"},\"wordCount\":1183,\"image\":{\"@id\":\"https:\\\/\\\/amalhamburg.de\\\/de\\\/2021\\\/11\\\/25\\\/aus-kabul-evakuiert-in-der-slowakei-gefangen\\\/#primaryimage\"},\"thumbnailUrl\":\"https:\\\/\\\/amalhamburg.de\\\/wp-content\\\/uploads\\\/sites\\\/2\\\/2021\\\/11\\\/WhatsApp-Image-2021-11-21-at-18.06.14-2.jpeg\",\"keywords\":[\"Afghanistan\",\"Einwanderung\",\"Europa\",\"Evakuiert\",\"Gefl\u00fcchtet\",\"Grenzen\",\"Slowakei\"],\"articleSection\":[\"Beitr\u00e4ge\"],\"inLanguage\":\"de\"},{\"@type\":\"WebPage\",\"@id\":\"https:\\\/\\\/amalhamburg.de\\\/de\\\/2021\\\/11\\\/25\\\/aus-kabul-evakuiert-in-der-slowakei-gefangen\\\/\",\"url\":\"https:\\\/\\\/amalhamburg.de\\\/de\\\/2021\\\/11\\\/25\\\/aus-kabul-evakuiert-in-der-slowakei-gefangen\\\/\",\"name\":\"Aus Kabul evakuiert \u2013 in der Slowakei gefangen - Amal, Hamburg!\",\"isPartOf\":{\"@id\":\"https:\\\/\\\/amalhamburg.de\\\/de\\\/#website\"},\"primaryImageOfPage\":{\"@id\":\"https:\\\/\\\/amalhamburg.de\\\/de\\\/2021\\\/11\\\/25\\\/aus-kabul-evakuiert-in-der-slowakei-gefangen\\\/#primaryimage\"},\"image\":{\"@id\":\"https:\\\/\\\/amalhamburg.de\\\/de\\\/2021\\\/11\\\/25\\\/aus-kabul-evakuiert-in-der-slowakei-gefangen\\\/#primaryimage\"},\"thumbnailUrl\":\"https:\\\/\\\/amalhamburg.de\\\/wp-content\\\/uploads\\\/sites\\\/2\\\/2021\\\/11\\\/WhatsApp-Image-2021-11-21-at-18.06.14-2.jpeg\",\"datePublished\":\"2021-11-25T11:30:56+00:00\",\"dateModified\":\"2021-11-25T11:38:09+00:00\",\"author\":{\"@id\":\"https:\\\/\\\/amalhamburg.de\\\/de\\\/#\\\/schema\\\/person\\\/9686b85b7983e8419dbfb9f966bd2eb7\"},\"description\":\"Jalal Hussaini ist Journalist aus Afghanistan und lebt in Hamburg im Exil. Als im August die Taliban Kabul einnahmen, fiel seine Heimat in Tr\u00fcmmer. Sein enger Freund Ahmad schaffe es damals, mit einem der Evakuierungsfl\u00fcge in die Slowakei zu entkommen. Doch dort ist er jetzt gefangen.\",\"breadcrumb\":{\"@id\":\"https:\\\/\\\/amalhamburg.de\\\/de\\\/2021\\\/11\\\/25\\\/aus-kabul-evakuiert-in-der-slowakei-gefangen\\\/#breadcrumb\"},\"inLanguage\":\"de\",\"potentialAction\":[{\"@type\":\"ReadAction\",\"target\":[\"https:\\\/\\\/amalhamburg.de\\\/de\\\/2021\\\/11\\\/25\\\/aus-kabul-evakuiert-in-der-slowakei-gefangen\\\/\"]}]},{\"@type\":\"ImageObject\",\"inLanguage\":\"de\",\"@id\":\"https:\\\/\\\/amalhamburg.de\\\/de\\\/2021\\\/11\\\/25\\\/aus-kabul-evakuiert-in-der-slowakei-gefangen\\\/#primaryimage\",\"url\":\"https:\\\/\\\/amalhamburg.de\\\/wp-content\\\/uploads\\\/sites\\\/2\\\/2021\\\/11\\\/WhatsApp-Image-2021-11-21-at-18.06.14-2.jpeg\",\"contentUrl\":\"https:\\\/\\\/amalhamburg.de\\\/wp-content\\\/uploads\\\/sites\\\/2\\\/2021\\\/11\\\/WhatsApp-Image-2021-11-21-at-18.06.14-2.jpeg\",\"width\":1600,\"height\":1200,\"caption\":\"Foto: privat\"},{\"@type\":\"BreadcrumbList\",\"@id\":\"https:\\\/\\\/amalhamburg.de\\\/de\\\/2021\\\/11\\\/25\\\/aus-kabul-evakuiert-in-der-slowakei-gefangen\\\/#breadcrumb\",\"itemListElement\":[{\"@type\":\"ListItem\",\"position\":1,\"name\":\"Home\",\"item\":\"https:\\\/\\\/amalhamburg.de\\\/de\\\/\"},{\"@type\":\"ListItem\",\"position\":2,\"name\":\"Aus Kabul evakuiert \u2013 in der Slowakei gefangen\"}]},{\"@type\":\"WebSite\",\"@id\":\"https:\\\/\\\/amalhamburg.de\\\/de\\\/#website\",\"url\":\"https:\\\/\\\/amalhamburg.de\\\/de\\\/\",\"name\":\"Amal, Hamburg!\",\"description\":\"\",\"potentialAction\":[{\"@type\":\"SearchAction\",\"target\":{\"@type\":\"EntryPoint\",\"urlTemplate\":\"https:\\\/\\\/amalhamburg.de\\\/de\\\/?s={search_term_string}\"},\"query-input\":{\"@type\":\"PropertyValueSpecification\",\"valueRequired\":true,\"valueName\":\"search_term_string\"}}],\"inLanguage\":\"de\"},{\"@type\":\"Person\",\"@id\":\"https:\\\/\\\/amalhamburg.de\\\/de\\\/#\\\/schema\\\/person\\\/9686b85b7983e8419dbfb9f966bd2eb7\",\"name\":\"Jalal Hussaini\",\"image\":{\"@type\":\"ImageObject\",\"inLanguage\":\"de\",\"@id\":\"https:\\\/\\\/amalhamburg.de\\\/wp-content\\\/uploads\\\/sites\\\/2\\\/2020\\\/06\\\/Bewerbungsfoto-3-Exposure-1-125x125.jpg\",\"url\":\"https:\\\/\\\/amalhamburg.de\\\/wp-content\\\/uploads\\\/sites\\\/2\\\/2020\\\/06\\\/Bewerbungsfoto-3-Exposure-1-125x125.jpg\",\"contentUrl\":\"https:\\\/\\\/amalhamburg.de\\\/wp-content\\\/uploads\\\/sites\\\/2\\\/2020\\\/06\\\/Bewerbungsfoto-3-Exposure-1-125x125.jpg\",\"caption\":\"Jalal Hussaini\"},\"description\":\"\u062c\u0644\u0627\u0644 \u062d\u0633\u06cc\u0646\u06cc \u0645\u062a\u0648\u0644\u062f \u0633\u0627\u0644 \u06f1\u06f3\u06f6\u06f7 \u0627\u0633\u062a. \u0627\u0648 \u0631\u0634\u062a\u0647 \u06a9\u0627\u0631\u06af\u0631\u062f\u0627\u0646\u06cc \u0633\u06cc\u0646\u0645\u0627 \u0631\u0627 \u062f\u0631 \u062f\u0627\u0646\u0634\u06a9\u062f\u0647 \u0647\u0646\u0631\u0647\u0627\u06cc \u0632\u06cc\u0628\u0627\u06cc \u06a9\u0627\u0628\u0644 \u062e\u0648\u0627\u0646\u062f\u0647 \u0627\u0633\u062a \u0648 \u0628\u0647 \u0639\u0646\u0648\u0627\u0646 \u0646\u0648\u06cc\u0633\u0646\u062f\u0647\u060c\u200c \u06a9\u0627\u0631\u06af\u0631\u062f\u0627\u0646 \u0648 \u0627\u062f\u06cc\u062a\u0648\u0631 \u062f\u0631 \u062a\u0644\u0648\u06cc\u0632\u06cc\u0648\u0646 \u0648 \u067e\u0631\u0648\u062f\u06a9\u0634\u0646 \u0647\u0627\u06cc \u0645\u062e\u062a\u0644\u0641 \u0641\u0639\u0627\u0644\u06cc\u062a \u062f\u0627\u0634\u062a\u0647 \u0627\u0633\u062a. \u0647\u0645\u0686\u0646\u06cc\u0646 \u0627\u0648 \u06cc\u06a9\u06cc \u0627\u0632 \u0627\u0639\u0636\u0627\u06cc \u06af\u0631\u0648\u0647 \u0633\u06cc\u0646\u0645\u0627\u06cc\u06cc \u062c\u0627\u0645\u067e \u06a9\u0627\u062a \u0646\u06cc\u0632 \u0645\u06cc\u0628\u0627\u0634\u062f \u0648 \u062a\u0648\u0627\u0646\u0633\u062a\u0647 \u0627\u0633\u062a \u06a9\u0647 \u062a\u0648\u0633\u0637 \u0641\u06cc\u0644\u0645 \u0647\u0627\u06cc \u06a9\u0648\u062a\u0627\u0647\u0634 \u062f\u0631 \u062c\u0634\u0646\u0648\u0627\u0631\u0647 \u0647\u0627\u06cc \u0645\u062e\u062a\u0644\u0641\u06cc \u0645\u0627\u0646\u0646\u062f \u0628\u0631\u0644\u06cc\u0646\u0627\u0644\u0647 \u0622\u0644\u0645\u0627\u0646 \u0627\u0634\u062a\u0631\u0627\u06a9 \u062f\u0627\u0634\u062a\u0647 \u0627\u0633\u062a. \u0627\u0648 \u0627\u0632 \u0633\u0627\u0644 \u06f2\u06f0\u06f1\u06f4 \u062f\u0631 \u0622\u0644\u0645\u0627\u0646 \u0633\u06a9\u0648\u0646\u062a \u062f\u0627\u0631\u062f \u0648 \u0641\u0639\u0644\u0627 \u062f\u0631 \u0628\u062e\u0634 \u0641\u0627\u0631\u0633\u06cc\\\/ \u062f\u0631\u06cc \u0633\u0627\u06cc\u062a \u062e\u0628\u0631\u06cc \u0627\u0645\u0644 \u06a9\u0627\u0631 \u0645\u06cc\u06a9\u0646\u062f.\",\"url\":\"https:\\\/\\\/amalhamburg.de\\\/de\\\/author\\\/jalal-hussaini\\\/\"}]}<\/script>\n<!-- \/ Yoast SEO plugin. -->","yoast_head_json":{"title":"Aus Kabul evakuiert \u2013 in der Slowakei gefangen - Amal, Hamburg!","description":"Jalal Hussaini ist Journalist aus Afghanistan und lebt in Hamburg im Exil. Als im August die Taliban Kabul einnahmen, fiel seine Heimat in Tr\u00fcmmer. Sein enger Freund Ahmad schaffe es damals, mit einem der Evakuierungsfl\u00fcge in die Slowakei zu entkommen. Doch dort ist er jetzt gefangen.","robots":{"index":"index","follow":"follow","max-snippet":"max-snippet:-1","max-image-preview":"max-image-preview:large","max-video-preview":"max-video-preview:-1"},"canonical":"https:\/\/amalhamburg.de\/de\/2021\/11\/25\/aus-kabul-evakuiert-in-der-slowakei-gefangen\/","og_locale":"de_DE","og_type":"article","og_title":"Aus Kabul evakuiert \u2013 in der Slowakei gefangen - Amal, Hamburg!","og_description":"Jalal Hussaini ist Journalist aus Afghanistan und lebt in Hamburg im Exil. Als im August die Taliban Kabul einnahmen, fiel seine Heimat in Tr\u00fcmmer. Sein enger Freund Ahmad schaffe es damals, mit einem der Evakuierungsfl\u00fcge in die Slowakei zu entkommen. Doch dort ist er jetzt gefangen.","og_url":"https:\/\/amalhamburg.de\/de\/2021\/11\/25\/aus-kabul-evakuiert-in-der-slowakei-gefangen\/","og_site_name":"Amal, Hamburg!","article_published_time":"2021-11-25T11:30:56+00:00","article_modified_time":"2021-11-25T11:38:09+00:00","og_image":[{"width":1600,"height":1200,"url":"https:\/\/amalhamburg.de\/wp-content\/uploads\/sites\/2\/2021\/11\/WhatsApp-Image-2021-11-21-at-18.06.14-2.jpeg","type":"image\/jpeg"}],"author":"Jalal Hussaini","twitter_card":"summary_large_image","twitter_misc":{"Verfasst von":"Jalal Hussaini","Gesch\u00e4tzte Lesezeit":"6\u00a0Minuten"},"schema":{"@context":"https:\/\/schema.org","@graph":[{"@type":"Article","@id":"https:\/\/amalhamburg.de\/de\/2021\/11\/25\/aus-kabul-evakuiert-in-der-slowakei-gefangen\/#article","isPartOf":{"@id":"https:\/\/amalhamburg.de\/de\/2021\/11\/25\/aus-kabul-evakuiert-in-der-slowakei-gefangen\/"},"author":{"name":"Jalal Hussaini","@id":"https:\/\/amalhamburg.de\/de\/#\/schema\/person\/9686b85b7983e8419dbfb9f966bd2eb7"},"headline":"Aus Kabul evakuiert \u2013 in der Slowakei gefangen","datePublished":"2021-11-25T11:30:56+00:00","dateModified":"2021-11-25T11:38:09+00:00","mainEntityOfPage":{"@id":"https:\/\/amalhamburg.de\/de\/2021\/11\/25\/aus-kabul-evakuiert-in-der-slowakei-gefangen\/"},"wordCount":1183,"image":{"@id":"https:\/\/amalhamburg.de\/de\/2021\/11\/25\/aus-kabul-evakuiert-in-der-slowakei-gefangen\/#primaryimage"},"thumbnailUrl":"https:\/\/amalhamburg.de\/wp-content\/uploads\/sites\/2\/2021\/11\/WhatsApp-Image-2021-11-21-at-18.06.14-2.jpeg","keywords":["Afghanistan","Einwanderung","Europa","Evakuiert","Gefl\u00fcchtet","Grenzen","Slowakei"],"articleSection":["Beitr\u00e4ge"],"inLanguage":"de"},{"@type":"WebPage","@id":"https:\/\/amalhamburg.de\/de\/2021\/11\/25\/aus-kabul-evakuiert-in-der-slowakei-gefangen\/","url":"https:\/\/amalhamburg.de\/de\/2021\/11\/25\/aus-kabul-evakuiert-in-der-slowakei-gefangen\/","name":"Aus Kabul evakuiert \u2013 in der Slowakei gefangen - Amal, Hamburg!","isPartOf":{"@id":"https:\/\/amalhamburg.de\/de\/#website"},"primaryImageOfPage":{"@id":"https:\/\/amalhamburg.de\/de\/2021\/11\/25\/aus-kabul-evakuiert-in-der-slowakei-gefangen\/#primaryimage"},"image":{"@id":"https:\/\/amalhamburg.de\/de\/2021\/11\/25\/aus-kabul-evakuiert-in-der-slowakei-gefangen\/#primaryimage"},"thumbnailUrl":"https:\/\/amalhamburg.de\/wp-content\/uploads\/sites\/2\/2021\/11\/WhatsApp-Image-2021-11-21-at-18.06.14-2.jpeg","datePublished":"2021-11-25T11:30:56+00:00","dateModified":"2021-11-25T11:38:09+00:00","author":{"@id":"https:\/\/amalhamburg.de\/de\/#\/schema\/person\/9686b85b7983e8419dbfb9f966bd2eb7"},"description":"Jalal Hussaini ist Journalist aus Afghanistan und lebt in Hamburg im Exil. Als im August die Taliban Kabul einnahmen, fiel seine Heimat in Tr\u00fcmmer. Sein enger Freund Ahmad schaffe es damals, mit einem der Evakuierungsfl\u00fcge in die Slowakei zu entkommen. Doch dort ist er jetzt gefangen.","breadcrumb":{"@id":"https:\/\/amalhamburg.de\/de\/2021\/11\/25\/aus-kabul-evakuiert-in-der-slowakei-gefangen\/#breadcrumb"},"inLanguage":"de","potentialAction":[{"@type":"ReadAction","target":["https:\/\/amalhamburg.de\/de\/2021\/11\/25\/aus-kabul-evakuiert-in-der-slowakei-gefangen\/"]}]},{"@type":"ImageObject","inLanguage":"de","@id":"https:\/\/amalhamburg.de\/de\/2021\/11\/25\/aus-kabul-evakuiert-in-der-slowakei-gefangen\/#primaryimage","url":"https:\/\/amalhamburg.de\/wp-content\/uploads\/sites\/2\/2021\/11\/WhatsApp-Image-2021-11-21-at-18.06.14-2.jpeg","contentUrl":"https:\/\/amalhamburg.de\/wp-content\/uploads\/sites\/2\/2021\/11\/WhatsApp-Image-2021-11-21-at-18.06.14-2.jpeg","width":1600,"height":1200,"caption":"Foto: privat"},{"@type":"BreadcrumbList","@id":"https:\/\/amalhamburg.de\/de\/2021\/11\/25\/aus-kabul-evakuiert-in-der-slowakei-gefangen\/#breadcrumb","itemListElement":[{"@type":"ListItem","position":1,"name":"Home","item":"https:\/\/amalhamburg.de\/de\/"},{"@type":"ListItem","position":2,"name":"Aus Kabul evakuiert \u2013 in der Slowakei gefangen"}]},{"@type":"WebSite","@id":"https:\/\/amalhamburg.de\/de\/#website","url":"https:\/\/amalhamburg.de\/de\/","name":"Amal, Hamburg!","description":"","potentialAction":[{"@type":"SearchAction","target":{"@type":"EntryPoint","urlTemplate":"https:\/\/amalhamburg.de\/de\/?s={search_term_string}"},"query-input":{"@type":"PropertyValueSpecification","valueRequired":true,"valueName":"search_term_string"}}],"inLanguage":"de"},{"@type":"Person","@id":"https:\/\/amalhamburg.de\/de\/#\/schema\/person\/9686b85b7983e8419dbfb9f966bd2eb7","name":"Jalal Hussaini","image":{"@type":"ImageObject","inLanguage":"de","@id":"https:\/\/amalhamburg.de\/wp-content\/uploads\/sites\/2\/2020\/06\/Bewerbungsfoto-3-Exposure-1-125x125.jpg","url":"https:\/\/amalhamburg.de\/wp-content\/uploads\/sites\/2\/2020\/06\/Bewerbungsfoto-3-Exposure-1-125x125.jpg","contentUrl":"https:\/\/amalhamburg.de\/wp-content\/uploads\/sites\/2\/2020\/06\/Bewerbungsfoto-3-Exposure-1-125x125.jpg","caption":"Jalal Hussaini"},"description":"\u062c\u0644\u0627\u0644 \u062d\u0633\u06cc\u0646\u06cc \u0645\u062a\u0648\u0644\u062f \u0633\u0627\u0644 \u06f1\u06f3\u06f6\u06f7 \u0627\u0633\u062a. \u0627\u0648 \u0631\u0634\u062a\u0647 \u06a9\u0627\u0631\u06af\u0631\u062f\u0627\u0646\u06cc \u0633\u06cc\u0646\u0645\u0627 \u0631\u0627 \u062f\u0631 \u062f\u0627\u0646\u0634\u06a9\u062f\u0647 \u0647\u0646\u0631\u0647\u0627\u06cc \u0632\u06cc\u0628\u0627\u06cc \u06a9\u0627\u0628\u0644 \u062e\u0648\u0627\u0646\u062f\u0647 \u0627\u0633\u062a \u0648 \u0628\u0647 \u0639\u0646\u0648\u0627\u0646 \u0646\u0648\u06cc\u0633\u0646\u062f\u0647\u060c\u200c \u06a9\u0627\u0631\u06af\u0631\u062f\u0627\u0646 \u0648 \u0627\u062f\u06cc\u062a\u0648\u0631 \u062f\u0631 \u062a\u0644\u0648\u06cc\u0632\u06cc\u0648\u0646 \u0648 \u067e\u0631\u0648\u062f\u06a9\u0634\u0646 \u0647\u0627\u06cc \u0645\u062e\u062a\u0644\u0641 \u0641\u0639\u0627\u0644\u06cc\u062a \u062f\u0627\u0634\u062a\u0647 \u0627\u0633\u062a. \u0647\u0645\u0686\u0646\u06cc\u0646 \u0627\u0648 \u06cc\u06a9\u06cc \u0627\u0632 \u0627\u0639\u0636\u0627\u06cc \u06af\u0631\u0648\u0647 \u0633\u06cc\u0646\u0645\u0627\u06cc\u06cc \u062c\u0627\u0645\u067e \u06a9\u0627\u062a \u0646\u06cc\u0632 \u0645\u06cc\u0628\u0627\u0634\u062f \u0648 \u062a\u0648\u0627\u0646\u0633\u062a\u0647 \u0627\u0633\u062a \u06a9\u0647 \u062a\u0648\u0633\u0637 \u0641\u06cc\u0644\u0645 \u0647\u0627\u06cc \u06a9\u0648\u062a\u0627\u0647\u0634 \u062f\u0631 \u062c\u0634\u0646\u0648\u0627\u0631\u0647 \u0647\u0627\u06cc \u0645\u062e\u062a\u0644\u0641\u06cc \u0645\u0627\u0646\u0646\u062f \u0628\u0631\u0644\u06cc\u0646\u0627\u0644\u0647 \u0622\u0644\u0645\u0627\u0646 \u0627\u0634\u062a\u0631\u0627\u06a9 \u062f\u0627\u0634\u062a\u0647 \u0627\u0633\u062a. \u0627\u0648 \u0627\u0632 \u0633\u0627\u0644 \u06f2\u06f0\u06f1\u06f4 \u062f\u0631 \u0622\u0644\u0645\u0627\u0646 \u0633\u06a9\u0648\u0646\u062a \u062f\u0627\u0631\u062f \u0648 \u0641\u0639\u0644\u0627 \u062f\u0631 \u0628\u062e\u0634 \u0641\u0627\u0631\u0633\u06cc\/ \u062f\u0631\u06cc \u0633\u0627\u06cc\u062a \u062e\u0628\u0631\u06cc \u0627\u0645\u0644 \u06a9\u0627\u0631 \u0645\u06cc\u06a9\u0646\u062f.","url":"https:\/\/amalhamburg.de\/de\/author\/jalal-hussaini\/"}]}},"_links":{"self":[{"href":"https:\/\/amalhamburg.de\/de\/wp-json\/wp\/v2\/posts\/49654","targetHints":{"allow":["GET"]}}],"collection":[{"href":"https:\/\/amalhamburg.de\/de\/wp-json\/wp\/v2\/posts"}],"about":[{"href":"https:\/\/amalhamburg.de\/de\/wp-json\/wp\/v2\/types\/post"}],"author":[{"embeddable":true,"href":"https:\/\/amalhamburg.de\/de\/wp-json\/wp\/v2\/users\/27"}],"replies":[{"embeddable":true,"href":"https:\/\/amalhamburg.de\/de\/wp-json\/wp\/v2\/comments?post=49654"}],"version-history":[{"count":2,"href":"https:\/\/amalhamburg.de\/de\/wp-json\/wp\/v2\/posts\/49654\/revisions"}],"predecessor-version":[{"id":49667,"href":"https:\/\/amalhamburg.de\/de\/wp-json\/wp\/v2\/posts\/49654\/revisions\/49667"}],"wp:featuredmedia":[{"embeddable":true,"href":"https:\/\/amalhamburg.de\/de\/wp-json\/wp\/v2\/media\/49486"}],"wp:attachment":[{"href":"https:\/\/amalhamburg.de\/de\/wp-json\/wp\/v2\/media?parent=49654"}],"wp:term":[{"taxonomy":"category","embeddable":true,"href":"https:\/\/amalhamburg.de\/de\/wp-json\/wp\/v2\/categories?post=49654"},{"taxonomy":"post_tag","embeddable":true,"href":"https:\/\/amalhamburg.de\/de\/wp-json\/wp\/v2\/tags?post=49654"}],"curies":[{"name":"wp","href":"https:\/\/api.w.org\/{rel}","templated":true}]}}