{"id":49619,"date":"2021-11-25T10:29:04","date_gmt":"2021-11-25T09:29:04","guid":{"rendered":"https:\/\/amalhamburg.de\/?p=49619"},"modified":"2021-12-03T23:11:34","modified_gmt":"2021-12-03T22:11:34","slug":"%e2%9d%a4%ef%b8%8f%e2%9d%a4%ef%b8%8f-ist-wenn-die-voice-of-germany-auf-arabisch-singt","status":"publish","type":"post","link":"https:\/\/amalhamburg.de\/de\/2021\/11\/25\/%e2%9d%a4%ef%b8%8f%e2%9d%a4%ef%b8%8f-ist-wenn-die-voice-of-germany-auf-arabisch-singt\/","title":{"rendered":"Willkommen in der Hansestadt Heratburg"},"content":{"rendered":"<p>haben Sie auch gerade das Gef\u00fchl, dass es reicht? CORONA ohne Ende, nervenzerrendes Ringen um den Klimakompromiss und dazu noch das Fl\u00fcchtlingselend an der Grenze zu Europa? Sie haben Lust, das einmal kurz alles hinter sich zu lassen? Dann haben wir etwas f\u00fcr Sie: In seinem neuesten Video nimmt uns Anas Khabir mit in eine andere Welt. Eine Welt in der ein junger Mann bei einer leichten Musik-Unterhaltungsshow mit einem politischen Lied antritt und Erfolg hat. Das Lied ist inhaltsschwer, aber klingt f\u00fcr viele deutsche Ohren auch ein wenig altbacken, weil es im Schulunterricht &#8218;rauf und &#8218;runteranalysiert wurde. Sei es drum wechselt der unbekannte Newcomer nach ein paar Takten auch noch ins Arabische. Das Erstaunlichste an der Geschichte: Der Kandidat schafft es in die n\u00e4chste Runde von Voice of Germany. (Inzwischen ist er ausgeschieden, aber da ist das Video zu Gl\u00fcck schon vorher zu Ende). Hier geht es zum Video mit deutschen Untertiteln:<\/p>\n<p><iframe loading=\"lazy\" title=\"\u062a\u0639\u0631\u0641\u0648\u0627 \u0639\u0644\u0649 \u0627\u0644\u0645\u062a\u0633\u0627\u0628\u0642 \u0627\u0644\u0633\u0648\u0631\u064a \u0645\u0627\u0632\u0646 \u0645\u062d\u0633\u0646 \u0641\u064a \u0628\u0631\u0646\u0627\u0645\u062c \u0627\u0644\u0645\u0648\u0627\u0647\u0628 \u0627\u0644\u0623\u0644\u0645\u0627\u0646\u064a THE VOICE OF GERMANY\" width=\"680\" height=\"383\" src=\"https:\/\/www.youtube.com\/embed\/Vav1Xg5f2-M?feature=oembed\" frameborder=\"0\" allow=\"accelerometer; autoplay; clipboard-write; encrypted-media; gyroscope; picture-in-picture\" allowfullscreen><\/iframe><\/p>\n<h2 class=\"yiv1566465995null\">Die afghanische Hansestadt<\/h2>\n<p>Hamburg ist f\u00fcr viele Afghan*innen die heimliche Hauptstadt ihres Landes. Hier gibt es besonders viele afghanische Gesch\u00e4fte, Kultureinrichtungen und sehr viele Afghan*innen wohnen in Hamburg und Umgebung. In den vergangenen Wochen sind noch einmal viele dazugekommen, darunter auch prominente K\u00fcnstler*innen und Journalist*innen. Dazu geh\u00f6rt auch\u00a0Ahmad Wahid Payman. Der 37j\u00e4hrige ist in Afghanistan als Moderator der beliebten 8-Uhr-Morgens-Show bekannt. Der Spiegel bezeichnet ihn als einflussreichsten Journalisten Afghanistans.\u00a0Im Interview mit Amal beschreibt er, wie er vor seiner Flucht von den Taliban massiv unter Druck gesetzt wurde und erkl\u00e4rt, warum Hamburg einen neuen Spitznamen bekommen hat: Viele Afghan*innen nennen die Hansestadt Herat-Burg. Auf unserer Hamburg-Seite finden Sie das Interview mit ihm auf Dari. In der kommenden Woche wird es mit deutschen Untertiteln auch beim Hamburger Abendblatt gepostet.<\/p>\n<h2 class=\"yiv1566465995null\">Willkommen in Herat-Burg<\/h2>\n<p>Diese Aussage hat Dawod Adil zum Anlass genommen, sich unter Afghanen in Hamburg umzuh\u00f6ren. (Ja, es ist kein Tippfehler. In diesem Fall hat er tats\u00e4chlich nur M\u00e4nner interviewt. Die Frauen, die er an dem Nieselregentag auf dem Steindamm beim Einkaufen traf, wollten nicht vor der Kamera mit ihm sprechen.) Die Neuangekommenen erz\u00e4hlen, dass Hamburg inzwischen eine gute afghanische Infrastruktur hat. Es gibt Restaurants, Lebensmittelgesch\u00e4fte und sogar eine Moschee. Die wirtschaftliche Situation in der Stadt ist gut. Das gr\u00f6\u00dfte Problem sehen sie darin, eine bezahlbare Wohnung zu finden. Hier geht es zum Video:<\/p>\n<p><iframe loading=\"lazy\" title=\"\u06af\u0632\u0627\u0631\u0634 \u0627\u0645\u0644 \u0628\u0631\u0644\u06cc\u0646 \u0627\u0632\u0634\u0647\u0631\u0647\u0627\u0645\u0628\u0648\u0631\u06af\u060c \u0647\u0627\u0645\u0628\u0648\u0631\u06af \u062f\u0648\u0645\u06cc\u0646 \u0634\u0647\u0631\u0628\u0632\u0631\u06af \u0622\u0644\u0645\u0627\u0646 \u067e\u0633 \u0627\u0632\u0628\u0631\u0644\u06cc\u0646 \u0648\u0647\u0634\u062a\u0645\u06cc\u0646 \u0634\u0647\u0631\u0627\u062a\u062d\u0627\u062f\u06cc\u0647 \u0627\u0631\u0648\u067e\u0627 \u0627\u0633\u062a.\" width=\"680\" height=\"383\" src=\"https:\/\/www.youtube.com\/embed\/1y0kNSHJNTk?feature=oembed\" frameborder=\"0\" allow=\"accelerometer; autoplay; clipboard-write; encrypted-media; gyroscope; picture-in-picture\" allowfullscreen><\/iframe><\/p>\n<h2 class=\"yiv1566465995null\">Heiraten auf afghanisch<\/h2>\n<p>Ebenfalls in Hamburg befindet sich das Max Planck Institut f\u00fcr ausl\u00e4ndisches und internationales Privatrecht und dort baut Professor <a href=\"https:\/\/amalberlin.us16.list-manage.com\/track\/click?u=25b910bd41bcfa802c85dd54f&amp;id=debc6bcb16&amp;e=77225fe06c\" target=\"_blank\" rel=\"nofollow noopener noreferrer\">Nadjma Yassari<\/a> derzeit eine Datenbank zum afghanischen Familienrecht auf. Es soll Afghanin*innen dabei helfen, ihre Rechtsangelegenheiten in Deutschland leichter zu regeln. Es soll auch Gerichten und Beh\u00f6rden helfen, die afghanischen Gesetze besser zu verstehen und Entscheidungen zu treffen. Dawod Adil hat ihr eine Frage gestellt, die derzeit viele Afghan*innen besch\u00e4ftigt: &#8222;Ist es m\u00f6glich in Abwesenheit Ehen mit einer Person in Afghanistan zu schlie\u00dfen, so dass diese Ehe auch in Deutschland anerkannt ist?&#8220;. Nadjma Yassari erkl\u00e4rt, welche Bedingungen erf\u00fcllt sein m\u00fcssen, dass eine solche &#8222;Handschuhehe&#8220; geschlossen werden kann. Hier geht es zum Interview mit deutschen Untertiteln:<\/p>\n<p><iframe loading=\"lazy\" title=\"\u06af\u0641\u062a\u06af\u0648 \u0627\u0645\u0644 \u0628\u0627 \u062f\u06a9\u062a\u0631 \u0646\u062c\u0645\u0647 \u06cc\u0633\u0627\u0631\u06cc \u0645\u062d\u0642\u06cc\u0642 \u062d\u0642\u0648\u0642 \u062e\u0627\u0646\u0648\u0627\u062f\u0647 \u062f\u0631\u0622\u0644\u0645\u0627\u0646\" width=\"680\" height=\"383\" src=\"https:\/\/www.youtube.com\/embed\/zJDoHwgVawA?feature=oembed\" frameborder=\"0\" allow=\"accelerometer; autoplay; clipboard-write; encrypted-media; gyroscope; picture-in-picture\" allowfullscreen><\/iframe><\/p>\n<p>&nbsp;<\/p>\n<h2>CORONA Service<\/h2>\n<p>Bei Amal, Berlin! und Amal, Hamburg! gibt es t\u00e4glich aktuell alle Neuigkeiten rund um das Thema CORONA und Impfen. Auf Arabisch und Persisch informieren wir unsere Leser*innen \u00fcber alles, was sie zu diesem Thema wissen m\u00fcssen, damit sie sich ein eigenes Bild der aktuellen (heiklen) Situation machen und gut auf sich aufpassen k\u00f6nnen. Wenn Sie in Ihrer Arbeit oder auf ihren sozialen Medien Videos und Berichte zum Thema CORONA auf Arabisch und Persisch verwenden wollen, k\u00f6nnen Sie gerne unsere Beitr\u00e4ge teilen und weiterverbreiten. Nur eine Bitte: Geben Sie Amal als Quelle an. Hier finden Sie Beitr\u00e4ge auf <a href=\"https:\/\/amalberlin.us16.list-manage.com\/track\/click?u=25b910bd41bcfa802c85dd54f&amp;id=a58e721dcb&amp;e=77225fe06c\" target=\"_blank\" rel=\"nofollow noopener noreferrer\">Persisch <\/a>und auf <a href=\"https:\/\/amalberlin.us16.list-manage.com\/track\/click?u=25b910bd41bcfa802c85dd54f&amp;id=aa26657cfd&amp;e=77225fe06c\" target=\"_blank\" rel=\"nofollow noopener noreferrer\">Arabisch.<\/a><\/p>\n<img decoding=\"async\" class=\"yiv1566465995mcnImage aligncenter\" src=\"https:\/\/ecp.yusercontent.com\/mail?url=https%3A%2F%2Fmcusercontent.com%2F25b910bd41bcfa802c85dd54f%2Fimages%2F2aa5070d-4827-3896-84f9-67ed069378ed.jpg&amp;t=1637831821&amp;ymreqid=7b487ecc-e939-618c-1c87-93003001b700&amp;sig=h2aZILDr.bwuSmedfcOeeA--~D\" alt=\"\" width=\"564\" \/>\n<p>Anas Khabir, Dawod Adil, epd Rolf Zoellner<br \/>\n,<br \/>\n<strong>Amal, Berlin! berichtet auf Arabisch und Farsi\/Dari \u00fcber alles, was in Berlin wichtig ist. Gerne \u00fcbersetzen wir einzelne Artikel auch ins Deutsche und stellen sie Redaktionen gegen Honorar zur Verf\u00fcgung.<\/strong><\/p>\n<p>Bitte wenden Sie sich per Mail an:<br \/>\n<strong>info(at)amalberlin.de<\/strong><\/p>\n","protected":false},"excerpt":{"rendered":"<p>haben Sie auch gerade das Gef\u00fchl, dass es reicht? CORONA ohne Ende, nervenzerrendes Ringen um den Klimakompromiss und dazu noch das Fl\u00fcchtlingselend an der Grenze zu Europa? Sie haben Lust, das einmal kurz alles hinter sich zu lassen? Dann haben wir etwas f\u00fcr Sie: In seinem neuesten Video nimmt uns Anas Khabir mit in eine&#8230;  <a class=\"excerpt-read-more\" href=\"https:\/\/amalhamburg.de\/de\/2021\/11\/25\/%e2%9d%a4%ef%b8%8f%e2%9d%a4%ef%b8%8f-ist-wenn-die-voice-of-germany-auf-arabisch-singt\/\" title=\"Read Willkommen in der Hansestadt Heratburg\">Weiter &raquo;<\/a><\/p>\n","protected":false},"author":13,"featured_media":49624,"comment_status":"closed","ping_status":"open","sticky":false,"template":"","format":"standard","meta":{"_acf_changed":false,"footnotes":""},"categories":[156],"tags":[1269,84,5755],"class_list":["post-49619","post","type-post","status-publish","format-standard","has-post-thumbnail","hentry","category-zusammenfassungen","tag-afghanistan-de","tag-hamburg-de","tag-voice-of-germany"],"acf":[],"yoast_head":"<!-- This site is optimized with the Yoast SEO plugin v27.5 - https:\/\/yoast.com\/product\/yoast-seo-wordpress\/ -->\n<title>Willkommen in der Hansestadt Heratburg - Amal, Hamburg!<\/title>\n<meta name=\"description\" content=\"Amal-Themen der vergangenen Woche: Voice of Germany mit einem syrischen Kandidaten. Hamburg als Stadt mit besonders vielen Afghanen\" \/>\n<meta name=\"robots\" content=\"index, follow, max-snippet:-1, max-image-preview:large, max-video-preview:-1\" \/>\n<link rel=\"canonical\" href=\"https:\/\/amalhamburg.de\/de\/2021\/11\/25\/%e2%9d%a4%ef%b8%8f%e2%9d%a4%ef%b8%8f-ist-wenn-die-voice-of-germany-auf-arabisch-singt\/\" \/>\n<meta property=\"og:locale\" content=\"de_DE\" \/>\n<meta property=\"og:type\" content=\"article\" \/>\n<meta property=\"og:title\" content=\"Willkommen in der Hansestadt Heratburg - Amal, Hamburg!\" \/>\n<meta property=\"og:description\" content=\"Amal-Themen der vergangenen Woche: Voice of Germany mit einem syrischen Kandidaten. Hamburg als Stadt mit besonders vielen Afghanen\" \/>\n<meta property=\"og:url\" content=\"https:\/\/amalhamburg.de\/de\/2021\/11\/25\/%e2%9d%a4%ef%b8%8f%e2%9d%a4%ef%b8%8f-ist-wenn-die-voice-of-germany-auf-arabisch-singt\/\" \/>\n<meta property=\"og:site_name\" content=\"Amal, Hamburg!\" \/>\n<meta property=\"article:published_time\" content=\"2021-11-25T09:29:04+00:00\" \/>\n<meta property=\"article:modified_time\" content=\"2021-12-03T22:11:34+00:00\" \/>\n<meta property=\"og:image\" content=\"https:\/\/amalhamburg.de\/wp-content\/uploads\/sites\/2\/2021\/11\/mail.jpg\" \/>\n\t<meta property=\"og:image:width\" content=\"1151\" \/>\n\t<meta property=\"og:image:height\" content=\"648\" \/>\n\t<meta property=\"og:image:type\" content=\"image\/jpeg\" \/>\n<meta name=\"author\" content=\"Julia Gerlach\" \/>\n<meta name=\"twitter:card\" content=\"summary_large_image\" \/>\n<meta name=\"twitter:label1\" content=\"Verfasst von\" \/>\n\t<meta name=\"twitter:data1\" content=\"Julia Gerlach\" \/>\n\t<meta name=\"twitter:label2\" content=\"Gesch\u00e4tzte Lesezeit\" \/>\n\t<meta name=\"twitter:data2\" content=\"4\u00a0Minuten\" \/>\n<script type=\"application\/ld+json\" class=\"yoast-schema-graph\">{\"@context\":\"https:\\\/\\\/schema.org\",\"@graph\":[{\"@type\":\"Article\",\"@id\":\"https:\\\/\\\/amalhamburg.de\\\/de\\\/2021\\\/11\\\/25\\\/%e2%9d%a4%ef%b8%8f%e2%9d%a4%ef%b8%8f-ist-wenn-die-voice-of-germany-auf-arabisch-singt\\\/#article\",\"isPartOf\":{\"@id\":\"https:\\\/\\\/amalhamburg.de\\\/de\\\/2021\\\/11\\\/25\\\/%e2%9d%a4%ef%b8%8f%e2%9d%a4%ef%b8%8f-ist-wenn-die-voice-of-germany-auf-arabisch-singt\\\/\"},\"author\":{\"name\":\"Julia Gerlach\",\"@id\":\"https:\\\/\\\/amalhamburg.de\\\/de\\\/#\\\/schema\\\/person\\\/69d08bbfd6c317e7166f72efca0b9e05\"},\"headline\":\"Willkommen in der Hansestadt Heratburg\",\"datePublished\":\"2021-11-25T09:29:04+00:00\",\"dateModified\":\"2021-12-03T22:11:34+00:00\",\"mainEntityOfPage\":{\"@id\":\"https:\\\/\\\/amalhamburg.de\\\/de\\\/2021\\\/11\\\/25\\\/%e2%9d%a4%ef%b8%8f%e2%9d%a4%ef%b8%8f-ist-wenn-die-voice-of-germany-auf-arabisch-singt\\\/\"},\"wordCount\":709,\"image\":{\"@id\":\"https:\\\/\\\/amalhamburg.de\\\/de\\\/2021\\\/11\\\/25\\\/%e2%9d%a4%ef%b8%8f%e2%9d%a4%ef%b8%8f-ist-wenn-die-voice-of-germany-auf-arabisch-singt\\\/#primaryimage\"},\"thumbnailUrl\":\"https:\\\/\\\/amalhamburg.de\\\/wp-content\\\/uploads\\\/sites\\\/2\\\/2021\\\/11\\\/mail.jpg\",\"keywords\":[\"Afghanistan\",\"hamburg\",\"Voice of Germany\"],\"articleSection\":[\"Unsere Themen der vergangenen Woche\"],\"inLanguage\":\"de\"},{\"@type\":\"WebPage\",\"@id\":\"https:\\\/\\\/amalhamburg.de\\\/de\\\/2021\\\/11\\\/25\\\/%e2%9d%a4%ef%b8%8f%e2%9d%a4%ef%b8%8f-ist-wenn-die-voice-of-germany-auf-arabisch-singt\\\/\",\"url\":\"https:\\\/\\\/amalhamburg.de\\\/de\\\/2021\\\/11\\\/25\\\/%e2%9d%a4%ef%b8%8f%e2%9d%a4%ef%b8%8f-ist-wenn-die-voice-of-germany-auf-arabisch-singt\\\/\",\"name\":\"Willkommen in der Hansestadt Heratburg - Amal, Hamburg!\",\"isPartOf\":{\"@id\":\"https:\\\/\\\/amalhamburg.de\\\/de\\\/#website\"},\"primaryImageOfPage\":{\"@id\":\"https:\\\/\\\/amalhamburg.de\\\/de\\\/2021\\\/11\\\/25\\\/%e2%9d%a4%ef%b8%8f%e2%9d%a4%ef%b8%8f-ist-wenn-die-voice-of-germany-auf-arabisch-singt\\\/#primaryimage\"},\"image\":{\"@id\":\"https:\\\/\\\/amalhamburg.de\\\/de\\\/2021\\\/11\\\/25\\\/%e2%9d%a4%ef%b8%8f%e2%9d%a4%ef%b8%8f-ist-wenn-die-voice-of-germany-auf-arabisch-singt\\\/#primaryimage\"},\"thumbnailUrl\":\"https:\\\/\\\/amalhamburg.de\\\/wp-content\\\/uploads\\\/sites\\\/2\\\/2021\\\/11\\\/mail.jpg\",\"datePublished\":\"2021-11-25T09:29:04+00:00\",\"dateModified\":\"2021-12-03T22:11:34+00:00\",\"author\":{\"@id\":\"https:\\\/\\\/amalhamburg.de\\\/de\\\/#\\\/schema\\\/person\\\/69d08bbfd6c317e7166f72efca0b9e05\"},\"description\":\"Amal-Themen der vergangenen Woche: Voice of Germany mit einem syrischen Kandidaten. Hamburg als Stadt mit besonders vielen Afghanen\",\"breadcrumb\":{\"@id\":\"https:\\\/\\\/amalhamburg.de\\\/de\\\/2021\\\/11\\\/25\\\/%e2%9d%a4%ef%b8%8f%e2%9d%a4%ef%b8%8f-ist-wenn-die-voice-of-germany-auf-arabisch-singt\\\/#breadcrumb\"},\"inLanguage\":\"de\",\"potentialAction\":[{\"@type\":\"ReadAction\",\"target\":[\"https:\\\/\\\/amalhamburg.de\\\/de\\\/2021\\\/11\\\/25\\\/%e2%9d%a4%ef%b8%8f%e2%9d%a4%ef%b8%8f-ist-wenn-die-voice-of-germany-auf-arabisch-singt\\\/\"]}]},{\"@type\":\"ImageObject\",\"inLanguage\":\"de\",\"@id\":\"https:\\\/\\\/amalhamburg.de\\\/de\\\/2021\\\/11\\\/25\\\/%e2%9d%a4%ef%b8%8f%e2%9d%a4%ef%b8%8f-ist-wenn-die-voice-of-germany-auf-arabisch-singt\\\/#primaryimage\",\"url\":\"https:\\\/\\\/amalhamburg.de\\\/wp-content\\\/uploads\\\/sites\\\/2\\\/2021\\\/11\\\/mail.jpg\",\"contentUrl\":\"https:\\\/\\\/amalhamburg.de\\\/wp-content\\\/uploads\\\/sites\\\/2\\\/2021\\\/11\\\/mail.jpg\",\"width\":1151,\"height\":648},{\"@type\":\"BreadcrumbList\",\"@id\":\"https:\\\/\\\/amalhamburg.de\\\/de\\\/2021\\\/11\\\/25\\\/%e2%9d%a4%ef%b8%8f%e2%9d%a4%ef%b8%8f-ist-wenn-die-voice-of-germany-auf-arabisch-singt\\\/#breadcrumb\",\"itemListElement\":[{\"@type\":\"ListItem\",\"position\":1,\"name\":\"Home\",\"item\":\"https:\\\/\\\/amalhamburg.de\\\/de\\\/\"},{\"@type\":\"ListItem\",\"position\":2,\"name\":\"Willkommen in der Hansestadt Heratburg\"}]},{\"@type\":\"WebSite\",\"@id\":\"https:\\\/\\\/amalhamburg.de\\\/de\\\/#website\",\"url\":\"https:\\\/\\\/amalhamburg.de\\\/de\\\/\",\"name\":\"Amal, Hamburg!\",\"description\":\"\",\"potentialAction\":[{\"@type\":\"SearchAction\",\"target\":{\"@type\":\"EntryPoint\",\"urlTemplate\":\"https:\\\/\\\/amalhamburg.de\\\/de\\\/?s={search_term_string}\"},\"query-input\":{\"@type\":\"PropertyValueSpecification\",\"valueRequired\":true,\"valueName\":\"search_term_string\"}}],\"inLanguage\":\"de\"},{\"@type\":\"Person\",\"@id\":\"https:\\\/\\\/amalhamburg.de\\\/de\\\/#\\\/schema\\\/person\\\/69d08bbfd6c317e7166f72efca0b9e05\",\"name\":\"Julia Gerlach\",\"image\":{\"@type\":\"ImageObject\",\"inLanguage\":\"de\",\"@id\":\"https:\\\/\\\/amalhamburg.de\\\/wp-content\\\/uploads\\\/sites\\\/2\\\/2019\\\/04\\\/aaaJulia-Gerlach-1-125x125.jpg\",\"url\":\"https:\\\/\\\/amalhamburg.de\\\/wp-content\\\/uploads\\\/sites\\\/2\\\/2019\\\/04\\\/aaaJulia-Gerlach-1-125x125.jpg\",\"contentUrl\":\"https:\\\/\\\/amalhamburg.de\\\/wp-content\\\/uploads\\\/sites\\\/2\\\/2019\\\/04\\\/aaaJulia-Gerlach-1-125x125.jpg\",\"caption\":\"Julia Gerlach\"},\"description\":\"Julia Gerlach ist Projektleiterin bei Amal, Berlin! Von 2008 bis 2015 hat sie als Korrespondentin f\u00fcr deutsche Medien aus Kairo \u00fcber die arabischen Welt berichtet. Zuvor war sie Redakteurin beim heute Journal des ZDF. Sie hat mehrere Sachb\u00fccher \u00fcber den Islam in Deutschland und den Arabischen Fr\u00fchling geschrieben.\",\"url\":\"https:\\\/\\\/amalhamburg.de\\\/de\\\/author\\\/julia\\\/\"}]}<\/script>\n<!-- \/ Yoast SEO plugin. -->","yoast_head_json":{"title":"Willkommen in der Hansestadt Heratburg - Amal, Hamburg!","description":"Amal-Themen der vergangenen Woche: Voice of Germany mit einem syrischen Kandidaten. Hamburg als Stadt mit besonders vielen Afghanen","robots":{"index":"index","follow":"follow","max-snippet":"max-snippet:-1","max-image-preview":"max-image-preview:large","max-video-preview":"max-video-preview:-1"},"canonical":"https:\/\/amalhamburg.de\/de\/2021\/11\/25\/%e2%9d%a4%ef%b8%8f%e2%9d%a4%ef%b8%8f-ist-wenn-die-voice-of-germany-auf-arabisch-singt\/","og_locale":"de_DE","og_type":"article","og_title":"Willkommen in der Hansestadt Heratburg - Amal, Hamburg!","og_description":"Amal-Themen der vergangenen Woche: Voice of Germany mit einem syrischen Kandidaten. Hamburg als Stadt mit besonders vielen Afghanen","og_url":"https:\/\/amalhamburg.de\/de\/2021\/11\/25\/%e2%9d%a4%ef%b8%8f%e2%9d%a4%ef%b8%8f-ist-wenn-die-voice-of-germany-auf-arabisch-singt\/","og_site_name":"Amal, Hamburg!","article_published_time":"2021-11-25T09:29:04+00:00","article_modified_time":"2021-12-03T22:11:34+00:00","og_image":[{"width":1151,"height":648,"url":"https:\/\/amalhamburg.de\/wp-content\/uploads\/sites\/2\/2021\/11\/mail.jpg","type":"image\/jpeg"}],"author":"Julia Gerlach","twitter_card":"summary_large_image","twitter_misc":{"Verfasst von":"Julia Gerlach","Gesch\u00e4tzte Lesezeit":"4\u00a0Minuten"},"schema":{"@context":"https:\/\/schema.org","@graph":[{"@type":"Article","@id":"https:\/\/amalhamburg.de\/de\/2021\/11\/25\/%e2%9d%a4%ef%b8%8f%e2%9d%a4%ef%b8%8f-ist-wenn-die-voice-of-germany-auf-arabisch-singt\/#article","isPartOf":{"@id":"https:\/\/amalhamburg.de\/de\/2021\/11\/25\/%e2%9d%a4%ef%b8%8f%e2%9d%a4%ef%b8%8f-ist-wenn-die-voice-of-germany-auf-arabisch-singt\/"},"author":{"name":"Julia Gerlach","@id":"https:\/\/amalhamburg.de\/de\/#\/schema\/person\/69d08bbfd6c317e7166f72efca0b9e05"},"headline":"Willkommen in der Hansestadt Heratburg","datePublished":"2021-11-25T09:29:04+00:00","dateModified":"2021-12-03T22:11:34+00:00","mainEntityOfPage":{"@id":"https:\/\/amalhamburg.de\/de\/2021\/11\/25\/%e2%9d%a4%ef%b8%8f%e2%9d%a4%ef%b8%8f-ist-wenn-die-voice-of-germany-auf-arabisch-singt\/"},"wordCount":709,"image":{"@id":"https:\/\/amalhamburg.de\/de\/2021\/11\/25\/%e2%9d%a4%ef%b8%8f%e2%9d%a4%ef%b8%8f-ist-wenn-die-voice-of-germany-auf-arabisch-singt\/#primaryimage"},"thumbnailUrl":"https:\/\/amalhamburg.de\/wp-content\/uploads\/sites\/2\/2021\/11\/mail.jpg","keywords":["Afghanistan","hamburg","Voice of Germany"],"articleSection":["Unsere Themen der vergangenen Woche"],"inLanguage":"de"},{"@type":"WebPage","@id":"https:\/\/amalhamburg.de\/de\/2021\/11\/25\/%e2%9d%a4%ef%b8%8f%e2%9d%a4%ef%b8%8f-ist-wenn-die-voice-of-germany-auf-arabisch-singt\/","url":"https:\/\/amalhamburg.de\/de\/2021\/11\/25\/%e2%9d%a4%ef%b8%8f%e2%9d%a4%ef%b8%8f-ist-wenn-die-voice-of-germany-auf-arabisch-singt\/","name":"Willkommen in der Hansestadt Heratburg - Amal, Hamburg!","isPartOf":{"@id":"https:\/\/amalhamburg.de\/de\/#website"},"primaryImageOfPage":{"@id":"https:\/\/amalhamburg.de\/de\/2021\/11\/25\/%e2%9d%a4%ef%b8%8f%e2%9d%a4%ef%b8%8f-ist-wenn-die-voice-of-germany-auf-arabisch-singt\/#primaryimage"},"image":{"@id":"https:\/\/amalhamburg.de\/de\/2021\/11\/25\/%e2%9d%a4%ef%b8%8f%e2%9d%a4%ef%b8%8f-ist-wenn-die-voice-of-germany-auf-arabisch-singt\/#primaryimage"},"thumbnailUrl":"https:\/\/amalhamburg.de\/wp-content\/uploads\/sites\/2\/2021\/11\/mail.jpg","datePublished":"2021-11-25T09:29:04+00:00","dateModified":"2021-12-03T22:11:34+00:00","author":{"@id":"https:\/\/amalhamburg.de\/de\/#\/schema\/person\/69d08bbfd6c317e7166f72efca0b9e05"},"description":"Amal-Themen der vergangenen Woche: Voice of Germany mit einem syrischen Kandidaten. Hamburg als Stadt mit besonders vielen Afghanen","breadcrumb":{"@id":"https:\/\/amalhamburg.de\/de\/2021\/11\/25\/%e2%9d%a4%ef%b8%8f%e2%9d%a4%ef%b8%8f-ist-wenn-die-voice-of-germany-auf-arabisch-singt\/#breadcrumb"},"inLanguage":"de","potentialAction":[{"@type":"ReadAction","target":["https:\/\/amalhamburg.de\/de\/2021\/11\/25\/%e2%9d%a4%ef%b8%8f%e2%9d%a4%ef%b8%8f-ist-wenn-die-voice-of-germany-auf-arabisch-singt\/"]}]},{"@type":"ImageObject","inLanguage":"de","@id":"https:\/\/amalhamburg.de\/de\/2021\/11\/25\/%e2%9d%a4%ef%b8%8f%e2%9d%a4%ef%b8%8f-ist-wenn-die-voice-of-germany-auf-arabisch-singt\/#primaryimage","url":"https:\/\/amalhamburg.de\/wp-content\/uploads\/sites\/2\/2021\/11\/mail.jpg","contentUrl":"https:\/\/amalhamburg.de\/wp-content\/uploads\/sites\/2\/2021\/11\/mail.jpg","width":1151,"height":648},{"@type":"BreadcrumbList","@id":"https:\/\/amalhamburg.de\/de\/2021\/11\/25\/%e2%9d%a4%ef%b8%8f%e2%9d%a4%ef%b8%8f-ist-wenn-die-voice-of-germany-auf-arabisch-singt\/#breadcrumb","itemListElement":[{"@type":"ListItem","position":1,"name":"Home","item":"https:\/\/amalhamburg.de\/de\/"},{"@type":"ListItem","position":2,"name":"Willkommen in der Hansestadt Heratburg"}]},{"@type":"WebSite","@id":"https:\/\/amalhamburg.de\/de\/#website","url":"https:\/\/amalhamburg.de\/de\/","name":"Amal, Hamburg!","description":"","potentialAction":[{"@type":"SearchAction","target":{"@type":"EntryPoint","urlTemplate":"https:\/\/amalhamburg.de\/de\/?s={search_term_string}"},"query-input":{"@type":"PropertyValueSpecification","valueRequired":true,"valueName":"search_term_string"}}],"inLanguage":"de"},{"@type":"Person","@id":"https:\/\/amalhamburg.de\/de\/#\/schema\/person\/69d08bbfd6c317e7166f72efca0b9e05","name":"Julia Gerlach","image":{"@type":"ImageObject","inLanguage":"de","@id":"https:\/\/amalhamburg.de\/wp-content\/uploads\/sites\/2\/2019\/04\/aaaJulia-Gerlach-1-125x125.jpg","url":"https:\/\/amalhamburg.de\/wp-content\/uploads\/sites\/2\/2019\/04\/aaaJulia-Gerlach-1-125x125.jpg","contentUrl":"https:\/\/amalhamburg.de\/wp-content\/uploads\/sites\/2\/2019\/04\/aaaJulia-Gerlach-1-125x125.jpg","caption":"Julia Gerlach"},"description":"Julia Gerlach ist Projektleiterin bei Amal, Berlin! Von 2008 bis 2015 hat sie als Korrespondentin f\u00fcr deutsche Medien aus Kairo \u00fcber die arabischen Welt berichtet. Zuvor war sie Redakteurin beim heute Journal des ZDF. Sie hat mehrere Sachb\u00fccher \u00fcber den Islam in Deutschland und den Arabischen Fr\u00fchling geschrieben.","url":"https:\/\/amalhamburg.de\/de\/author\/julia\/"}]}},"_links":{"self":[{"href":"https:\/\/amalhamburg.de\/de\/wp-json\/wp\/v2\/posts\/49619","targetHints":{"allow":["GET"]}}],"collection":[{"href":"https:\/\/amalhamburg.de\/de\/wp-json\/wp\/v2\/posts"}],"about":[{"href":"https:\/\/amalhamburg.de\/de\/wp-json\/wp\/v2\/types\/post"}],"author":[{"embeddable":true,"href":"https:\/\/amalhamburg.de\/de\/wp-json\/wp\/v2\/users\/13"}],"replies":[{"embeddable":true,"href":"https:\/\/amalhamburg.de\/de\/wp-json\/wp\/v2\/comments?post=49619"}],"version-history":[{"count":1,"href":"https:\/\/amalhamburg.de\/de\/wp-json\/wp\/v2\/posts\/49619\/revisions"}],"predecessor-version":[{"id":49629,"href":"https:\/\/amalhamburg.de\/de\/wp-json\/wp\/v2\/posts\/49619\/revisions\/49629"}],"wp:featuredmedia":[{"embeddable":true,"href":"https:\/\/amalhamburg.de\/de\/wp-json\/wp\/v2\/media\/49624"}],"wp:attachment":[{"href":"https:\/\/amalhamburg.de\/de\/wp-json\/wp\/v2\/media?parent=49619"}],"wp:term":[{"taxonomy":"category","embeddable":true,"href":"https:\/\/amalhamburg.de\/de\/wp-json\/wp\/v2\/categories?post=49619"},{"taxonomy":"post_tag","embeddable":true,"href":"https:\/\/amalhamburg.de\/de\/wp-json\/wp\/v2\/tags?post=49619"}],"curies":[{"name":"wp","href":"https:\/\/api.w.org\/{rel}","templated":true}]}}