{"id":48805,"date":"2021-11-03T11:08:33","date_gmt":"2021-11-03T10:08:33","guid":{"rendered":"https:\/\/amalhamburg.de\/2021\/11\/03\/allah-hat-mir-geschenkt-dass-ich-schwul-bin-2\/"},"modified":"2024-02-22T09:35:40","modified_gmt":"2024-02-22T08:35:40","slug":"allah-hat-mir-geschenkt-dass-ich-schwul-bin-2","status":"publish","type":"post","link":"https:\/\/amalhamburg.de\/de\/2021\/11\/03\/allah-hat-mir-geschenkt-dass-ich-schwul-bin-2\/","title":{"rendered":"Allah hat mir geschenkt, dass ich schwul bin!"},"content":{"rendered":"<p>Es ist eines von den Videos, von denen wir schon vorher wissen, dass wir viele negative (also extrem negative) Nachrichten bekommen und auch zahlreiche Leser*innen verlieren. Dennoch geh\u00f6ren auch heikle Themen in die Berichterstattung von Amal. Neugierig geworden? Wollen Sie wissen, worum es geht und von wem das Zitat stammt: &#8222;Allah hat mir geschenkt, dass ich schwul bin&#8220;? Hier geht es zum Video, das Anas Khabir und Maryam Mardani gemacht haben.<\/p>\n<p><iframe loading=\"lazy\" title=\"\u0627\u0644\u0625\u0645\u0627\u0645 \u0627\u0644\u0645\u062b\u0644\u064a \u0647\u064a\u0631\u0645\u0627\u0646: \u0627\u0644\u0644\u0647 \u0644\u0627 \u064a\u064f\u062d\u0631\u0651\u0645 \u0627\u0644\u062d\u0628 \u0627\u0644\u0642\u0627\u062f\u0645 \u0645\u0646 \u0639\u0646\u062f\u0647!\" width=\"680\" height=\"383\" src=\"https:\/\/www.youtube.com\/embed\/dXtz5msewGc?feature=oembed\" frameborder=\"0\" allow=\"accelerometer; autoplay; clipboard-write; encrypted-media; gyroscope; picture-in-picture\" allowfullscreen><\/iframe><\/p>\n<p>Das Video hat schon in den ersten Stunden, in denen es online ist mehrere, hundert Kommentare bekommen. Und sagen wir einmal so: Die Menschen, die das Video gut finden und sich freuen \u00fcber die Aussagen des Imams, haben bislang noch nicht viel kommentiert. Aber das ja kann noch kommen und au\u00dferdem geht es bei Amal ja &#8211; wie bei allen anderen Medien auch\u00a0 &#8211; um die Mischung von Themen: So m\u00f6chten wir als n\u00e4chstes auf einen Beitrag von Amloud Alamir hinweisen. Auch dieses Video braucht nicht viel Vorrede und steht f\u00fcr sich. (Au\u00dferdem hat es deutsche Untertitel).<\/p>\n<p><iframe loading=\"lazy\" title=\"\u0647\u0644 \u064a\u062d\u0645\u0644 \u0644\u0642\u0627\u0621 \u0644\u0648\u0643\u0648\u0645 \u0627\u0644\u0633\u0627\u062f\u0633 \u0644\u0644\u0633\u0648\u0631\u064a\u064a\u0646 \u0628\u0648\u0627\u062f\u0631 \u0644\u0644\u0623\u0645\u0644\u061f\" width=\"680\" height=\"383\" src=\"https:\/\/www.youtube.com\/embed\/tJt55JddFFI?feature=oembed\" frameborder=\"0\" allow=\"accelerometer; autoplay; clipboard-write; encrypted-media; gyroscope; picture-in-picture\" allowfullscreen><\/iframe><\/p>\n<h3 class=\"yiv4788171474null\">Geduldig, schlau und f\u00fcrsorglich<\/h3>\n<p>Mit diesen drei Adjektiven beschreibt Aora Helmzadeh die typische afghanische Frau. Sie hat eine der bekannten Frauenaktivistin Tahereh Shams getroffen. Sie ist vor einigen Monaten erst nach Berlin geflohen und erz\u00e4hlt im Interview, wie es jetzt den Frauen in Afghanistan geht und was auf dem Spiel steht, wenn die Taliban ihre Macht weiter festigen. Begegnung mit einer beeindruckenden Frau.\u00a0<a href=\"https:\/\/amalberlin.us16.list-manage.com\/track\/click?u=25b910bd41bcfa802c85dd54f&amp;id=d7a9f3ce19&amp;e=77225fe06c\" target=\"_blank\" rel=\"nofollow noopener noreferrer\">Hier<\/a>\u00a0geht es zum Text auf Farsi.<\/p>\n<img decoding=\"async\" src=\"https:\/\/ecp.yusercontent.com\/mail?url=https%3A%2F%2Fmcusercontent.com%2F25b910bd41bcfa802c85dd54f%2Fimages%2F4e9dfde9-63d5-d016-430a-27e0336ce613.jpg&amp;t=1635933631&amp;ymreqid=7b487ecc-e939-618c-1c2c-50004101f900&amp;sig=pFcsdL2Mj0o2f.FC.2gT.g--~D\" \/>\n<h3 class=\"yiv4788171474null\">Amal auf Deutsch!<\/h3>\n<p>Immer wieder bekommen wir Mails von Leser*innen dieses Newsletters, die sich \u00fcber solche Ank\u00fcndigungen wie die oben \u00e4rgern oder zumindest entt\u00e4uscht sind, weil sie auf den Link klicken und dann auf unserer Seite auf persisch landen und den Text dann nur mit Hilfe von &#8222;Google translate&#8220; lesen k\u00f6nnen. Wir haben aber inzwischen auch immer h\u00e4ufiger ins Deutsche \u00fcbersetzte Texte, die wir auf unserer deutschsprachigen Amal-Seite ver\u00f6ffentlichen. So finden Sie dort derzeit eine sehr pers\u00f6nliche Geschichte, die Maryam Mardani aufgeschrieben hat: Es geht um die Begegnung mit einer Journalistin in Afghanistan, die sie sehr beeindruckt hat. Hier geht es zum Text auf Deutsch.\u00a0<a href=\"https:\/\/amalberlin.us16.list-manage.com\/track\/click?u=25b910bd41bcfa802c85dd54f&amp;id=b3780c0c21&amp;e=77225fe06c\" target=\"_blank\" rel=\"nofollow noopener noreferrer\">Die mutigste Frau, die ich je getroffen habe<\/a>.<\/p>\n<p>Ebenfalls auf der deutschen Amal-Seite haben wir einen Text der 16j\u00e4hrigen Sch\u00fclerin Muhja Al Asfar. Sie ist vor sechs Jahren mit ihren Eltern aus Libyen geflohen. Gleich in ihren ersten Wochen im neuen Land traf sie am Rande eines Fu\u00dfballspiels des 1. FC K\u00f6ln mit ihrer Jugendgruppe Bundeskanzlerin Angela Merkel. &#8222;Sie l\u00e4chelte ihr sch\u00f6nes L\u00e4cheln und diskutiert mit uns \u00fcber unsere kleinen Themen&#8220;, beschreibt Muhja in ihrem Text, den sie f\u00fcr uns zum offiziellen Abschied der Kanzlerin aus der Politik geschrieben hat. Es war eine Begegnung mit Langzeitfolgen: Muhja ist inzwischen in die CDU eingetreten und engagiert sich daf\u00fcr, dass sich Menschen wie sie in der Politik wohler f\u00fchlen. <a href=\"https:\/\/amalhamburg.de\/de\/2021\/11\/02\/es-gibt-kein-vielleicht\/\">Hier<\/a> geht es zu ihren Text:<\/p>\n<img decoding=\"async\" src=\"https:\/\/ecp.yusercontent.com\/mail?url=https%3A%2F%2Fmcusercontent.com%2F25b910bd41bcfa802c85dd54f%2Fimages%2Ffceade14-3ac4-69f4-433f-a0d7f07ad4b0.jpg&amp;t=1635933631&amp;ymreqid=7b487ecc-e939-618c-1c2c-50004101f900&amp;sig=s.c00z836_Rjy_3X5_hnxA--~D\" \/>\n<p>Bilder: Masrat Zahra, Anas Khabir, Aora Helmzadeh, Thomas F\u00e4hnrich, Amloud Alamir<br \/>\n,<br \/>\n<strong>Amal berichtet auf Arabisch und Farsi\/Dari \u00fcber alles, was in Berlin und Hamburg wichtig ist. Gerne \u00fcbersetzen wir einzelne Artikel auch ins Deutsche und stellen sie Redaktionen gegen Honorar zur Verf\u00fcgung.<\/strong><\/p>\n<p>Bitte wenden Sie sich per Mail an:<br \/>\n<strong>info(at)amalberlin.de oder info(at)amalhamburg.de<\/strong><\/p>\n<p>&nbsp;<\/p>\n<p>,<\/p>\n<p>&nbsp;<\/p>\n","protected":false},"excerpt":{"rendered":"<p>Es ist eines von den Videos, von denen wir schon vorher wissen, dass wir viele negative (also extrem negative) Nachrichten bekommen und auch zahlreiche Leser*innen verlieren. Dennoch geh\u00f6ren auch heikle Themen in die Berichterstattung von Amal. Neugierig geworden? Wollen Sie wissen, worum es geht und von wem das Zitat stammt: &#8222;Allah hat mir geschenkt, dass&#8230;  <a class=\"excerpt-read-more\" href=\"https:\/\/amalhamburg.de\/de\/2021\/11\/03\/allah-hat-mir-geschenkt-dass-ich-schwul-bin-2\/\" title=\"Read Allah hat mir geschenkt, dass ich schwul bin!\">Weiter &raquo;<\/a><\/p>\n","protected":false},"author":13,"featured_media":48799,"comment_status":"closed","ping_status":"open","sticky":false,"template":"","format":"standard","meta":{"_acf_changed":false,"footnotes":""},"categories":[7760,156],"tags":[5633,1928,5475,5084],"class_list":["post-48805","post","type-post","status-publish","format-standard","has-post-thumbnail","hentry","category-themen-diese-woche","category-zusammenfassungen","tag-islam-de","tag-libyen","tag-merkel-de","tag-politik"],"acf":[],"yoast_head":"<!-- This site is optimized with the Yoast SEO plugin v27.5 - https:\/\/yoast.com\/product\/yoast-seo-wordpress\/ -->\n<title>Allah hat mir geschenkt, dass ich schwul bin! - Amal, Hamburg!<\/title>\n<meta name=\"description\" content=\"Amal-Themen der Woche: Interview mit schwulen Imam, zur Zukunft Syriens und neue St\u00fccke auf unserer deutschen Amal-Seite\" \/>\n<meta name=\"robots\" content=\"index, follow, max-snippet:-1, max-image-preview:large, max-video-preview:-1\" \/>\n<link rel=\"canonical\" href=\"https:\/\/amalhamburg.de\/de\/2021\/11\/03\/allah-hat-mir-geschenkt-dass-ich-schwul-bin-2\/\" \/>\n<meta property=\"og:locale\" content=\"de_DE\" \/>\n<meta property=\"og:type\" content=\"article\" \/>\n<meta property=\"og:title\" content=\"Allah hat mir geschenkt, dass ich schwul bin! - Amal, Hamburg!\" \/>\n<meta property=\"og:description\" content=\"Amal-Themen der Woche: Interview mit schwulen Imam, zur Zukunft Syriens und neue St\u00fccke auf unserer deutschen Amal-Seite\" \/>\n<meta property=\"og:url\" content=\"https:\/\/amalhamburg.de\/de\/2021\/11\/03\/allah-hat-mir-geschenkt-dass-ich-schwul-bin-2\/\" \/>\n<meta property=\"og:site_name\" content=\"Amal, Hamburg!\" \/>\n<meta property=\"article:published_time\" content=\"2021-11-03T10:08:33+00:00\" \/>\n<meta property=\"article:modified_time\" content=\"2024-02-22T08:35:40+00:00\" \/>\n<meta property=\"og:image\" content=\"https:\/\/amalhamburg.de\/wp-content\/uploads\/sites\/2\/2021\/11\/dXtz5msewGc-scaled.jpg\" \/>\n\t<meta property=\"og:image:width\" content=\"1260\" \/>\n\t<meta property=\"og:image:height\" content=\"709\" \/>\n\t<meta property=\"og:image:type\" content=\"image\/jpeg\" \/>\n<meta name=\"author\" content=\"Julia Gerlach\" \/>\n<meta name=\"twitter:card\" content=\"summary_large_image\" \/>\n<meta name=\"twitter:label1\" content=\"Verfasst von\" \/>\n\t<meta name=\"twitter:data1\" content=\"Julia Gerlach\" \/>\n\t<meta name=\"twitter:label2\" content=\"Gesch\u00e4tzte Lesezeit\" \/>\n\t<meta name=\"twitter:data2\" content=\"3\u00a0Minuten\" \/>\n<script type=\"application\/ld+json\" class=\"yoast-schema-graph\">{\"@context\":\"https:\\\/\\\/schema.org\",\"@graph\":[{\"@type\":\"Article\",\"@id\":\"https:\\\/\\\/amalhamburg.de\\\/de\\\/2021\\\/11\\\/03\\\/allah-hat-mir-geschenkt-dass-ich-schwul-bin-2\\\/#article\",\"isPartOf\":{\"@id\":\"https:\\\/\\\/amalhamburg.de\\\/de\\\/2021\\\/11\\\/03\\\/allah-hat-mir-geschenkt-dass-ich-schwul-bin-2\\\/\"},\"author\":{\"name\":\"Julia Gerlach\",\"@id\":\"https:\\\/\\\/amalhamburg.de\\\/de\\\/#\\\/schema\\\/person\\\/69d08bbfd6c317e7166f72efca0b9e05\"},\"headline\":\"Allah hat mir geschenkt, dass ich schwul bin!\",\"datePublished\":\"2021-11-03T10:08:33+00:00\",\"dateModified\":\"2024-02-22T08:35:40+00:00\",\"mainEntityOfPage\":{\"@id\":\"https:\\\/\\\/amalhamburg.de\\\/de\\\/2021\\\/11\\\/03\\\/allah-hat-mir-geschenkt-dass-ich-schwul-bin-2\\\/\"},\"wordCount\":572,\"image\":{\"@id\":\"https:\\\/\\\/amalhamburg.de\\\/de\\\/2021\\\/11\\\/03\\\/allah-hat-mir-geschenkt-dass-ich-schwul-bin-2\\\/#primaryimage\"},\"thumbnailUrl\":\"https:\\\/\\\/amalhamburg.de\\\/wp-content\\\/uploads\\\/sites\\\/2\\\/2021\\\/11\\\/dXtz5msewGc-scaled.jpg\",\"keywords\":[\"islam\",\"Libyen\",\"Merkel\",\"Politik\"],\"articleSection\":[\"Themen diese Woche\",\"Unsere Themen der vergangenen Woche\"],\"inLanguage\":\"de\"},{\"@type\":\"WebPage\",\"@id\":\"https:\\\/\\\/amalhamburg.de\\\/de\\\/2021\\\/11\\\/03\\\/allah-hat-mir-geschenkt-dass-ich-schwul-bin-2\\\/\",\"url\":\"https:\\\/\\\/amalhamburg.de\\\/de\\\/2021\\\/11\\\/03\\\/allah-hat-mir-geschenkt-dass-ich-schwul-bin-2\\\/\",\"name\":\"Allah hat mir geschenkt, dass ich schwul bin! - Amal, Hamburg!\",\"isPartOf\":{\"@id\":\"https:\\\/\\\/amalhamburg.de\\\/de\\\/#website\"},\"primaryImageOfPage\":{\"@id\":\"https:\\\/\\\/amalhamburg.de\\\/de\\\/2021\\\/11\\\/03\\\/allah-hat-mir-geschenkt-dass-ich-schwul-bin-2\\\/#primaryimage\"},\"image\":{\"@id\":\"https:\\\/\\\/amalhamburg.de\\\/de\\\/2021\\\/11\\\/03\\\/allah-hat-mir-geschenkt-dass-ich-schwul-bin-2\\\/#primaryimage\"},\"thumbnailUrl\":\"https:\\\/\\\/amalhamburg.de\\\/wp-content\\\/uploads\\\/sites\\\/2\\\/2021\\\/11\\\/dXtz5msewGc-scaled.jpg\",\"datePublished\":\"2021-11-03T10:08:33+00:00\",\"dateModified\":\"2024-02-22T08:35:40+00:00\",\"author\":{\"@id\":\"https:\\\/\\\/amalhamburg.de\\\/de\\\/#\\\/schema\\\/person\\\/69d08bbfd6c317e7166f72efca0b9e05\"},\"description\":\"Amal-Themen der Woche: Interview mit schwulen Imam, zur Zukunft Syriens und neue St\u00fccke auf unserer deutschen Amal-Seite\",\"breadcrumb\":{\"@id\":\"https:\\\/\\\/amalhamburg.de\\\/de\\\/2021\\\/11\\\/03\\\/allah-hat-mir-geschenkt-dass-ich-schwul-bin-2\\\/#breadcrumb\"},\"inLanguage\":\"de\",\"potentialAction\":[{\"@type\":\"ReadAction\",\"target\":[\"https:\\\/\\\/amalhamburg.de\\\/de\\\/2021\\\/11\\\/03\\\/allah-hat-mir-geschenkt-dass-ich-schwul-bin-2\\\/\"]}]},{\"@type\":\"ImageObject\",\"inLanguage\":\"de\",\"@id\":\"https:\\\/\\\/amalhamburg.de\\\/de\\\/2021\\\/11\\\/03\\\/allah-hat-mir-geschenkt-dass-ich-schwul-bin-2\\\/#primaryimage\",\"url\":\"https:\\\/\\\/amalhamburg.de\\\/wp-content\\\/uploads\\\/sites\\\/2\\\/2021\\\/11\\\/dXtz5msewGc-scaled.jpg\",\"contentUrl\":\"https:\\\/\\\/amalhamburg.de\\\/wp-content\\\/uploads\\\/sites\\\/2\\\/2021\\\/11\\\/dXtz5msewGc-scaled.jpg\",\"width\":1260,\"height\":709},{\"@type\":\"BreadcrumbList\",\"@id\":\"https:\\\/\\\/amalhamburg.de\\\/de\\\/2021\\\/11\\\/03\\\/allah-hat-mir-geschenkt-dass-ich-schwul-bin-2\\\/#breadcrumb\",\"itemListElement\":[{\"@type\":\"ListItem\",\"position\":1,\"name\":\"Home\",\"item\":\"https:\\\/\\\/amalhamburg.de\\\/de\\\/\"},{\"@type\":\"ListItem\",\"position\":2,\"name\":\"Allah hat mir geschenkt, dass ich schwul bin!\"}]},{\"@type\":\"WebSite\",\"@id\":\"https:\\\/\\\/amalhamburg.de\\\/de\\\/#website\",\"url\":\"https:\\\/\\\/amalhamburg.de\\\/de\\\/\",\"name\":\"Amal, Hamburg!\",\"description\":\"\",\"potentialAction\":[{\"@type\":\"SearchAction\",\"target\":{\"@type\":\"EntryPoint\",\"urlTemplate\":\"https:\\\/\\\/amalhamburg.de\\\/de\\\/?s={search_term_string}\"},\"query-input\":{\"@type\":\"PropertyValueSpecification\",\"valueRequired\":true,\"valueName\":\"search_term_string\"}}],\"inLanguage\":\"de\"},{\"@type\":\"Person\",\"@id\":\"https:\\\/\\\/amalhamburg.de\\\/de\\\/#\\\/schema\\\/person\\\/69d08bbfd6c317e7166f72efca0b9e05\",\"name\":\"Julia Gerlach\",\"image\":{\"@type\":\"ImageObject\",\"inLanguage\":\"de\",\"@id\":\"https:\\\/\\\/amalhamburg.de\\\/wp-content\\\/uploads\\\/sites\\\/2\\\/2019\\\/04\\\/aaaJulia-Gerlach-1-125x125.jpg\",\"url\":\"https:\\\/\\\/amalhamburg.de\\\/wp-content\\\/uploads\\\/sites\\\/2\\\/2019\\\/04\\\/aaaJulia-Gerlach-1-125x125.jpg\",\"contentUrl\":\"https:\\\/\\\/amalhamburg.de\\\/wp-content\\\/uploads\\\/sites\\\/2\\\/2019\\\/04\\\/aaaJulia-Gerlach-1-125x125.jpg\",\"caption\":\"Julia Gerlach\"},\"description\":\"Julia Gerlach ist Projektleiterin bei Amal, Berlin! Von 2008 bis 2015 hat sie als Korrespondentin f\u00fcr deutsche Medien aus Kairo \u00fcber die arabischen Welt berichtet. Zuvor war sie Redakteurin beim heute Journal des ZDF. Sie hat mehrere Sachb\u00fccher \u00fcber den Islam in Deutschland und den Arabischen Fr\u00fchling geschrieben.\",\"url\":\"https:\\\/\\\/amalhamburg.de\\\/de\\\/author\\\/julia\\\/\"}]}<\/script>\n<!-- \/ Yoast SEO plugin. -->","yoast_head_json":{"title":"Allah hat mir geschenkt, dass ich schwul bin! - Amal, Hamburg!","description":"Amal-Themen der Woche: Interview mit schwulen Imam, zur Zukunft Syriens und neue St\u00fccke auf unserer deutschen Amal-Seite","robots":{"index":"index","follow":"follow","max-snippet":"max-snippet:-1","max-image-preview":"max-image-preview:large","max-video-preview":"max-video-preview:-1"},"canonical":"https:\/\/amalhamburg.de\/de\/2021\/11\/03\/allah-hat-mir-geschenkt-dass-ich-schwul-bin-2\/","og_locale":"de_DE","og_type":"article","og_title":"Allah hat mir geschenkt, dass ich schwul bin! - Amal, Hamburg!","og_description":"Amal-Themen der Woche: Interview mit schwulen Imam, zur Zukunft Syriens und neue St\u00fccke auf unserer deutschen Amal-Seite","og_url":"https:\/\/amalhamburg.de\/de\/2021\/11\/03\/allah-hat-mir-geschenkt-dass-ich-schwul-bin-2\/","og_site_name":"Amal, Hamburg!","article_published_time":"2021-11-03T10:08:33+00:00","article_modified_time":"2024-02-22T08:35:40+00:00","og_image":[{"width":1260,"height":709,"url":"https:\/\/amalhamburg.de\/wp-content\/uploads\/sites\/2\/2021\/11\/dXtz5msewGc-scaled.jpg","type":"image\/jpeg"}],"author":"Julia Gerlach","twitter_card":"summary_large_image","twitter_misc":{"Verfasst von":"Julia Gerlach","Gesch\u00e4tzte Lesezeit":"3\u00a0Minuten"},"schema":{"@context":"https:\/\/schema.org","@graph":[{"@type":"Article","@id":"https:\/\/amalhamburg.de\/de\/2021\/11\/03\/allah-hat-mir-geschenkt-dass-ich-schwul-bin-2\/#article","isPartOf":{"@id":"https:\/\/amalhamburg.de\/de\/2021\/11\/03\/allah-hat-mir-geschenkt-dass-ich-schwul-bin-2\/"},"author":{"name":"Julia Gerlach","@id":"https:\/\/amalhamburg.de\/de\/#\/schema\/person\/69d08bbfd6c317e7166f72efca0b9e05"},"headline":"Allah hat mir geschenkt, dass ich schwul bin!","datePublished":"2021-11-03T10:08:33+00:00","dateModified":"2024-02-22T08:35:40+00:00","mainEntityOfPage":{"@id":"https:\/\/amalhamburg.de\/de\/2021\/11\/03\/allah-hat-mir-geschenkt-dass-ich-schwul-bin-2\/"},"wordCount":572,"image":{"@id":"https:\/\/amalhamburg.de\/de\/2021\/11\/03\/allah-hat-mir-geschenkt-dass-ich-schwul-bin-2\/#primaryimage"},"thumbnailUrl":"https:\/\/amalhamburg.de\/wp-content\/uploads\/sites\/2\/2021\/11\/dXtz5msewGc-scaled.jpg","keywords":["islam","Libyen","Merkel","Politik"],"articleSection":["Themen diese Woche","Unsere Themen der vergangenen Woche"],"inLanguage":"de"},{"@type":"WebPage","@id":"https:\/\/amalhamburg.de\/de\/2021\/11\/03\/allah-hat-mir-geschenkt-dass-ich-schwul-bin-2\/","url":"https:\/\/amalhamburg.de\/de\/2021\/11\/03\/allah-hat-mir-geschenkt-dass-ich-schwul-bin-2\/","name":"Allah hat mir geschenkt, dass ich schwul bin! - Amal, Hamburg!","isPartOf":{"@id":"https:\/\/amalhamburg.de\/de\/#website"},"primaryImageOfPage":{"@id":"https:\/\/amalhamburg.de\/de\/2021\/11\/03\/allah-hat-mir-geschenkt-dass-ich-schwul-bin-2\/#primaryimage"},"image":{"@id":"https:\/\/amalhamburg.de\/de\/2021\/11\/03\/allah-hat-mir-geschenkt-dass-ich-schwul-bin-2\/#primaryimage"},"thumbnailUrl":"https:\/\/amalhamburg.de\/wp-content\/uploads\/sites\/2\/2021\/11\/dXtz5msewGc-scaled.jpg","datePublished":"2021-11-03T10:08:33+00:00","dateModified":"2024-02-22T08:35:40+00:00","author":{"@id":"https:\/\/amalhamburg.de\/de\/#\/schema\/person\/69d08bbfd6c317e7166f72efca0b9e05"},"description":"Amal-Themen der Woche: Interview mit schwulen Imam, zur Zukunft Syriens und neue St\u00fccke auf unserer deutschen Amal-Seite","breadcrumb":{"@id":"https:\/\/amalhamburg.de\/de\/2021\/11\/03\/allah-hat-mir-geschenkt-dass-ich-schwul-bin-2\/#breadcrumb"},"inLanguage":"de","potentialAction":[{"@type":"ReadAction","target":["https:\/\/amalhamburg.de\/de\/2021\/11\/03\/allah-hat-mir-geschenkt-dass-ich-schwul-bin-2\/"]}]},{"@type":"ImageObject","inLanguage":"de","@id":"https:\/\/amalhamburg.de\/de\/2021\/11\/03\/allah-hat-mir-geschenkt-dass-ich-schwul-bin-2\/#primaryimage","url":"https:\/\/amalhamburg.de\/wp-content\/uploads\/sites\/2\/2021\/11\/dXtz5msewGc-scaled.jpg","contentUrl":"https:\/\/amalhamburg.de\/wp-content\/uploads\/sites\/2\/2021\/11\/dXtz5msewGc-scaled.jpg","width":1260,"height":709},{"@type":"BreadcrumbList","@id":"https:\/\/amalhamburg.de\/de\/2021\/11\/03\/allah-hat-mir-geschenkt-dass-ich-schwul-bin-2\/#breadcrumb","itemListElement":[{"@type":"ListItem","position":1,"name":"Home","item":"https:\/\/amalhamburg.de\/de\/"},{"@type":"ListItem","position":2,"name":"Allah hat mir geschenkt, dass ich schwul bin!"}]},{"@type":"WebSite","@id":"https:\/\/amalhamburg.de\/de\/#website","url":"https:\/\/amalhamburg.de\/de\/","name":"Amal, Hamburg!","description":"","potentialAction":[{"@type":"SearchAction","target":{"@type":"EntryPoint","urlTemplate":"https:\/\/amalhamburg.de\/de\/?s={search_term_string}"},"query-input":{"@type":"PropertyValueSpecification","valueRequired":true,"valueName":"search_term_string"}}],"inLanguage":"de"},{"@type":"Person","@id":"https:\/\/amalhamburg.de\/de\/#\/schema\/person\/69d08bbfd6c317e7166f72efca0b9e05","name":"Julia Gerlach","image":{"@type":"ImageObject","inLanguage":"de","@id":"https:\/\/amalhamburg.de\/wp-content\/uploads\/sites\/2\/2019\/04\/aaaJulia-Gerlach-1-125x125.jpg","url":"https:\/\/amalhamburg.de\/wp-content\/uploads\/sites\/2\/2019\/04\/aaaJulia-Gerlach-1-125x125.jpg","contentUrl":"https:\/\/amalhamburg.de\/wp-content\/uploads\/sites\/2\/2019\/04\/aaaJulia-Gerlach-1-125x125.jpg","caption":"Julia Gerlach"},"description":"Julia Gerlach ist Projektleiterin bei Amal, Berlin! Von 2008 bis 2015 hat sie als Korrespondentin f\u00fcr deutsche Medien aus Kairo \u00fcber die arabischen Welt berichtet. Zuvor war sie Redakteurin beim heute Journal des ZDF. Sie hat mehrere Sachb\u00fccher \u00fcber den Islam in Deutschland und den Arabischen Fr\u00fchling geschrieben.","url":"https:\/\/amalhamburg.de\/de\/author\/julia\/"}]}},"_links":{"self":[{"href":"https:\/\/amalhamburg.de\/de\/wp-json\/wp\/v2\/posts\/48805","targetHints":{"allow":["GET"]}}],"collection":[{"href":"https:\/\/amalhamburg.de\/de\/wp-json\/wp\/v2\/posts"}],"about":[{"href":"https:\/\/amalhamburg.de\/de\/wp-json\/wp\/v2\/types\/post"}],"author":[{"embeddable":true,"href":"https:\/\/amalhamburg.de\/de\/wp-json\/wp\/v2\/users\/13"}],"replies":[{"embeddable":true,"href":"https:\/\/amalhamburg.de\/de\/wp-json\/wp\/v2\/comments?post=48805"}],"version-history":[{"count":2,"href":"https:\/\/amalhamburg.de\/de\/wp-json\/wp\/v2\/posts\/48805\/revisions"}],"predecessor-version":[{"id":48809,"href":"https:\/\/amalhamburg.de\/de\/wp-json\/wp\/v2\/posts\/48805\/revisions\/48809"}],"wp:featuredmedia":[{"embeddable":true,"href":"https:\/\/amalhamburg.de\/de\/wp-json\/wp\/v2\/media\/48799"}],"wp:attachment":[{"href":"https:\/\/amalhamburg.de\/de\/wp-json\/wp\/v2\/media?parent=48805"}],"wp:term":[{"taxonomy":"category","embeddable":true,"href":"https:\/\/amalhamburg.de\/de\/wp-json\/wp\/v2\/categories?post=48805"},{"taxonomy":"post_tag","embeddable":true,"href":"https:\/\/amalhamburg.de\/de\/wp-json\/wp\/v2\/tags?post=48805"}],"curies":[{"name":"wp","href":"https:\/\/api.w.org\/{rel}","templated":true}]}}