{"id":48293,"date":"2021-10-22T12:25:28","date_gmt":"2021-10-22T10:25:28","guid":{"rendered":"https:\/\/amalhamburg.de\/?p=48293"},"modified":"2021-10-27T13:40:14","modified_gmt":"2021-10-27T11:40:14","slug":"wohin-fuehrt-das-tauziehen-zwischen-belarus-und-der-eu","status":"publish","type":"post","link":"https:\/\/amalhamburg.de\/de\/2021\/10\/22\/wohin-fuehrt-das-tauziehen-zwischen-belarus-und-der-eu\/","title":{"rendered":"Wohin f\u00fchrt das Tauziehen zwischen Belarus und der EU?"},"content":{"rendered":"<table class=\"mcnTextBlock\" border=\"0\" width=\"100%\" cellspacing=\"0\" cellpadding=\"0\">\n<tbody class=\"mcnTextBlockOuter\">\n<tr>\n<td class=\"mcnTextBlockInner\" valign=\"top\">\n<table class=\"mcnTextContentContainer\" border=\"0\" width=\"100%\" cellspacing=\"0\" cellpadding=\"0\" align=\"left\">\n<tbody>\n<tr>\n<td class=\"mcnTextContent\" valign=\"top\">Drau\u00dfen\u00a0vorm Fenster\u00a0fegt der Sturm \u00fcber die Stadt.\u00a0Hier drinnen\u00a0im B\u00fcro\u00a0gibt es einen Sturm von lauter\u00a0Fragen.\u00a0Was ist das Schicksal der Fl\u00fcchtlinge, die zwischen den Grenzen\u00a0zwischen Belarus und Polen\u00a0festsitzen? Sechs Menschen sind schon an der Grenze gestorben.\u00a0Ist das nicht ein Verbrechen?\u00a0Wo sind die Leichen? Werden sie dort begraben? Oder werden sie in ihr Land zur\u00fcckgeschickt? Wie viele Menschen m\u00fcssen noch sterben, bevor die Europ\u00e4ische Union entschlossen gegen die t\u00e4glichen Menschenrechtsverletzungen an ihren Grenzen vorgeht?<\/p>\n<p align=\"left\">Fragen aus einer Videoproduktion von Amloud Alamir, die in den n\u00e4chsten Tagen fertig wird. Sie hat sich mit Haidar getroffen, einem Iraker, dessen Familie zwischen den Grenzen festsitzt. Sie hat die Fotos auf seinem Handy angeschaut\u00a0(siehe oben), die seine Familie geschickt hat, und die Geschichten geh\u00f6rt, die sie am Telefon erz\u00e4hlten \u2013 bis vor ein paar Tagen dann Funkstille war, der Kontakt ist\u00a0bis heute\u00a0abgerissen. Haidar ist in gro\u00dfer Sorge. Und diese Sorge steckt an. Das Video wird\u00a0bekommt deutsche Untertitel, Sie k\u00f6nnen sich gerne melden, wenn Sie es \u00fcber ihre Kan\u00e4le verbreiten m\u00f6chten.<\/p>\n<img loading=\"lazy\" decoding=\"async\" class=\"wp-image-48300 size-large\" style=\"font-family: inherit; font-size: inherit;\" src=\"https:\/\/amalhamburg.de\/wp-content\/uploads\/sites\/2\/2021\/10\/man-g7f05c4dba_1920-1260x840-1-1024x683.jpg\" alt=\"\" width=\"680\" height=\"454\" srcset=\"https:\/\/amalhamburg.de\/wp-content\/uploads\/sites\/2\/2021\/10\/man-g7f05c4dba_1920-1260x840-1-1024x683.jpg 1024w, https:\/\/amalhamburg.de\/wp-content\/uploads\/sites\/2\/2021\/10\/man-g7f05c4dba_1920-1260x840-1-300x200.jpg 300w, https:\/\/amalhamburg.de\/wp-content\/uploads\/sites\/2\/2021\/10\/man-g7f05c4dba_1920-1260x840-1-768x512.jpg 768w, https:\/\/amalhamburg.de\/wp-content\/uploads\/sites\/2\/2021\/10\/man-g7f05c4dba_1920-1260x840-1.jpg 1260w, https:\/\/amalhamburg.de\/wp-content\/uploads\/sites\/2\/2021\/10\/man-g7f05c4dba_1920-1260x840-1-630x420.jpg 630w, https:\/\/amalhamburg.de\/wp-content\/uploads\/sites\/2\/2021\/10\/man-g7f05c4dba_1920-1260x840-1-315x210.jpg 315w, https:\/\/amalhamburg.de\/wp-content\/uploads\/sites\/2\/2021\/10\/man-g7f05c4dba_1920-1260x840-1-156x104.jpg 156w\" sizes=\"auto, (max-width: 680px) 100vw, 680px\" \/>\n<h2 class=\"null\">Auf der Flucht vor der Einsamkeit<\/h2>\n<p>Vergangene Woche hatte Ali Hassanpour das Gespr\u00e4ch mit einer jungen Iranerin aufgezeichnet, die Single ist und ihm erz\u00e4hlte, wie schwer es ist, als Exil-Iranerin in Deutschland einen Mann zu finden. Auf den Artikel gab es fast schon unglaublich\u00a0viele Kommentare. Manche Leser hatten einfach kluge Ratschl\u00e4ge in petto. Andere wollten Kontakt zu Sarah. Wieder anderen aber hatte diese junge Iranerin aus der Seele gesprochen, und sie teilten ihre eigenen Erfahrungen. Das Thema Einsamkeit\u00a0treibt viele um. Es gab\u00a018.000 Reaktionen, die Reichweite lag bei 250.000 \u2013 selten hat ein Thema auf Amal so sehr die Herzen der Leserschaft ber\u00fchrt.<\/p>\n<p>Ein paar Tage nach dem Erscheinen des Artikels klingelte bei Ali das Telefon. Farhad war dran, ein alter Freund von ihm. 33 Jahre alt, er hat Mikrobiologie studiert, tr\u00e4gt sauber geb\u00fcgelte Hemden,. \u201eSarah hat Recht\u201c, brach es aus ihm heraus. \u201eEs gibt hier einfach keine Auswahl.\u201c Und dann erz\u00e4hlte Farhad seine Version der Geschichte: Dass er als Neu-Deutscher so viel mit so viel anderen Dingen zu tun hat \u2013 Sprache lernen, Aufenthaltstitel sichern, Wohnung finden und und und, dass das Thema Liebe immer wieder nach hinten geschoben wird, weil die Energie daf\u00fcr einfach nicht mehr da ist. Auch f\u00fcr Farhad steht fest: Er sucht jemandem aus seinem eigenen Kulturkreis. Aber sein Eindruck ist: 90 Prozent der Iranerinnen in Deutschland haben von iranischen M\u00e4nnern genug. Sie wollen keine Diskussion um Kopftuch, keine von Gewalt gepr\u00e4gten Beziehungen.<\/p>\n<p>Jetzt warten wir gespannt, was die Amal-Leserinnen zu Farhads Gedanken sagen. Die Kommentar-Funktion ist aktiviert. Und wir \u00fcberlegen: Ob jetzt, sechs Jahre nach dem Neuanfang, wohl die Zeit gekommen ist wo der Wunsch w\u00e4chst, sich st\u00e4rker zu binden?<\/p>\n<p>Fotos: Amloud Alamir\/free-photos\/pixabay<\/td>\n<\/tr>\n<\/tbody>\n<\/table>\n<\/td>\n<\/tr>\n<\/tbody>\n<\/table>\n<table class=\"mcnImageBlock\" border=\"0\" width=\"100%\" cellspacing=\"0\" cellpadding=\"0\">\n<tbody class=\"mcnImageBlockOuter\">\n<tr>\n<td class=\"mcnImageBlockInner\" valign=\"top\"><\/td>\n<\/tr>\n<\/tbody>\n<\/table>\n<table class=\"mcnDividerBlock\" border=\"0\" width=\"100%\" cellspacing=\"0\" cellpadding=\"0\">\n<tbody class=\"mcnDividerBlockOuter\">\n<tr>\n<td class=\"mcnDividerBlockInner\">\n<table class=\"mcnDividerContent\" border=\"0\" width=\"100%\" cellspacing=\"0\" cellpadding=\"0\">\n<tbody>\n<tr>\n<td><\/td>\n<\/tr>\n<\/tbody>\n<\/table>\n<\/td>\n<\/tr>\n<\/tbody>\n<\/table>\n<table class=\"mcnTextBlock\" border=\"0\" width=\"100%\" cellspacing=\"0\" cellpadding=\"0\">\n<tbody class=\"mcnTextBlockOuter\">\n<tr>\n<td class=\"mcnTextBlockInner\" valign=\"top\">\n<table class=\"mcnTextContentContainer\" border=\"0\" width=\"100%\" cellspacing=\"0\" cellpadding=\"0\" align=\"left\">\n<tbody>\n<tr>\n<td class=\"mcnTextContent\" valign=\"top\"><\/td>\n<\/tr>\n<\/tbody>\n<\/table>\n<\/td>\n<\/tr>\n<\/tbody>\n<\/table>\n","protected":false},"excerpt":{"rendered":"<p>Drau\u00dfen\u00a0vorm Fenster\u00a0fegt der Sturm \u00fcber die Stadt.\u00a0Hier drinnen\u00a0im B\u00fcro\u00a0gibt es einen Sturm von lauter\u00a0Fragen.\u00a0Was ist das Schicksal der Fl\u00fcchtlinge, die zwischen den Grenzen\u00a0zwischen Belarus und Polen\u00a0festsitzen? Sechs Menschen sind schon an der Grenze gestorben.\u00a0Ist das nicht ein Verbrechen?\u00a0Wo sind die Leichen? Werden sie dort begraben? Oder werden sie in ihr Land zur\u00fcckgeschickt? Wie viele Menschen&#8230;  <a class=\"excerpt-read-more\" href=\"https:\/\/amalhamburg.de\/de\/2021\/10\/22\/wohin-fuehrt-das-tauziehen-zwischen-belarus-und-der-eu\/\" title=\"Read Wohin f\u00fchrt das Tauziehen zwischen Belarus und der EU?\">Weiter &raquo;<\/a><\/p>\n","protected":false},"author":10,"featured_media":48296,"comment_status":"closed","ping_status":"open","sticky":false,"template":"","format":"standard","meta":{"_acf_changed":false,"footnotes":""},"categories":[401],"tags":[],"class_list":["post-48293","post","type-post","status-publish","format-standard","has-post-thumbnail","hentry","category-nachrichten"],"acf":[],"yoast_head":"<!-- This site is optimized with the Yoast SEO plugin v27.5 - https:\/\/yoast.com\/product\/yoast-seo-wordpress\/ -->\n<title>Wohin f\u00fchrt das Tauziehen zwischen Belarus und der EU? - Amal, Hamburg!<\/title>\n<meta name=\"robots\" content=\"index, follow, max-snippet:-1, max-image-preview:large, max-video-preview:-1\" \/>\n<link rel=\"canonical\" href=\"https:\/\/amalhamburg.de\/de\/2021\/10\/22\/wohin-fuehrt-das-tauziehen-zwischen-belarus-und-der-eu\/\" \/>\n<meta property=\"og:locale\" content=\"de_DE\" \/>\n<meta property=\"og:type\" content=\"article\" \/>\n<meta property=\"og:title\" content=\"Wohin f\u00fchrt das Tauziehen zwischen Belarus und der EU? - Amal, Hamburg!\" \/>\n<meta property=\"og:description\" content=\"Drau\u00dfen\u00a0vorm Fenster\u00a0fegt der Sturm \u00fcber die Stadt.\u00a0Hier drinnen\u00a0im B\u00fcro\u00a0gibt es einen Sturm von lauter\u00a0Fragen.\u00a0Was ist das Schicksal der Fl\u00fcchtlinge, die zwischen den Grenzen\u00a0zwischen Belarus und Polen\u00a0festsitzen? Sechs Menschen sind schon an der Grenze gestorben.\u00a0Ist das nicht ein Verbrechen?\u00a0Wo sind die Leichen? Werden sie dort begraben? Oder werden sie in ihr Land zur\u00fcckgeschickt? Wie viele Menschen... Weiter &raquo;\" \/>\n<meta property=\"og:url\" content=\"https:\/\/amalhamburg.de\/de\/2021\/10\/22\/wohin-fuehrt-das-tauziehen-zwischen-belarus-und-der-eu\/\" \/>\n<meta property=\"og:site_name\" content=\"Amal, Hamburg!\" \/>\n<meta property=\"article:published_time\" content=\"2021-10-22T10:25:28+00:00\" \/>\n<meta property=\"article:modified_time\" content=\"2021-10-27T11:40:14+00:00\" \/>\n<meta property=\"og:image\" content=\"https:\/\/amalhamburg.de\/wp-content\/uploads\/sites\/2\/2021\/10\/0b5f390e-d361-4401-bfc0-d263cae7da47.jpg\" \/>\n\t<meta property=\"og:image:width\" content=\"1599\" \/>\n\t<meta property=\"og:image:height\" content=\"899\" \/>\n\t<meta property=\"og:image:type\" content=\"image\/jpeg\" \/>\n<meta name=\"author\" content=\"Cornelia Gerlach\" \/>\n<meta name=\"twitter:card\" content=\"summary_large_image\" \/>\n<meta name=\"twitter:label1\" content=\"Verfasst von\" \/>\n\t<meta name=\"twitter:data1\" content=\"Cornelia Gerlach\" \/>\n\t<meta name=\"twitter:label2\" content=\"Gesch\u00e4tzte Lesezeit\" \/>\n\t<meta name=\"twitter:data2\" content=\"2\u00a0Minuten\" \/>\n<script type=\"application\/ld+json\" class=\"yoast-schema-graph\">{\"@context\":\"https:\\\/\\\/schema.org\",\"@graph\":[{\"@type\":\"Article\",\"@id\":\"https:\\\/\\\/amalhamburg.de\\\/de\\\/2021\\\/10\\\/22\\\/wohin-fuehrt-das-tauziehen-zwischen-belarus-und-der-eu\\\/#article\",\"isPartOf\":{\"@id\":\"https:\\\/\\\/amalhamburg.de\\\/de\\\/2021\\\/10\\\/22\\\/wohin-fuehrt-das-tauziehen-zwischen-belarus-und-der-eu\\\/\"},\"author\":{\"name\":\"Cornelia Gerlach\",\"@id\":\"https:\\\/\\\/amalhamburg.de\\\/de\\\/#\\\/schema\\\/person\\\/b38c2d45c0eb9b9e994801d3f87a2247\"},\"headline\":\"Wohin f\u00fchrt das Tauziehen zwischen Belarus und der EU?\",\"datePublished\":\"2021-10-22T10:25:28+00:00\",\"dateModified\":\"2021-10-27T11:40:14+00:00\",\"mainEntityOfPage\":{\"@id\":\"https:\\\/\\\/amalhamburg.de\\\/de\\\/2021\\\/10\\\/22\\\/wohin-fuehrt-das-tauziehen-zwischen-belarus-und-der-eu\\\/\"},\"wordCount\":491,\"image\":{\"@id\":\"https:\\\/\\\/amalhamburg.de\\\/de\\\/2021\\\/10\\\/22\\\/wohin-fuehrt-das-tauziehen-zwischen-belarus-und-der-eu\\\/#primaryimage\"},\"thumbnailUrl\":\"https:\\\/\\\/amalhamburg.de\\\/wp-content\\\/uploads\\\/sites\\\/2\\\/2021\\\/10\\\/0b5f390e-d361-4401-bfc0-d263cae7da47.jpg\",\"articleSection\":[\"Beitr\u00e4ge\"],\"inLanguage\":\"de\"},{\"@type\":\"WebPage\",\"@id\":\"https:\\\/\\\/amalhamburg.de\\\/de\\\/2021\\\/10\\\/22\\\/wohin-fuehrt-das-tauziehen-zwischen-belarus-und-der-eu\\\/\",\"url\":\"https:\\\/\\\/amalhamburg.de\\\/de\\\/2021\\\/10\\\/22\\\/wohin-fuehrt-das-tauziehen-zwischen-belarus-und-der-eu\\\/\",\"name\":\"Wohin f\u00fchrt das Tauziehen zwischen Belarus und der EU? - Amal, Hamburg!\",\"isPartOf\":{\"@id\":\"https:\\\/\\\/amalhamburg.de\\\/de\\\/#website\"},\"primaryImageOfPage\":{\"@id\":\"https:\\\/\\\/amalhamburg.de\\\/de\\\/2021\\\/10\\\/22\\\/wohin-fuehrt-das-tauziehen-zwischen-belarus-und-der-eu\\\/#primaryimage\"},\"image\":{\"@id\":\"https:\\\/\\\/amalhamburg.de\\\/de\\\/2021\\\/10\\\/22\\\/wohin-fuehrt-das-tauziehen-zwischen-belarus-und-der-eu\\\/#primaryimage\"},\"thumbnailUrl\":\"https:\\\/\\\/amalhamburg.de\\\/wp-content\\\/uploads\\\/sites\\\/2\\\/2021\\\/10\\\/0b5f390e-d361-4401-bfc0-d263cae7da47.jpg\",\"datePublished\":\"2021-10-22T10:25:28+00:00\",\"dateModified\":\"2021-10-27T11:40:14+00:00\",\"author\":{\"@id\":\"https:\\\/\\\/amalhamburg.de\\\/de\\\/#\\\/schema\\\/person\\\/b38c2d45c0eb9b9e994801d3f87a2247\"},\"breadcrumb\":{\"@id\":\"https:\\\/\\\/amalhamburg.de\\\/de\\\/2021\\\/10\\\/22\\\/wohin-fuehrt-das-tauziehen-zwischen-belarus-und-der-eu\\\/#breadcrumb\"},\"inLanguage\":\"de\",\"potentialAction\":[{\"@type\":\"ReadAction\",\"target\":[\"https:\\\/\\\/amalhamburg.de\\\/de\\\/2021\\\/10\\\/22\\\/wohin-fuehrt-das-tauziehen-zwischen-belarus-und-der-eu\\\/\"]}]},{\"@type\":\"ImageObject\",\"inLanguage\":\"de\",\"@id\":\"https:\\\/\\\/amalhamburg.de\\\/de\\\/2021\\\/10\\\/22\\\/wohin-fuehrt-das-tauziehen-zwischen-belarus-und-der-eu\\\/#primaryimage\",\"url\":\"https:\\\/\\\/amalhamburg.de\\\/wp-content\\\/uploads\\\/sites\\\/2\\\/2021\\\/10\\\/0b5f390e-d361-4401-bfc0-d263cae7da47.jpg\",\"contentUrl\":\"https:\\\/\\\/amalhamburg.de\\\/wp-content\\\/uploads\\\/sites\\\/2\\\/2021\\\/10\\\/0b5f390e-d361-4401-bfc0-d263cae7da47.jpg\",\"width\":1599,\"height\":899,\"caption\":\"Foto: privat\"},{\"@type\":\"BreadcrumbList\",\"@id\":\"https:\\\/\\\/amalhamburg.de\\\/de\\\/2021\\\/10\\\/22\\\/wohin-fuehrt-das-tauziehen-zwischen-belarus-und-der-eu\\\/#breadcrumb\",\"itemListElement\":[{\"@type\":\"ListItem\",\"position\":1,\"name\":\"Home\",\"item\":\"https:\\\/\\\/amalhamburg.de\\\/de\\\/\"},{\"@type\":\"ListItem\",\"position\":2,\"name\":\"Wohin f\u00fchrt das Tauziehen zwischen Belarus und der EU?\"}]},{\"@type\":\"WebSite\",\"@id\":\"https:\\\/\\\/amalhamburg.de\\\/de\\\/#website\",\"url\":\"https:\\\/\\\/amalhamburg.de\\\/de\\\/\",\"name\":\"Amal, Hamburg!\",\"description\":\"\",\"potentialAction\":[{\"@type\":\"SearchAction\",\"target\":{\"@type\":\"EntryPoint\",\"urlTemplate\":\"https:\\\/\\\/amalhamburg.de\\\/de\\\/?s={search_term_string}\"},\"query-input\":{\"@type\":\"PropertyValueSpecification\",\"valueRequired\":true,\"valueName\":\"search_term_string\"}}],\"inLanguage\":\"de\"},{\"@type\":\"Person\",\"@id\":\"https:\\\/\\\/amalhamburg.de\\\/de\\\/#\\\/schema\\\/person\\\/b38c2d45c0eb9b9e994801d3f87a2247\",\"name\":\"Cornelia Gerlach\",\"image\":{\"@type\":\"ImageObject\",\"inLanguage\":\"de\",\"@id\":\"https:\\\/\\\/amalhamburg.de\\\/wp-content\\\/uploads\\\/sites\\\/2\\\/2019\\\/04\\\/aaaCornelia_Gerlach-125x125.jpg\",\"url\":\"https:\\\/\\\/amalhamburg.de\\\/wp-content\\\/uploads\\\/sites\\\/2\\\/2019\\\/04\\\/aaaCornelia_Gerlach-125x125.jpg\",\"contentUrl\":\"https:\\\/\\\/amalhamburg.de\\\/wp-content\\\/uploads\\\/sites\\\/2\\\/2019\\\/04\\\/aaaCornelia_Gerlach-125x125.jpg\",\"caption\":\"Cornelia Gerlach\"},\"description\":\"Cornelia Gerlach ist Projektleiterin bei Amal, Berlin! Daneben arbeitet sie als freie Journalistin und Dozentin f\u00fcr Reportage und Storytelling.\",\"url\":\"https:\\\/\\\/amalhamburg.de\\\/de\\\/author\\\/conny\\\/\"}]}<\/script>\n<!-- \/ Yoast SEO plugin. -->","yoast_head_json":{"title":"Wohin f\u00fchrt das Tauziehen zwischen Belarus und der EU? - Amal, Hamburg!","robots":{"index":"index","follow":"follow","max-snippet":"max-snippet:-1","max-image-preview":"max-image-preview:large","max-video-preview":"max-video-preview:-1"},"canonical":"https:\/\/amalhamburg.de\/de\/2021\/10\/22\/wohin-fuehrt-das-tauziehen-zwischen-belarus-und-der-eu\/","og_locale":"de_DE","og_type":"article","og_title":"Wohin f\u00fchrt das Tauziehen zwischen Belarus und der EU? - Amal, Hamburg!","og_description":"Drau\u00dfen\u00a0vorm Fenster\u00a0fegt der Sturm \u00fcber die Stadt.\u00a0Hier drinnen\u00a0im B\u00fcro\u00a0gibt es einen Sturm von lauter\u00a0Fragen.\u00a0Was ist das Schicksal der Fl\u00fcchtlinge, die zwischen den Grenzen\u00a0zwischen Belarus und Polen\u00a0festsitzen? Sechs Menschen sind schon an der Grenze gestorben.\u00a0Ist das nicht ein Verbrechen?\u00a0Wo sind die Leichen? Werden sie dort begraben? Oder werden sie in ihr Land zur\u00fcckgeschickt? Wie viele Menschen... Weiter &raquo;","og_url":"https:\/\/amalhamburg.de\/de\/2021\/10\/22\/wohin-fuehrt-das-tauziehen-zwischen-belarus-und-der-eu\/","og_site_name":"Amal, Hamburg!","article_published_time":"2021-10-22T10:25:28+00:00","article_modified_time":"2021-10-27T11:40:14+00:00","og_image":[{"width":1599,"height":899,"url":"https:\/\/amalhamburg.de\/wp-content\/uploads\/sites\/2\/2021\/10\/0b5f390e-d361-4401-bfc0-d263cae7da47.jpg","type":"image\/jpeg"}],"author":"Cornelia Gerlach","twitter_card":"summary_large_image","twitter_misc":{"Verfasst von":"Cornelia Gerlach","Gesch\u00e4tzte Lesezeit":"2\u00a0Minuten"},"schema":{"@context":"https:\/\/schema.org","@graph":[{"@type":"Article","@id":"https:\/\/amalhamburg.de\/de\/2021\/10\/22\/wohin-fuehrt-das-tauziehen-zwischen-belarus-und-der-eu\/#article","isPartOf":{"@id":"https:\/\/amalhamburg.de\/de\/2021\/10\/22\/wohin-fuehrt-das-tauziehen-zwischen-belarus-und-der-eu\/"},"author":{"name":"Cornelia Gerlach","@id":"https:\/\/amalhamburg.de\/de\/#\/schema\/person\/b38c2d45c0eb9b9e994801d3f87a2247"},"headline":"Wohin f\u00fchrt das Tauziehen zwischen Belarus und der EU?","datePublished":"2021-10-22T10:25:28+00:00","dateModified":"2021-10-27T11:40:14+00:00","mainEntityOfPage":{"@id":"https:\/\/amalhamburg.de\/de\/2021\/10\/22\/wohin-fuehrt-das-tauziehen-zwischen-belarus-und-der-eu\/"},"wordCount":491,"image":{"@id":"https:\/\/amalhamburg.de\/de\/2021\/10\/22\/wohin-fuehrt-das-tauziehen-zwischen-belarus-und-der-eu\/#primaryimage"},"thumbnailUrl":"https:\/\/amalhamburg.de\/wp-content\/uploads\/sites\/2\/2021\/10\/0b5f390e-d361-4401-bfc0-d263cae7da47.jpg","articleSection":["Beitr\u00e4ge"],"inLanguage":"de"},{"@type":"WebPage","@id":"https:\/\/amalhamburg.de\/de\/2021\/10\/22\/wohin-fuehrt-das-tauziehen-zwischen-belarus-und-der-eu\/","url":"https:\/\/amalhamburg.de\/de\/2021\/10\/22\/wohin-fuehrt-das-tauziehen-zwischen-belarus-und-der-eu\/","name":"Wohin f\u00fchrt das Tauziehen zwischen Belarus und der EU? - Amal, Hamburg!","isPartOf":{"@id":"https:\/\/amalhamburg.de\/de\/#website"},"primaryImageOfPage":{"@id":"https:\/\/amalhamburg.de\/de\/2021\/10\/22\/wohin-fuehrt-das-tauziehen-zwischen-belarus-und-der-eu\/#primaryimage"},"image":{"@id":"https:\/\/amalhamburg.de\/de\/2021\/10\/22\/wohin-fuehrt-das-tauziehen-zwischen-belarus-und-der-eu\/#primaryimage"},"thumbnailUrl":"https:\/\/amalhamburg.de\/wp-content\/uploads\/sites\/2\/2021\/10\/0b5f390e-d361-4401-bfc0-d263cae7da47.jpg","datePublished":"2021-10-22T10:25:28+00:00","dateModified":"2021-10-27T11:40:14+00:00","author":{"@id":"https:\/\/amalhamburg.de\/de\/#\/schema\/person\/b38c2d45c0eb9b9e994801d3f87a2247"},"breadcrumb":{"@id":"https:\/\/amalhamburg.de\/de\/2021\/10\/22\/wohin-fuehrt-das-tauziehen-zwischen-belarus-und-der-eu\/#breadcrumb"},"inLanguage":"de","potentialAction":[{"@type":"ReadAction","target":["https:\/\/amalhamburg.de\/de\/2021\/10\/22\/wohin-fuehrt-das-tauziehen-zwischen-belarus-und-der-eu\/"]}]},{"@type":"ImageObject","inLanguage":"de","@id":"https:\/\/amalhamburg.de\/de\/2021\/10\/22\/wohin-fuehrt-das-tauziehen-zwischen-belarus-und-der-eu\/#primaryimage","url":"https:\/\/amalhamburg.de\/wp-content\/uploads\/sites\/2\/2021\/10\/0b5f390e-d361-4401-bfc0-d263cae7da47.jpg","contentUrl":"https:\/\/amalhamburg.de\/wp-content\/uploads\/sites\/2\/2021\/10\/0b5f390e-d361-4401-bfc0-d263cae7da47.jpg","width":1599,"height":899,"caption":"Foto: privat"},{"@type":"BreadcrumbList","@id":"https:\/\/amalhamburg.de\/de\/2021\/10\/22\/wohin-fuehrt-das-tauziehen-zwischen-belarus-und-der-eu\/#breadcrumb","itemListElement":[{"@type":"ListItem","position":1,"name":"Home","item":"https:\/\/amalhamburg.de\/de\/"},{"@type":"ListItem","position":2,"name":"Wohin f\u00fchrt das Tauziehen zwischen Belarus und der EU?"}]},{"@type":"WebSite","@id":"https:\/\/amalhamburg.de\/de\/#website","url":"https:\/\/amalhamburg.de\/de\/","name":"Amal, Hamburg!","description":"","potentialAction":[{"@type":"SearchAction","target":{"@type":"EntryPoint","urlTemplate":"https:\/\/amalhamburg.de\/de\/?s={search_term_string}"},"query-input":{"@type":"PropertyValueSpecification","valueRequired":true,"valueName":"search_term_string"}}],"inLanguage":"de"},{"@type":"Person","@id":"https:\/\/amalhamburg.de\/de\/#\/schema\/person\/b38c2d45c0eb9b9e994801d3f87a2247","name":"Cornelia Gerlach","image":{"@type":"ImageObject","inLanguage":"de","@id":"https:\/\/amalhamburg.de\/wp-content\/uploads\/sites\/2\/2019\/04\/aaaCornelia_Gerlach-125x125.jpg","url":"https:\/\/amalhamburg.de\/wp-content\/uploads\/sites\/2\/2019\/04\/aaaCornelia_Gerlach-125x125.jpg","contentUrl":"https:\/\/amalhamburg.de\/wp-content\/uploads\/sites\/2\/2019\/04\/aaaCornelia_Gerlach-125x125.jpg","caption":"Cornelia Gerlach"},"description":"Cornelia Gerlach ist Projektleiterin bei Amal, Berlin! Daneben arbeitet sie als freie Journalistin und Dozentin f\u00fcr Reportage und Storytelling.","url":"https:\/\/amalhamburg.de\/de\/author\/conny\/"}]}},"_links":{"self":[{"href":"https:\/\/amalhamburg.de\/de\/wp-json\/wp\/v2\/posts\/48293","targetHints":{"allow":["GET"]}}],"collection":[{"href":"https:\/\/amalhamburg.de\/de\/wp-json\/wp\/v2\/posts"}],"about":[{"href":"https:\/\/amalhamburg.de\/de\/wp-json\/wp\/v2\/types\/post"}],"author":[{"embeddable":true,"href":"https:\/\/amalhamburg.de\/de\/wp-json\/wp\/v2\/users\/10"}],"replies":[{"embeddable":true,"href":"https:\/\/amalhamburg.de\/de\/wp-json\/wp\/v2\/comments?post=48293"}],"version-history":[{"count":3,"href":"https:\/\/amalhamburg.de\/de\/wp-json\/wp\/v2\/posts\/48293\/revisions"}],"predecessor-version":[{"id":48532,"href":"https:\/\/amalhamburg.de\/de\/wp-json\/wp\/v2\/posts\/48293\/revisions\/48532"}],"wp:featuredmedia":[{"embeddable":true,"href":"https:\/\/amalhamburg.de\/de\/wp-json\/wp\/v2\/media\/48296"}],"wp:attachment":[{"href":"https:\/\/amalhamburg.de\/de\/wp-json\/wp\/v2\/media?parent=48293"}],"wp:term":[{"taxonomy":"category","embeddable":true,"href":"https:\/\/amalhamburg.de\/de\/wp-json\/wp\/v2\/categories?post=48293"},{"taxonomy":"post_tag","embeddable":true,"href":"https:\/\/amalhamburg.de\/de\/wp-json\/wp\/v2\/tags?post=48293"}],"curies":[{"name":"wp","href":"https:\/\/api.w.org\/{rel}","templated":true}]}}