{"id":47749,"date":"2021-10-12T13:57:22","date_gmt":"2021-10-12T11:57:22","guid":{"rendered":"https:\/\/amalhamburg.de\/2021\/10\/12\/130874\/"},"modified":"2024-02-22T09:36:47","modified_gmt":"2024-02-22T08:36:47","slug":"130874","status":"publish","type":"post","link":"https:\/\/amalhamburg.de\/de\/2021\/10\/12\/130874\/","title":{"rendered":"Facebook ist immer wieder f\u00fcr \u00dcberraschungen gut!"},"content":{"rendered":"<p>&nbsp;<\/p>\n<table class=\"yiv8541440267mcnTextBlock\" border=\"0\" width=\"100%\" cellspacing=\"0\" cellpadding=\"0\">\n<tbody class=\"yiv8541440267mcnTextBlockOuter\">\n<tr>\n<td class=\"yiv8541440267mcnTextBlockInner\" valign=\"top\">\n<table class=\"yiv8541440267mcnTextContentContainer\" border=\"0\" width=\"100%\" cellspacing=\"0\" cellpadding=\"0\" align=\"left\">\n<tbody>\n<tr>\n<td class=\"yiv8541440267mcnTextContent\" valign=\"top\">Wir machen das hier ja schon eine ganze Weile und bilden uns ein, dass wir einigerma\u00dfen absch\u00e4tzen k\u00f6nnen, was bei unseren Leser*innen gut ankommt und was nicht. Sprich: Welche Art von Videos und Texte der Facebook Algorithmus vielen unserer Leser*innen zeigt und wof\u00fcr diese uns dann mit vielen Smileys und Likes belohnen und welche eher tr\u00e4ge in der Timeline vor sich hinbaumeln. Alles, was mit politischen Streit und Politiker*innen zu tun hat, l\u00e4uft nicht so gut. (Mit einer Ausnahme, aber dazu sp\u00e4ter.) Besonders schwer haben es Berichte \u00fcber Koalitionsverhandlungen und Parteiinterne Streits. Die langwierigen Auseinandersetzungen zwischen Armin Laschet und Markus S\u00f6der im Fr\u00fchjahr haben wir daher m\u00f6glichst straff zusammengefasst in kleinen Dosen berichtet, und auch jetzt bei den Sondierungsgespr\u00e4chen konzentrieren wir uns auf die wichtigsten Eckpunkte. Was immer hilft, ist die eher schweren Themen mit Gutg\u00e4ngigem zu vermischen: Trick- und Gewaltkriminalit\u00e4t, Tiergeschichten und alles was mit Asyl und Recht zu tun hat, kriegt so viel Reichweite, dass auch die schweren Themen mitfliegen.<\/p>\n<p>Tja, soweit die Theorie. Das ist, was wir bis Anfang der Woche glaubten. Dann postete Ahmad Kalaji sein Erkl\u00e4rst\u00fcck \u00fcber die (wahrscheinlich) n\u00e4chste regierende B\u00fcrgermeisterin von Berlin und zeigte, dass es auch anders geht. Dabei ist das St\u00fcck eher klassisch: Ein paar Bilder von Franziska Giffey und dazu die wichtigsten Etappen ihrer Karriere als eingeblendete Schrift.<\/p>\n<p>Vielleicht war es der Titel: &#8222;Was wisst ihr \u00fcber die K\u00f6nigin von Neuk\u00f6lln?&#8220; vielleicht war es das strahlende L\u00e4cheln der Kandidatin oder doch ein Facebook-Glitch? Auf jeden Fall machte das Video einen Blitzstart und bekam schon gleich am Anfang eine Reichweite von 300.000 und unendlich viele Herzchen, Bl\u00fcmchen und andere Liebeserkl\u00e4rungen.<\/td>\n<\/tr>\n<\/tbody>\n<\/table>\n<\/td>\n<\/tr>\n<\/tbody>\n<\/table>\n<p><iframe loading=\"lazy\" title=\"\u0645\u0627\u0630\u0627 \u062a\u0639\u0631\u0641\u0648\u0646 \u0639\u0646 \u0641\u0631\u0627\u0646\u0633\u064a\u0633\u0643\u0627 \u063a\u064a\u0641\u0627\u064a\u061f\" width=\"680\" height=\"510\" src=\"https:\/\/www.youtube.com\/embed\/2rl-z_2ciug?feature=oembed\" frameborder=\"0\" allow=\"accelerometer; autoplay; clipboard-write; encrypted-media; gyroscope; picture-in-picture\" allowfullscreen><\/iframe><\/p>\n<table class=\"yiv8541440267mcnTextBlock\" border=\"0\" width=\"100%\" cellspacing=\"0\" cellpadding=\"0\">\n<tbody class=\"yiv8541440267mcnTextBlockOuter\">\n<tr>\n<td class=\"yiv8541440267mcnTextBlockInner\" valign=\"top\">\n<table class=\"yiv8541440267mcnTextContentContainer\" border=\"0\" width=\"100%\" cellspacing=\"0\" cellpadding=\"0\" align=\"left\">\n<tbody>\n<tr>\n<td class=\"yiv8541440267mcnTextContent\" valign=\"top\">Hier geht es zum Bericht, der am Samstag in der Berliner Zeitung \u00fcber uns erschienen ist.<\/td>\n<\/tr>\n<\/tbody>\n<\/table>\n<\/td>\n<\/tr>\n<\/tbody>\n<\/table>\n<p>Was lernen wir daraus? Schwer zu sagen! Vielleicht: Der Facebook Algorithmus ist unberechenbar? oder: Wir brauchen mehr Frauen in hohen politischen \u00c4mtern? oder: Wenn ein Video einfach und gut ist, kann es auch schwierige Inhalte so verpacken, dass es viele Leser*innen erreicht?<\/p>\n<p>Vielleicht tr\u00f6stet uns diese Erkenntnis dar\u00fcber hinweg, dass wir uns bald von dem (oben erw\u00e4hnten) Ausnahmethema verabschieden m\u00fcssen, mit dem wir immer Reichweite machen, egal, worum es im Detail geht: Angela Merkel.\u00a0 Die Meldung \u00fcber ihre Rede von Halle am Wochenende war eine der am meisten geklickten Stories der letzten Wochen und schon jetzt stapeln sich bei uns die Kommentare und Bilanz-Geschichten, die ihren Abschied einl\u00e4uten. Hier kommt schon einmal eine Kostprobe (mit deutschen Untertiteln)<\/p>\n<p><iframe loading=\"lazy\" title=\"\u0627\u0644\u0645\u0633\u062a\u0634\u0627\u0631\u0629 \u0641\u064a \u0625\u062f\u0644\u0628!\" width=\"680\" height=\"383\" src=\"https:\/\/www.youtube.com\/embed\/21FQw1qqvKQ?feature=oembed\" frameborder=\"0\" allow=\"accelerometer; autoplay; clipboard-write; encrypted-media; gyroscope; picture-in-picture\" allowfullscreen><\/iframe><\/p>\n<p>Bilder: Bernd von Jutrczenka(dpa), Anas Khabir<br \/>\n,<br \/>\n<strong>Amal, Berlin! berichtet auf Arabisch und Farsi\/Dari \u00fcber alles, was in Berlin wichtig ist. Gerne \u00fcbersetzen wir einzelne Artikel auch ins Deutsche und stellen sie Redaktionen gegen Honorar zur Verf\u00fcgung.<\/strong><\/p>\n<p>Bitte wenden Sie sich per Mail an:<br \/>\n<strong>info(at)amalberlin.de<\/strong><\/p>\n","protected":false},"excerpt":{"rendered":"<p>&nbsp; Wir machen das hier ja schon eine ganze Weile und bilden uns ein, dass wir einigerma\u00dfen absch\u00e4tzen k\u00f6nnen, was bei unseren Leser*innen gut ankommt und was nicht. Sprich: Welche Art von Videos und Texte der Facebook Algorithmus vielen unserer Leser*innen zeigt und wof\u00fcr diese uns dann mit vielen Smileys und Likes belohnen und welche&#8230;  <a class=\"excerpt-read-more\" href=\"https:\/\/amalhamburg.de\/de\/2021\/10\/12\/130874\/\" title=\"Read Facebook ist immer wieder f\u00fcr \u00dcberraschungen gut!\">Weiter &raquo;<\/a><\/p>\n","protected":false},"author":13,"featured_media":47750,"comment_status":"closed","ping_status":"open","sticky":false,"template":"","format":"standard","meta":{"_acf_changed":false,"footnotes":""},"categories":[7760,156],"tags":[5474,5475,398],"class_list":["post-47749","post","type-post","status-publish","format-standard","has-post-thumbnail","hentry","category-themen-diese-woche","category-zusammenfassungen","tag-giffey","tag-merkel-de","tag-syrien"],"acf":[],"yoast_head":"<!-- This site is optimized with the Yoast SEO plugin v27.5 - https:\/\/yoast.com\/product\/yoast-seo-wordpress\/ -->\n<title>Facebook ist immer wieder f\u00fcr \u00dcberraschungen gut! - Amal, Hamburg!<\/title>\n<meta name=\"description\" content=\"Amal-Themen diese Woche: Gr\u00fcnde, weswegen wir unbedingt mehr Frauen in der Politik brauchen. Videos zu Angela Merkel und Franziska Giffey\" \/>\n<meta name=\"robots\" content=\"index, follow, max-snippet:-1, max-image-preview:large, max-video-preview:-1\" \/>\n<link rel=\"canonical\" href=\"https:\/\/amalhamburg.de\/de\/2021\/10\/12\/130874\/\" \/>\n<meta property=\"og:locale\" content=\"de_DE\" \/>\n<meta property=\"og:type\" content=\"article\" \/>\n<meta property=\"og:title\" content=\"Facebook ist immer wieder f\u00fcr \u00dcberraschungen gut! - Amal, Hamburg!\" \/>\n<meta property=\"og:description\" content=\"Amal-Themen diese Woche: Gr\u00fcnde, weswegen wir unbedingt mehr Frauen in der Politik brauchen. Videos zu Angela Merkel und Franziska Giffey\" \/>\n<meta property=\"og:url\" content=\"https:\/\/amalhamburg.de\/de\/2021\/10\/12\/130874\/\" \/>\n<meta property=\"og:site_name\" content=\"Amal, Hamburg!\" \/>\n<meta property=\"article:published_time\" content=\"2021-10-12T11:57:22+00:00\" \/>\n<meta property=\"article:modified_time\" content=\"2024-02-22T08:36:47+00:00\" \/>\n<meta property=\"og:image\" content=\"https:\/\/amalhamburg.de\/wp-content\/uploads\/sites\/2\/2021\/10\/21FQw1qqvKQ.jpg\" \/>\n\t<meta property=\"og:image:width\" content=\"1280\" \/>\n\t<meta property=\"og:image:height\" content=\"720\" \/>\n\t<meta property=\"og:image:type\" content=\"image\/jpeg\" \/>\n<meta name=\"author\" content=\"Julia Gerlach\" \/>\n<meta name=\"twitter:card\" content=\"summary_large_image\" \/>\n<meta name=\"twitter:label1\" content=\"Verfasst von\" \/>\n\t<meta name=\"twitter:data1\" content=\"Julia Gerlach\" \/>\n\t<meta name=\"twitter:label2\" content=\"Gesch\u00e4tzte Lesezeit\" \/>\n\t<meta name=\"twitter:data2\" content=\"2\u00a0Minuten\" \/>\n<script type=\"application\/ld+json\" class=\"yoast-schema-graph\">{\"@context\":\"https:\\\/\\\/schema.org\",\"@graph\":[{\"@type\":\"Article\",\"@id\":\"https:\\\/\\\/amalhamburg.de\\\/de\\\/2021\\\/10\\\/12\\\/130874\\\/#article\",\"isPartOf\":{\"@id\":\"https:\\\/\\\/amalhamburg.de\\\/de\\\/2021\\\/10\\\/12\\\/130874\\\/\"},\"author\":{\"name\":\"Julia Gerlach\",\"@id\":\"https:\\\/\\\/amalhamburg.de\\\/de\\\/#\\\/schema\\\/person\\\/69d08bbfd6c317e7166f72efca0b9e05\"},\"headline\":\"Facebook ist immer wieder f\u00fcr \u00dcberraschungen gut!\",\"datePublished\":\"2021-10-12T11:57:22+00:00\",\"dateModified\":\"2024-02-22T08:36:47+00:00\",\"mainEntityOfPage\":{\"@id\":\"https:\\\/\\\/amalhamburg.de\\\/de\\\/2021\\\/10\\\/12\\\/130874\\\/\"},\"wordCount\":502,\"image\":{\"@id\":\"https:\\\/\\\/amalhamburg.de\\\/de\\\/2021\\\/10\\\/12\\\/130874\\\/#primaryimage\"},\"thumbnailUrl\":\"https:\\\/\\\/amalhamburg.de\\\/wp-content\\\/uploads\\\/sites\\\/2\\\/2021\\\/10\\\/21FQw1qqvKQ.jpg\",\"keywords\":[\"Giffey\",\"Merkel\",\"Syrien\"],\"articleSection\":[\"Themen diese Woche\",\"Unsere Themen der vergangenen Woche\"],\"inLanguage\":\"de\"},{\"@type\":\"WebPage\",\"@id\":\"https:\\\/\\\/amalhamburg.de\\\/de\\\/2021\\\/10\\\/12\\\/130874\\\/\",\"url\":\"https:\\\/\\\/amalhamburg.de\\\/de\\\/2021\\\/10\\\/12\\\/130874\\\/\",\"name\":\"Facebook ist immer wieder f\u00fcr \u00dcberraschungen gut! - Amal, Hamburg!\",\"isPartOf\":{\"@id\":\"https:\\\/\\\/amalhamburg.de\\\/de\\\/#website\"},\"primaryImageOfPage\":{\"@id\":\"https:\\\/\\\/amalhamburg.de\\\/de\\\/2021\\\/10\\\/12\\\/130874\\\/#primaryimage\"},\"image\":{\"@id\":\"https:\\\/\\\/amalhamburg.de\\\/de\\\/2021\\\/10\\\/12\\\/130874\\\/#primaryimage\"},\"thumbnailUrl\":\"https:\\\/\\\/amalhamburg.de\\\/wp-content\\\/uploads\\\/sites\\\/2\\\/2021\\\/10\\\/21FQw1qqvKQ.jpg\",\"datePublished\":\"2021-10-12T11:57:22+00:00\",\"dateModified\":\"2024-02-22T08:36:47+00:00\",\"author\":{\"@id\":\"https:\\\/\\\/amalhamburg.de\\\/de\\\/#\\\/schema\\\/person\\\/69d08bbfd6c317e7166f72efca0b9e05\"},\"description\":\"Amal-Themen diese Woche: Gr\u00fcnde, weswegen wir unbedingt mehr Frauen in der Politik brauchen. Videos zu Angela Merkel und Franziska Giffey\",\"breadcrumb\":{\"@id\":\"https:\\\/\\\/amalhamburg.de\\\/de\\\/2021\\\/10\\\/12\\\/130874\\\/#breadcrumb\"},\"inLanguage\":\"de\",\"potentialAction\":[{\"@type\":\"ReadAction\",\"target\":[\"https:\\\/\\\/amalhamburg.de\\\/de\\\/2021\\\/10\\\/12\\\/130874\\\/\"]}]},{\"@type\":\"ImageObject\",\"inLanguage\":\"de\",\"@id\":\"https:\\\/\\\/amalhamburg.de\\\/de\\\/2021\\\/10\\\/12\\\/130874\\\/#primaryimage\",\"url\":\"https:\\\/\\\/amalhamburg.de\\\/wp-content\\\/uploads\\\/sites\\\/2\\\/2021\\\/10\\\/21FQw1qqvKQ.jpg\",\"contentUrl\":\"https:\\\/\\\/amalhamburg.de\\\/wp-content\\\/uploads\\\/sites\\\/2\\\/2021\\\/10\\\/21FQw1qqvKQ.jpg\",\"width\":1280,\"height\":720},{\"@type\":\"BreadcrumbList\",\"@id\":\"https:\\\/\\\/amalhamburg.de\\\/de\\\/2021\\\/10\\\/12\\\/130874\\\/#breadcrumb\",\"itemListElement\":[{\"@type\":\"ListItem\",\"position\":1,\"name\":\"Home\",\"item\":\"https:\\\/\\\/amalhamburg.de\\\/de\\\/\"},{\"@type\":\"ListItem\",\"position\":2,\"name\":\"Facebook ist immer wieder f\u00fcr \u00dcberraschungen gut!\"}]},{\"@type\":\"WebSite\",\"@id\":\"https:\\\/\\\/amalhamburg.de\\\/de\\\/#website\",\"url\":\"https:\\\/\\\/amalhamburg.de\\\/de\\\/\",\"name\":\"Amal, Hamburg!\",\"description\":\"\",\"potentialAction\":[{\"@type\":\"SearchAction\",\"target\":{\"@type\":\"EntryPoint\",\"urlTemplate\":\"https:\\\/\\\/amalhamburg.de\\\/de\\\/?s={search_term_string}\"},\"query-input\":{\"@type\":\"PropertyValueSpecification\",\"valueRequired\":true,\"valueName\":\"search_term_string\"}}],\"inLanguage\":\"de\"},{\"@type\":\"Person\",\"@id\":\"https:\\\/\\\/amalhamburg.de\\\/de\\\/#\\\/schema\\\/person\\\/69d08bbfd6c317e7166f72efca0b9e05\",\"name\":\"Julia Gerlach\",\"image\":{\"@type\":\"ImageObject\",\"inLanguage\":\"de\",\"@id\":\"https:\\\/\\\/amalhamburg.de\\\/wp-content\\\/uploads\\\/sites\\\/2\\\/2019\\\/04\\\/aaaJulia-Gerlach-1-125x125.jpg\",\"url\":\"https:\\\/\\\/amalhamburg.de\\\/wp-content\\\/uploads\\\/sites\\\/2\\\/2019\\\/04\\\/aaaJulia-Gerlach-1-125x125.jpg\",\"contentUrl\":\"https:\\\/\\\/amalhamburg.de\\\/wp-content\\\/uploads\\\/sites\\\/2\\\/2019\\\/04\\\/aaaJulia-Gerlach-1-125x125.jpg\",\"caption\":\"Julia Gerlach\"},\"description\":\"Julia Gerlach ist Projektleiterin bei Amal, Berlin! Von 2008 bis 2015 hat sie als Korrespondentin f\u00fcr deutsche Medien aus Kairo \u00fcber die arabischen Welt berichtet. Zuvor war sie Redakteurin beim heute Journal des ZDF. Sie hat mehrere Sachb\u00fccher \u00fcber den Islam in Deutschland und den Arabischen Fr\u00fchling geschrieben.\",\"url\":\"https:\\\/\\\/amalhamburg.de\\\/de\\\/author\\\/julia\\\/\"}]}<\/script>\n<!-- \/ Yoast SEO plugin. -->","yoast_head_json":{"title":"Facebook ist immer wieder f\u00fcr \u00dcberraschungen gut! - Amal, Hamburg!","description":"Amal-Themen diese Woche: Gr\u00fcnde, weswegen wir unbedingt mehr Frauen in der Politik brauchen. Videos zu Angela Merkel und Franziska Giffey","robots":{"index":"index","follow":"follow","max-snippet":"max-snippet:-1","max-image-preview":"max-image-preview:large","max-video-preview":"max-video-preview:-1"},"canonical":"https:\/\/amalhamburg.de\/de\/2021\/10\/12\/130874\/","og_locale":"de_DE","og_type":"article","og_title":"Facebook ist immer wieder f\u00fcr \u00dcberraschungen gut! - Amal, Hamburg!","og_description":"Amal-Themen diese Woche: Gr\u00fcnde, weswegen wir unbedingt mehr Frauen in der Politik brauchen. Videos zu Angela Merkel und Franziska Giffey","og_url":"https:\/\/amalhamburg.de\/de\/2021\/10\/12\/130874\/","og_site_name":"Amal, Hamburg!","article_published_time":"2021-10-12T11:57:22+00:00","article_modified_time":"2024-02-22T08:36:47+00:00","og_image":[{"width":1280,"height":720,"url":"https:\/\/amalhamburg.de\/wp-content\/uploads\/sites\/2\/2021\/10\/21FQw1qqvKQ.jpg","type":"image\/jpeg"}],"author":"Julia Gerlach","twitter_card":"summary_large_image","twitter_misc":{"Verfasst von":"Julia Gerlach","Gesch\u00e4tzte Lesezeit":"2\u00a0Minuten"},"schema":{"@context":"https:\/\/schema.org","@graph":[{"@type":"Article","@id":"https:\/\/amalhamburg.de\/de\/2021\/10\/12\/130874\/#article","isPartOf":{"@id":"https:\/\/amalhamburg.de\/de\/2021\/10\/12\/130874\/"},"author":{"name":"Julia Gerlach","@id":"https:\/\/amalhamburg.de\/de\/#\/schema\/person\/69d08bbfd6c317e7166f72efca0b9e05"},"headline":"Facebook ist immer wieder f\u00fcr \u00dcberraschungen gut!","datePublished":"2021-10-12T11:57:22+00:00","dateModified":"2024-02-22T08:36:47+00:00","mainEntityOfPage":{"@id":"https:\/\/amalhamburg.de\/de\/2021\/10\/12\/130874\/"},"wordCount":502,"image":{"@id":"https:\/\/amalhamburg.de\/de\/2021\/10\/12\/130874\/#primaryimage"},"thumbnailUrl":"https:\/\/amalhamburg.de\/wp-content\/uploads\/sites\/2\/2021\/10\/21FQw1qqvKQ.jpg","keywords":["Giffey","Merkel","Syrien"],"articleSection":["Themen diese Woche","Unsere Themen der vergangenen Woche"],"inLanguage":"de"},{"@type":"WebPage","@id":"https:\/\/amalhamburg.de\/de\/2021\/10\/12\/130874\/","url":"https:\/\/amalhamburg.de\/de\/2021\/10\/12\/130874\/","name":"Facebook ist immer wieder f\u00fcr \u00dcberraschungen gut! - Amal, Hamburg!","isPartOf":{"@id":"https:\/\/amalhamburg.de\/de\/#website"},"primaryImageOfPage":{"@id":"https:\/\/amalhamburg.de\/de\/2021\/10\/12\/130874\/#primaryimage"},"image":{"@id":"https:\/\/amalhamburg.de\/de\/2021\/10\/12\/130874\/#primaryimage"},"thumbnailUrl":"https:\/\/amalhamburg.de\/wp-content\/uploads\/sites\/2\/2021\/10\/21FQw1qqvKQ.jpg","datePublished":"2021-10-12T11:57:22+00:00","dateModified":"2024-02-22T08:36:47+00:00","author":{"@id":"https:\/\/amalhamburg.de\/de\/#\/schema\/person\/69d08bbfd6c317e7166f72efca0b9e05"},"description":"Amal-Themen diese Woche: Gr\u00fcnde, weswegen wir unbedingt mehr Frauen in der Politik brauchen. Videos zu Angela Merkel und Franziska Giffey","breadcrumb":{"@id":"https:\/\/amalhamburg.de\/de\/2021\/10\/12\/130874\/#breadcrumb"},"inLanguage":"de","potentialAction":[{"@type":"ReadAction","target":["https:\/\/amalhamburg.de\/de\/2021\/10\/12\/130874\/"]}]},{"@type":"ImageObject","inLanguage":"de","@id":"https:\/\/amalhamburg.de\/de\/2021\/10\/12\/130874\/#primaryimage","url":"https:\/\/amalhamburg.de\/wp-content\/uploads\/sites\/2\/2021\/10\/21FQw1qqvKQ.jpg","contentUrl":"https:\/\/amalhamburg.de\/wp-content\/uploads\/sites\/2\/2021\/10\/21FQw1qqvKQ.jpg","width":1280,"height":720},{"@type":"BreadcrumbList","@id":"https:\/\/amalhamburg.de\/de\/2021\/10\/12\/130874\/#breadcrumb","itemListElement":[{"@type":"ListItem","position":1,"name":"Home","item":"https:\/\/amalhamburg.de\/de\/"},{"@type":"ListItem","position":2,"name":"Facebook ist immer wieder f\u00fcr \u00dcberraschungen gut!"}]},{"@type":"WebSite","@id":"https:\/\/amalhamburg.de\/de\/#website","url":"https:\/\/amalhamburg.de\/de\/","name":"Amal, Hamburg!","description":"","potentialAction":[{"@type":"SearchAction","target":{"@type":"EntryPoint","urlTemplate":"https:\/\/amalhamburg.de\/de\/?s={search_term_string}"},"query-input":{"@type":"PropertyValueSpecification","valueRequired":true,"valueName":"search_term_string"}}],"inLanguage":"de"},{"@type":"Person","@id":"https:\/\/amalhamburg.de\/de\/#\/schema\/person\/69d08bbfd6c317e7166f72efca0b9e05","name":"Julia Gerlach","image":{"@type":"ImageObject","inLanguage":"de","@id":"https:\/\/amalhamburg.de\/wp-content\/uploads\/sites\/2\/2019\/04\/aaaJulia-Gerlach-1-125x125.jpg","url":"https:\/\/amalhamburg.de\/wp-content\/uploads\/sites\/2\/2019\/04\/aaaJulia-Gerlach-1-125x125.jpg","contentUrl":"https:\/\/amalhamburg.de\/wp-content\/uploads\/sites\/2\/2019\/04\/aaaJulia-Gerlach-1-125x125.jpg","caption":"Julia Gerlach"},"description":"Julia Gerlach ist Projektleiterin bei Amal, Berlin! Von 2008 bis 2015 hat sie als Korrespondentin f\u00fcr deutsche Medien aus Kairo \u00fcber die arabischen Welt berichtet. Zuvor war sie Redakteurin beim heute Journal des ZDF. Sie hat mehrere Sachb\u00fccher \u00fcber den Islam in Deutschland und den Arabischen Fr\u00fchling geschrieben.","url":"https:\/\/amalhamburg.de\/de\/author\/julia\/"}]}},"_links":{"self":[{"href":"https:\/\/amalhamburg.de\/de\/wp-json\/wp\/v2\/posts\/47749","targetHints":{"allow":["GET"]}}],"collection":[{"href":"https:\/\/amalhamburg.de\/de\/wp-json\/wp\/v2\/posts"}],"about":[{"href":"https:\/\/amalhamburg.de\/de\/wp-json\/wp\/v2\/types\/post"}],"author":[{"embeddable":true,"href":"https:\/\/amalhamburg.de\/de\/wp-json\/wp\/v2\/users\/13"}],"replies":[{"embeddable":true,"href":"https:\/\/amalhamburg.de\/de\/wp-json\/wp\/v2\/comments?post=47749"}],"version-history":[{"count":2,"href":"https:\/\/amalhamburg.de\/de\/wp-json\/wp\/v2\/posts\/47749\/revisions"}],"predecessor-version":[{"id":47755,"href":"https:\/\/amalhamburg.de\/de\/wp-json\/wp\/v2\/posts\/47749\/revisions\/47755"}],"wp:featuredmedia":[{"embeddable":true,"href":"https:\/\/amalhamburg.de\/de\/wp-json\/wp\/v2\/media\/47750"}],"wp:attachment":[{"href":"https:\/\/amalhamburg.de\/de\/wp-json\/wp\/v2\/media?parent=47749"}],"wp:term":[{"taxonomy":"category","embeddable":true,"href":"https:\/\/amalhamburg.de\/de\/wp-json\/wp\/v2\/categories?post=47749"},{"taxonomy":"post_tag","embeddable":true,"href":"https:\/\/amalhamburg.de\/de\/wp-json\/wp\/v2\/tags?post=47749"}],"curies":[{"name":"wp","href":"https:\/\/api.w.org\/{rel}","templated":true}]}}