{"id":46837,"date":"2021-09-23T21:58:40","date_gmt":"2021-09-23T19:58:40","guid":{"rendered":"https:\/\/amalhamburg.de\/2021\/09\/23\/wir-sind-hier-um-zu-bleiben\/"},"modified":"2024-02-22T09:36:51","modified_gmt":"2024-02-22T08:36:51","slug":"wir-sind-hier-um-zu-bleiben","status":"publish","type":"post","link":"https:\/\/amalhamburg.de\/de\/2021\/09\/23\/wir-sind-hier-um-zu-bleiben\/","title":{"rendered":"Wir sind hier, um zu bleiben!"},"content":{"rendered":"<p>F\u00fcnf Jahre plus zwei Tage ist es her, dass wir uns zum ersten Mal als Amal-Team in den R\u00e4umen der Evangelischen Journalistenschule in Berlin zusammengefunden haben. Neugierige Blicke wanderten durch den Raum: Was ist denn das f\u00fcr eine bunt zusammengew\u00fcrfelte Truppe? Kann es gelingen, mit Menschen, die so unterschiedlich sind (Alter, Geschlecht, Herkunft, Charakter, Berufserfahrung) ein Team zu bilden? An diesem Tag des ersten Kennenlernens entstand dieses Foto. Ein paar Tage sp\u00e4ter, genau am 26.9. 2017 legten wir los und begannen mit unserem Einf\u00fchrungsworkshop.<\/p>\n<img decoding=\"async\" class=\"yiv1384311792mcnImage aligncenter\" src=\"https:\/\/ecp.yusercontent.com\/mail?url=https%3A%2F%2Fmcusercontent.com%2F25b910bd41bcfa802c85dd54f%2Fimages%2F5edd606f-5c0f-36ec-ab17-adf4a98017b8.jpeg&amp;t=1632426441&amp;ymreqid=7b487ecc-e939-618c-1c0a-d101b601a200&amp;sig=ipFoZ6HmhA1eNAFxvuvfBQ--~D\" alt=\"\" width=\"564\" align=\"middle\" \/>\n<p>Alle zehn Gr\u00fcndungsmitglieder von Amal hatten schon zuvor als Journalist*innen gearbeitet und waren Profis auf ihrem Gebiet. Entsprechend ging es in dem Workshop auch nicht um grundlegende journalistische Techniken, sondern um das, was Journalismus in Deutschland besonders macht: Wie komme ich an Informationen? Wen muss ich anrufen, wenn ich ein Interview mit einem Politiker oder einer Politikerin haben will? Wie komme ich mit der typisch Berliner Schnauze vieler Beh\u00f6rd*innen zurecht? Wie tickt die deutsche Gesellschaft? Es ging auch um ganz praktische Fragen: Darf ich auf der Stra\u00dfe Fotos machen? Von wem und von wem lieber nicht?<\/p>\n<p>Hier geht es zu unserem Video, das wir 2018 zu unserem ersten Online-Geburtstag produziert haben.<\/p>\n<p><iframe loading=\"lazy\" title=\"\u0628\u0645\u0646\u0627\u0633\u0628\u0629 \u0627\u0644\u0630\u0643\u0631\u0649 \u0627\u0644\u0623\u0648\u0644\u0649 \u0639\u0644\u0649 \u0627\u0646\u0637\u0644\u0627\u0642 \u0623\u0645\u0644 \u0628\u0631\u0644\u064a\u0646\u060c \u062a\u0639\u0631\u0641\u0648\u0627 \u0639\u0644\u0649 \u0641\u0631\u064a\u0642 \u0627\u0644\u0639\u0645\u0644\" width=\"680\" height=\"383\" src=\"https:\/\/www.youtube.com\/embed\/3XqTLqykG08?feature=oembed\" frameborder=\"0\" allow=\"accelerometer; autoplay; clipboard-write; encrypted-media; gyroscope; picture-in-picture\" allowfullscreen><\/iframe><\/p>\n<img decoding=\"async\" class=\"yiv1384311792mcnImage aligncenter\" src=\"https:\/\/ecp.yusercontent.com\/mail?url=https%3A%2F%2Fmcusercontent.com%2F25b910bd41bcfa802c85dd54f%2Fimages%2F6f34dfca-e227-6dd1-2118-828380cb7dd4.jpg&amp;t=1632426441&amp;ymreqid=7b487ecc-e939-618c-1c0a-d101b601a200&amp;sig=vCYka515YA4sIDleRq3OEA--~D\" alt=\"\" width=\"564\" \/>\n<img decoding=\"async\" class=\"yiv1384311792mcnImage aligncenter\" src=\"https:\/\/ecp.yusercontent.com\/mail?url=https%3A%2F%2Fmcusercontent.com%2F25b910bd41bcfa802c85dd54f%2Fimages%2Fa80fe87a-cde0-e55d-9489-f28cb5debb70.png&amp;t=1632426441&amp;ymreqid=7b487ecc-e939-618c-1c0a-d101b601a200&amp;sig=q6H4A8L6UH0O7hNmd1Lgiw--~D\" alt=\"\" width=\"564\" \/>\n<p>Es war eine spannende Zeit, in der wir alle viel gelernt haben. Zum Beispiel dar\u00fcber, dass man auch mit Menschen zusammenarbeiten kann, von denen man das nie gedacht h\u00e4tte, weil sie beispielsweise aus dem Iran kommen und man selbst als Syrer*in unter dem Terror iranischer Milizen in Syrien sehr gelitten hat. Zum Beispiel dar\u00fcber, dass es einen gro\u00dfen Unterschied gibt, wie ein interessanter Artikel aufgebaut ist: Afghanische Leser m\u00f6gen nicht so sehr die deutsche Art, gleich mit der spannendsten Szene einzusteigen. Sie ziehen es vor, wenn es eine ordentliche Einleitung gibt. Wir haben auch gelernt, dass es einen gro\u00dfen Unterschied macht, ob man mit einem deutschen Nachnahmen auf der Akkreditierungsliste f\u00fcr offizielle Pressekonferenzen steht oder mit einem syrischen und dass es dann gut ist, wenn man einen Presseausweis und auch noch ein gestempeltes Schreiben der Redaktion dabei hat, um wirklich teilnehmen zu k\u00f6nnen. (Ja, wir reden hier \u00fcber Deutschland, leider!) Wir haben auch gerlernt, nicht zu viel auf negative Prophezeiungen zu h\u00f6ren; dass man zum Beispiel niemals ein Team mit Menschen aus Syrien und aus Afghanistan bilden kann oder dass es unm\u00f6glich sein wird, gen\u00fcgend F\u00f6rdermittel zusammenzubekommen, um f\u00fcr jeden eine Stelle zu schaffen. Vor allem haben wir gelernt, dass es Spa\u00df macht, sich und die Aufgaben im Team immer wieder neu zu erfinden. Gelernt haben wir auch, dass es auch l\u00e4ngerfristig einen Bedarf gibt und Amal nicht \u00fcberfl\u00fcssig wird, wenn die 2015 Angekommenen nun ihre Sprachkurse abgeschlossen und ihre Staatb\u00fcrgerschaft beantragt haben. Es sieht doch so aus, als w\u00fcrden weiterhin immer neue Menschen aus arabischen L\u00e4ndern, Iran und Afghanistan zu uns kommen, die dringend lokale Nachrichten ben\u00f6tigen, um sich in ihrer neuen Umgebung zurecht zu finden.<\/p>\n<p>So ist aus dem Einf\u00fchrungsworkshop f\u00fcr Exiljournalisten von damals eine dynamische Redaktion mit zwei Standorten geworden. Gerade stecken wir mitten in unserer Kampagne zur Bundestagswahl. Schauen Sie einmal auf unsere Seiten<\/p>\n<div><a href=\"https:\/\/amalberlin.us16.list-manage.com\/track\/click?u=25b910bd41bcfa802c85dd54f&amp;id=fd7d788705&amp;e=97de862e62\" target=\"_blank\" rel=\"nofollow noopener noreferrer\"><strong>www.amalhamburg.de<\/strong><\/a><\/div>\n<p>da finden Sie viele interessante Videos mit Stimmen zur Wahl. Ganz besonders m\u00f6chten wir Ihnen in dieser Woche unser neu entwickeltes Let&#8217;s Play Wahl-o-Mat-Format empfehlen. Der bekannte Comedian Firaz al Schater mit Saly Al Khidr auf der Suche nach der richtigen Wahlentscheidung.<\/p>\n<p><iframe loading=\"lazy\" title=\"\u0645\u0639 \u0641\u0631\u0627\u0633 \u0627\u0644\u0634\u0627\u0637\u0631 \u0648\u0633\u0627\u0644\u064a \u062e\u0636\u0631 Wahl O Mat\" width=\"680\" height=\"383\" src=\"https:\/\/www.youtube.com\/embed\/e25gOHLwwV8?feature=oembed\" frameborder=\"0\" allow=\"accelerometer; autoplay; clipboard-write; encrypted-media; gyroscope; picture-in-picture\" allowfullscreen><\/iframe><\/p>\n<p>Zum Abschluss unserer Kampagne streamen wir am Samstag ab 18:30 Uhr Live aus der Forum Factory in Berlin eine Diskussionsrunde zur Bundestagswahl. Wir freuen uns auf eine spannende Diskussion mit:<\/p>\n<div><strong>Hussam Mujalli (Anwalt), <\/strong><\/div>\n<div><strong>Homa Amiri (Frauenrechtsaktivistin), <\/strong><\/div>\n<div><strong>Mamoon Aboassi (Kampagne Neuw\u00e4hler:in), <\/strong><\/div>\n<div>\n<p><strong>Sanaz Azimipour (Nicht ohne uns 14 Prozent)<\/strong><\/p>\n<p>Moderation: Omid Rezaee<\/p>\n<p>Konzert mit Nabil Arbain vom Arab Music Institute.<\/p>\n<\/div>\n<div><\/div>\n<div><img decoding=\"async\" class=\"yiv1384311792mcnImage\" src=\"https:\/\/ecp.yusercontent.com\/mail?url=https%3A%2F%2Fmcusercontent.com%2F25b910bd41bcfa802c85dd54f%2Fimages%2F7fd0c0d4-a2d7-5ec4-7cfc-4d78d022700e.jpg&amp;t=1632426441&amp;ymreqid=7b487ecc-e939-618c-1c0a-d101b601a200&amp;sig=RXKR1PeLMjoCJBKGj7eOhg--~D\" alt=\"\" width=\"564\" align=\"middle\" \/><\/div>\n<div>Bilder: epd, <span class=\"yiv1384311792metadata-value\">Christian Ditsch, Oscar Tiefenthal, Noah Ibrahim<\/span><br \/>\n,<br \/>\n<strong>Amal, Hamburg! berichtet auf Arabisch und Farsi\/Dari \u00fcber alles, was in Hamburg wichtig ist. Gerne \u00fcbersetzen wir einzelne Artikel auch ins Deutsche und stellen sie Redaktionen gegen Honorar zur Verf\u00fcgung.<\/strong><br \/>\nBitte wenden Sie sich per Mail an:<br \/>\n<strong>info(at)amalhamburg.de<\/strong><\/div>\n","protected":false},"excerpt":{"rendered":"<p>F\u00fcnf Jahre plus zwei Tage ist es her, dass wir uns zum ersten Mal als Amal-Team in den R\u00e4umen der Evangelischen Journalistenschule in Berlin zusammengefunden haben. Neugierige Blicke wanderten durch den Raum: Was ist denn das f\u00fcr eine bunt zusammengew\u00fcrfelte Truppe? Kann es gelingen, mit Menschen, die so unterschiedlich sind (Alter, Geschlecht, Herkunft, Charakter, Berufserfahrung)&#8230;  <a class=\"excerpt-read-more\" href=\"https:\/\/amalhamburg.de\/de\/2021\/09\/23\/wir-sind-hier-um-zu-bleiben\/\" title=\"Read Wir sind hier, um zu bleiben!\">Weiter &raquo;<\/a><\/p>\n","protected":false},"author":13,"featured_media":46842,"comment_status":"closed","ping_status":"open","sticky":false,"template":"","format":"standard","meta":{"_acf_changed":false,"footnotes":""},"categories":[7760,156],"tags":[5296,1023],"class_list":["post-46837","post","type-post","status-publish","format-standard","has-post-thumbnail","hentry","category-themen-diese-woche","category-zusammenfassungen","tag-bundestagswahl","tag-exil"],"acf":[],"yoast_head":"<!-- This site is optimized with the Yoast SEO plugin v27.5 - https:\/\/yoast.com\/product\/yoast-seo-wordpress\/ -->\n<title>Wir sind hier, um zu bleiben! - Amal, Hamburg!<\/title>\n<meta name=\"robots\" content=\"index, follow, max-snippet:-1, max-image-preview:large, max-video-preview:-1\" \/>\n<link rel=\"canonical\" href=\"https:\/\/amalhamburg.de\/de\/2021\/09\/23\/wir-sind-hier-um-zu-bleiben\/\" \/>\n<meta property=\"og:locale\" content=\"de_DE\" \/>\n<meta property=\"og:type\" content=\"article\" \/>\n<meta property=\"og:title\" content=\"Wir sind hier, um zu bleiben! - Amal, Hamburg!\" \/>\n<meta property=\"og:description\" content=\"F\u00fcnf Jahre plus zwei Tage ist es her, dass wir uns zum ersten Mal als Amal-Team in den R\u00e4umen der Evangelischen Journalistenschule in Berlin zusammengefunden haben. Neugierige Blicke wanderten durch den Raum: Was ist denn das f\u00fcr eine bunt zusammengew\u00fcrfelte Truppe? Kann es gelingen, mit Menschen, die so unterschiedlich sind (Alter, Geschlecht, Herkunft, Charakter, Berufserfahrung)... Weiter &raquo;\" \/>\n<meta property=\"og:url\" content=\"https:\/\/amalhamburg.de\/de\/2021\/09\/23\/wir-sind-hier-um-zu-bleiben\/\" \/>\n<meta property=\"og:site_name\" content=\"Amal, Hamburg!\" \/>\n<meta property=\"article:published_time\" content=\"2021-09-23T19:58:40+00:00\" \/>\n<meta property=\"article:modified_time\" content=\"2024-02-22T08:36:51+00:00\" \/>\n<meta property=\"og:image\" content=\"https:\/\/amalhamburg.de\/wp-content\/uploads\/sites\/2\/2021\/09\/team-sep.jpg\" \/>\n\t<meta property=\"og:image:width\" content=\"1\" \/>\n\t<meta property=\"og:image:height\" content=\"1\" \/>\n\t<meta property=\"og:image:type\" content=\"image\/jpeg\" \/>\n<meta name=\"author\" content=\"Julia Gerlach\" \/>\n<meta name=\"twitter:card\" content=\"summary_large_image\" \/>\n<meta name=\"twitter:label1\" content=\"Verfasst von\" \/>\n\t<meta name=\"twitter:data1\" content=\"Julia Gerlach\" \/>\n\t<meta name=\"twitter:label2\" content=\"Gesch\u00e4tzte Lesezeit\" \/>\n\t<meta name=\"twitter:data2\" content=\"3\u00a0Minuten\" \/>\n<script type=\"application\/ld+json\" class=\"yoast-schema-graph\">{\"@context\":\"https:\\\/\\\/schema.org\",\"@graph\":[{\"@type\":\"Article\",\"@id\":\"https:\\\/\\\/amalhamburg.de\\\/de\\\/2021\\\/09\\\/23\\\/wir-sind-hier-um-zu-bleiben\\\/#article\",\"isPartOf\":{\"@id\":\"https:\\\/\\\/amalhamburg.de\\\/de\\\/2021\\\/09\\\/23\\\/wir-sind-hier-um-zu-bleiben\\\/\"},\"author\":{\"name\":\"Julia Gerlach\",\"@id\":\"https:\\\/\\\/amalhamburg.de\\\/de\\\/#\\\/schema\\\/person\\\/69d08bbfd6c317e7166f72efca0b9e05\"},\"headline\":\"Wir sind hier, um zu bleiben!\",\"datePublished\":\"2021-09-23T19:58:40+00:00\",\"dateModified\":\"2024-02-22T08:36:51+00:00\",\"mainEntityOfPage\":{\"@id\":\"https:\\\/\\\/amalhamburg.de\\\/de\\\/2021\\\/09\\\/23\\\/wir-sind-hier-um-zu-bleiben\\\/\"},\"wordCount\":703,\"image\":{\"@id\":\"https:\\\/\\\/amalhamburg.de\\\/de\\\/2021\\\/09\\\/23\\\/wir-sind-hier-um-zu-bleiben\\\/#primaryimage\"},\"thumbnailUrl\":\"https:\\\/\\\/amalhamburg.de\\\/wp-content\\\/uploads\\\/sites\\\/2\\\/2021\\\/09\\\/team-sep.jpg\",\"keywords\":[\"Bundestagswahl\",\"Exil\"],\"articleSection\":[\"Themen diese Woche\",\"Unsere Themen der vergangenen Woche\"],\"inLanguage\":\"de\"},{\"@type\":\"WebPage\",\"@id\":\"https:\\\/\\\/amalhamburg.de\\\/de\\\/2021\\\/09\\\/23\\\/wir-sind-hier-um-zu-bleiben\\\/\",\"url\":\"https:\\\/\\\/amalhamburg.de\\\/de\\\/2021\\\/09\\\/23\\\/wir-sind-hier-um-zu-bleiben\\\/\",\"name\":\"Wir sind hier, um zu bleiben! - Amal, Hamburg!\",\"isPartOf\":{\"@id\":\"https:\\\/\\\/amalhamburg.de\\\/de\\\/#website\"},\"primaryImageOfPage\":{\"@id\":\"https:\\\/\\\/amalhamburg.de\\\/de\\\/2021\\\/09\\\/23\\\/wir-sind-hier-um-zu-bleiben\\\/#primaryimage\"},\"image\":{\"@id\":\"https:\\\/\\\/amalhamburg.de\\\/de\\\/2021\\\/09\\\/23\\\/wir-sind-hier-um-zu-bleiben\\\/#primaryimage\"},\"thumbnailUrl\":\"https:\\\/\\\/amalhamburg.de\\\/wp-content\\\/uploads\\\/sites\\\/2\\\/2021\\\/09\\\/team-sep.jpg\",\"datePublished\":\"2021-09-23T19:58:40+00:00\",\"dateModified\":\"2024-02-22T08:36:51+00:00\",\"author\":{\"@id\":\"https:\\\/\\\/amalhamburg.de\\\/de\\\/#\\\/schema\\\/person\\\/69d08bbfd6c317e7166f72efca0b9e05\"},\"breadcrumb\":{\"@id\":\"https:\\\/\\\/amalhamburg.de\\\/de\\\/2021\\\/09\\\/23\\\/wir-sind-hier-um-zu-bleiben\\\/#breadcrumb\"},\"inLanguage\":\"de\",\"potentialAction\":[{\"@type\":\"ReadAction\",\"target\":[\"https:\\\/\\\/amalhamburg.de\\\/de\\\/2021\\\/09\\\/23\\\/wir-sind-hier-um-zu-bleiben\\\/\"]}]},{\"@type\":\"ImageObject\",\"inLanguage\":\"de\",\"@id\":\"https:\\\/\\\/amalhamburg.de\\\/de\\\/2021\\\/09\\\/23\\\/wir-sind-hier-um-zu-bleiben\\\/#primaryimage\",\"url\":\"https:\\\/\\\/amalhamburg.de\\\/wp-content\\\/uploads\\\/sites\\\/2\\\/2021\\\/09\\\/team-sep.jpg\",\"contentUrl\":\"https:\\\/\\\/amalhamburg.de\\\/wp-content\\\/uploads\\\/sites\\\/2\\\/2021\\\/09\\\/team-sep.jpg\"},{\"@type\":\"BreadcrumbList\",\"@id\":\"https:\\\/\\\/amalhamburg.de\\\/de\\\/2021\\\/09\\\/23\\\/wir-sind-hier-um-zu-bleiben\\\/#breadcrumb\",\"itemListElement\":[{\"@type\":\"ListItem\",\"position\":1,\"name\":\"Home\",\"item\":\"https:\\\/\\\/amalhamburg.de\\\/de\\\/\"},{\"@type\":\"ListItem\",\"position\":2,\"name\":\"Wir sind hier, um zu bleiben!\"}]},{\"@type\":\"WebSite\",\"@id\":\"https:\\\/\\\/amalhamburg.de\\\/de\\\/#website\",\"url\":\"https:\\\/\\\/amalhamburg.de\\\/de\\\/\",\"name\":\"Amal, Hamburg!\",\"description\":\"\",\"potentialAction\":[{\"@type\":\"SearchAction\",\"target\":{\"@type\":\"EntryPoint\",\"urlTemplate\":\"https:\\\/\\\/amalhamburg.de\\\/de\\\/?s={search_term_string}\"},\"query-input\":{\"@type\":\"PropertyValueSpecification\",\"valueRequired\":true,\"valueName\":\"search_term_string\"}}],\"inLanguage\":\"de\"},{\"@type\":\"Person\",\"@id\":\"https:\\\/\\\/amalhamburg.de\\\/de\\\/#\\\/schema\\\/person\\\/69d08bbfd6c317e7166f72efca0b9e05\",\"name\":\"Julia Gerlach\",\"image\":{\"@type\":\"ImageObject\",\"inLanguage\":\"de\",\"@id\":\"https:\\\/\\\/amalhamburg.de\\\/wp-content\\\/uploads\\\/sites\\\/2\\\/2019\\\/04\\\/aaaJulia-Gerlach-1-125x125.jpg\",\"url\":\"https:\\\/\\\/amalhamburg.de\\\/wp-content\\\/uploads\\\/sites\\\/2\\\/2019\\\/04\\\/aaaJulia-Gerlach-1-125x125.jpg\",\"contentUrl\":\"https:\\\/\\\/amalhamburg.de\\\/wp-content\\\/uploads\\\/sites\\\/2\\\/2019\\\/04\\\/aaaJulia-Gerlach-1-125x125.jpg\",\"caption\":\"Julia Gerlach\"},\"description\":\"Julia Gerlach ist Projektleiterin bei Amal, Berlin! Von 2008 bis 2015 hat sie als Korrespondentin f\u00fcr deutsche Medien aus Kairo \u00fcber die arabischen Welt berichtet. Zuvor war sie Redakteurin beim heute Journal des ZDF. Sie hat mehrere Sachb\u00fccher \u00fcber den Islam in Deutschland und den Arabischen Fr\u00fchling geschrieben.\",\"url\":\"https:\\\/\\\/amalhamburg.de\\\/de\\\/author\\\/julia\\\/\"}]}<\/script>\n<!-- \/ Yoast SEO plugin. -->","yoast_head_json":{"title":"Wir sind hier, um zu bleiben! - Amal, Hamburg!","robots":{"index":"index","follow":"follow","max-snippet":"max-snippet:-1","max-image-preview":"max-image-preview:large","max-video-preview":"max-video-preview:-1"},"canonical":"https:\/\/amalhamburg.de\/de\/2021\/09\/23\/wir-sind-hier-um-zu-bleiben\/","og_locale":"de_DE","og_type":"article","og_title":"Wir sind hier, um zu bleiben! - Amal, Hamburg!","og_description":"F\u00fcnf Jahre plus zwei Tage ist es her, dass wir uns zum ersten Mal als Amal-Team in den R\u00e4umen der Evangelischen Journalistenschule in Berlin zusammengefunden haben. Neugierige Blicke wanderten durch den Raum: Was ist denn das f\u00fcr eine bunt zusammengew\u00fcrfelte Truppe? Kann es gelingen, mit Menschen, die so unterschiedlich sind (Alter, Geschlecht, Herkunft, Charakter, Berufserfahrung)... Weiter &raquo;","og_url":"https:\/\/amalhamburg.de\/de\/2021\/09\/23\/wir-sind-hier-um-zu-bleiben\/","og_site_name":"Amal, Hamburg!","article_published_time":"2021-09-23T19:58:40+00:00","article_modified_time":"2024-02-22T08:36:51+00:00","og_image":[{"url":"https:\/\/amalhamburg.de\/wp-content\/uploads\/sites\/2\/2021\/09\/team-sep.jpg","width":1,"height":1,"type":"image\/jpeg"}],"author":"Julia Gerlach","twitter_card":"summary_large_image","twitter_misc":{"Verfasst von":"Julia Gerlach","Gesch\u00e4tzte Lesezeit":"3\u00a0Minuten"},"schema":{"@context":"https:\/\/schema.org","@graph":[{"@type":"Article","@id":"https:\/\/amalhamburg.de\/de\/2021\/09\/23\/wir-sind-hier-um-zu-bleiben\/#article","isPartOf":{"@id":"https:\/\/amalhamburg.de\/de\/2021\/09\/23\/wir-sind-hier-um-zu-bleiben\/"},"author":{"name":"Julia Gerlach","@id":"https:\/\/amalhamburg.de\/de\/#\/schema\/person\/69d08bbfd6c317e7166f72efca0b9e05"},"headline":"Wir sind hier, um zu bleiben!","datePublished":"2021-09-23T19:58:40+00:00","dateModified":"2024-02-22T08:36:51+00:00","mainEntityOfPage":{"@id":"https:\/\/amalhamburg.de\/de\/2021\/09\/23\/wir-sind-hier-um-zu-bleiben\/"},"wordCount":703,"image":{"@id":"https:\/\/amalhamburg.de\/de\/2021\/09\/23\/wir-sind-hier-um-zu-bleiben\/#primaryimage"},"thumbnailUrl":"https:\/\/amalhamburg.de\/wp-content\/uploads\/sites\/2\/2021\/09\/team-sep.jpg","keywords":["Bundestagswahl","Exil"],"articleSection":["Themen diese Woche","Unsere Themen der vergangenen Woche"],"inLanguage":"de"},{"@type":"WebPage","@id":"https:\/\/amalhamburg.de\/de\/2021\/09\/23\/wir-sind-hier-um-zu-bleiben\/","url":"https:\/\/amalhamburg.de\/de\/2021\/09\/23\/wir-sind-hier-um-zu-bleiben\/","name":"Wir sind hier, um zu bleiben! - Amal, Hamburg!","isPartOf":{"@id":"https:\/\/amalhamburg.de\/de\/#website"},"primaryImageOfPage":{"@id":"https:\/\/amalhamburg.de\/de\/2021\/09\/23\/wir-sind-hier-um-zu-bleiben\/#primaryimage"},"image":{"@id":"https:\/\/amalhamburg.de\/de\/2021\/09\/23\/wir-sind-hier-um-zu-bleiben\/#primaryimage"},"thumbnailUrl":"https:\/\/amalhamburg.de\/wp-content\/uploads\/sites\/2\/2021\/09\/team-sep.jpg","datePublished":"2021-09-23T19:58:40+00:00","dateModified":"2024-02-22T08:36:51+00:00","author":{"@id":"https:\/\/amalhamburg.de\/de\/#\/schema\/person\/69d08bbfd6c317e7166f72efca0b9e05"},"breadcrumb":{"@id":"https:\/\/amalhamburg.de\/de\/2021\/09\/23\/wir-sind-hier-um-zu-bleiben\/#breadcrumb"},"inLanguage":"de","potentialAction":[{"@type":"ReadAction","target":["https:\/\/amalhamburg.de\/de\/2021\/09\/23\/wir-sind-hier-um-zu-bleiben\/"]}]},{"@type":"ImageObject","inLanguage":"de","@id":"https:\/\/amalhamburg.de\/de\/2021\/09\/23\/wir-sind-hier-um-zu-bleiben\/#primaryimage","url":"https:\/\/amalhamburg.de\/wp-content\/uploads\/sites\/2\/2021\/09\/team-sep.jpg","contentUrl":"https:\/\/amalhamburg.de\/wp-content\/uploads\/sites\/2\/2021\/09\/team-sep.jpg"},{"@type":"BreadcrumbList","@id":"https:\/\/amalhamburg.de\/de\/2021\/09\/23\/wir-sind-hier-um-zu-bleiben\/#breadcrumb","itemListElement":[{"@type":"ListItem","position":1,"name":"Home","item":"https:\/\/amalhamburg.de\/de\/"},{"@type":"ListItem","position":2,"name":"Wir sind hier, um zu bleiben!"}]},{"@type":"WebSite","@id":"https:\/\/amalhamburg.de\/de\/#website","url":"https:\/\/amalhamburg.de\/de\/","name":"Amal, Hamburg!","description":"","potentialAction":[{"@type":"SearchAction","target":{"@type":"EntryPoint","urlTemplate":"https:\/\/amalhamburg.de\/de\/?s={search_term_string}"},"query-input":{"@type":"PropertyValueSpecification","valueRequired":true,"valueName":"search_term_string"}}],"inLanguage":"de"},{"@type":"Person","@id":"https:\/\/amalhamburg.de\/de\/#\/schema\/person\/69d08bbfd6c317e7166f72efca0b9e05","name":"Julia Gerlach","image":{"@type":"ImageObject","inLanguage":"de","@id":"https:\/\/amalhamburg.de\/wp-content\/uploads\/sites\/2\/2019\/04\/aaaJulia-Gerlach-1-125x125.jpg","url":"https:\/\/amalhamburg.de\/wp-content\/uploads\/sites\/2\/2019\/04\/aaaJulia-Gerlach-1-125x125.jpg","contentUrl":"https:\/\/amalhamburg.de\/wp-content\/uploads\/sites\/2\/2019\/04\/aaaJulia-Gerlach-1-125x125.jpg","caption":"Julia Gerlach"},"description":"Julia Gerlach ist Projektleiterin bei Amal, Berlin! Von 2008 bis 2015 hat sie als Korrespondentin f\u00fcr deutsche Medien aus Kairo \u00fcber die arabischen Welt berichtet. Zuvor war sie Redakteurin beim heute Journal des ZDF. Sie hat mehrere Sachb\u00fccher \u00fcber den Islam in Deutschland und den Arabischen Fr\u00fchling geschrieben.","url":"https:\/\/amalhamburg.de\/de\/author\/julia\/"}]}},"_links":{"self":[{"href":"https:\/\/amalhamburg.de\/de\/wp-json\/wp\/v2\/posts\/46837","targetHints":{"allow":["GET"]}}],"collection":[{"href":"https:\/\/amalhamburg.de\/de\/wp-json\/wp\/v2\/posts"}],"about":[{"href":"https:\/\/amalhamburg.de\/de\/wp-json\/wp\/v2\/types\/post"}],"author":[{"embeddable":true,"href":"https:\/\/amalhamburg.de\/de\/wp-json\/wp\/v2\/users\/13"}],"replies":[{"embeddable":true,"href":"https:\/\/amalhamburg.de\/de\/wp-json\/wp\/v2\/comments?post=46837"}],"version-history":[{"count":2,"href":"https:\/\/amalhamburg.de\/de\/wp-json\/wp\/v2\/posts\/46837\/revisions"}],"predecessor-version":[{"id":46847,"href":"https:\/\/amalhamburg.de\/de\/wp-json\/wp\/v2\/posts\/46837\/revisions\/46847"}],"wp:featuredmedia":[{"embeddable":true,"href":"https:\/\/amalhamburg.de\/de\/wp-json\/wp\/v2\/media\/46842"}],"wp:attachment":[{"href":"https:\/\/amalhamburg.de\/de\/wp-json\/wp\/v2\/media?parent=46837"}],"wp:term":[{"taxonomy":"category","embeddable":true,"href":"https:\/\/amalhamburg.de\/de\/wp-json\/wp\/v2\/categories?post=46837"},{"taxonomy":"post_tag","embeddable":true,"href":"https:\/\/amalhamburg.de\/de\/wp-json\/wp\/v2\/tags?post=46837"}],"curies":[{"name":"wp","href":"https:\/\/api.w.org\/{rel}","templated":true}]}}