{"id":46231,"date":"2021-09-08T13:42:24","date_gmt":"2021-09-08T11:42:24","guid":{"rendered":"https:\/\/amalhamburg.de\/?p=46231"},"modified":"2021-09-09T10:36:19","modified_gmt":"2021-09-09T08:36:19","slug":"unsere-bundesadlerin-mit-klimper-wimpern","status":"publish","type":"post","link":"https:\/\/amalhamburg.de\/de\/2021\/09\/08\/unsere-bundesadlerin-mit-klimper-wimpern\/","title":{"rendered":"Unsere Bundesadlerin mit Klimper-Wimpern"},"content":{"rendered":"<p>Das ist unsere Bundesadlerin. Auf Arabisch hei\u00dft sie Sukar und f\u00fcr die afghanische und iranischen Community tritt sie unter dem Namen Shadouneh auf. Ihr Markenzeichen: Ihre verf\u00fchrerischen Klimper-Wimpern und ihre leicht rauchige Stimme. Ihre Superpower: Sie kann Wahlsystem, Parteienfinanzierung und Stimmzettel-Wirrwarr so erkl\u00e4ren, dass es sogar lustig ist. Sukar-Shadouneh ist der Star unserer gerade angelaufenen Info-Kampagne zur Bundestagswahl. Der syrische Karikaturist Noah Ibrahim hat ihr Leben unter die Fl\u00fcgel gehaucht, Abdolrahman Omaren, Maryam Mardani und Conny Gerlach haben daf\u00fcr gesorgt, dass sie keinen Quatsch erz\u00e4hlt.<\/p>\n<p><a href=\"https:\/\/amalberlin.us16.list-manage.com\/track\/click?u=25b910bd41bcfa802c85dd54f&amp;id=5ff91b592c&amp;e=77225fe06c\" target=\"_blank\" rel=\"nofollow noopener noreferrer\">Hier <\/a>geht es zu unserer Seite, auf der Sie alle Erkl\u00e4rvideos auf Arabisch finden. Wenn Sie m\u00f6gen, d\u00fcrfen Sie diese gerne teilen, verschicken, herunterladen und weiterverbreiten!<\/p>\n<img decoding=\"async\" class=\"yiv1309630122mcnImage aligncenter\" src=\"https:\/\/ecp.yusercontent.com\/mail?url=https%3A%2F%2Fmcusercontent.com%2F25b910bd41bcfa802c85dd54f%2Fimages%2F367555c0-edeb-ff68-50ae-c4c0e2822592.jpg&amp;t=1631100588&amp;ymreqid=7b487ecc-e939-618c-1cd2-67021c011200&amp;sig=O7zC3cGIv6i4a0XChNvPDg--~D\" alt=\"\" width=\"480\" align=\"middle\" \/>\n<h3 class=\"yiv1309630122null\">Wahlen steigern den Spieltrieb<\/h3>\n<p>Das findet zumindest Ahmad Kalaji. Er ist zust\u00e4ndig f\u00fcr unsere Erstw\u00e4hler*innen Kampagne auf Instagram und hat sich eine besondere Art ausgedacht, die deprimierend trockenen Informationen \u00fcber die Zusammensetzung des Bundestages und die fehlende Diversit\u00e4t an unsere Leser*innen zu vermitteln. Er hat daraus ein Quiz gemacht. Viel Spa\u00df beim Klicken: <a href=\"https:\/\/www.instagram.com\/amalberlin\/\">Hier<\/a> geht es zu Amal auf Instagram und <a href=\"https:\/\/fb.watch\/7UmfIyLr2D\/\">hier<\/a> zum Spiel in Videoformat.<\/p>\n<p><a href=\"https:\/\/fb.watch\/7UmfIyLr2D\/\">Info-Spiel zum Thema Diversit\u00e4t im Bundestag. Raten Sie einmal, welche Partei die meisten Abgeordneten mit Migrationshintergrund im Bundestag haben!\u00a0<img decoding=\"async\" class=\"yiv1309630122mcnImage\" src=\"https:\/\/ecp.yusercontent.com\/mail?url=https%3A%2F%2Fmcusercontent.com%2F25b910bd41bcfa802c85dd54f%2Fimages%2F5f9dc8b7-be45-41b5-4310-4cf46530c11f.png&amp;t=1631100588&amp;ymreqid=7b487ecc-e939-618c-1cd2-67021c011200&amp;sig=wYArxZVXSvg5srRH2t9qPA--~D\" alt=\"\" width=\"564\" \/><\/a><\/p>\n<h6>Info-Spiel zum Thema Diversit\u00e4t im Bundestag. Raten Sie einmal, welche Partei die meisten Abgeordneten mit Migrationshintergrund im Bundestag haben!<\/h6>\n<p>&nbsp;<\/p>\n<h3 class=\"yiv1309630122null\">Unser erstes Mal<\/h3>\n<p>Normalerweise entsteht eine politische Einstellung im Laufe der Kindheit und Jugend, sie wird gepr\u00e4gt von oder auch gegen die Eltern, die Gesellschaft, in der man sich bewegt, spielt eine gro\u00dfe Rolle. So kommt es auch, dass viele Menschen, die vor Wahlen einen Wahl-o-Mat befragen, welches die richtige Partei f\u00fcr sie ist, am Ende doch etwas anderes w\u00e4hlen, als das Computerprogramm vorschl\u00e4gt. Nach dem Motto: &#8222;Was, ich soll FDP w\u00e4hlen, ich hab doch schon immer die GR\u00dcNEN gew\u00e4hlt und w\u00e4hle doch nicht das gleiche wie mein Vater!&#8220; Oder: &#8222;Ich, die SPD? Nur \u00fcber meine Leiche! Die haben in den 1920er Jahren die Revolution verraten!&#8220;<\/p>\n<p>Zur politische Sozialisation gibt es viele Studien. Was weniger gut untersucht ist, sind die Wahlentscheidung von Menschen, die pl\u00f6tzlich das politische System wechseln. In diesem Jahr ist die Wahlentscheidung der Erstw\u00e4hler*innen aus arabischen L\u00e4ndern, Iran und Afghanistan besonders interessant, da Bundeskanzlerin Merkel nicht mehr antritt. Da kann man also nicht einfach sagen: Die ist gut, die hat uns aufgenommen, die w\u00e4hlen wir! Es muss eine echte Entscheidung her. Wie so etwas geht, diskutieren wir im Amal, Salon! mit Erstw\u00e4hler*innen aus Hamburg. Freitag, 10.9. 17 Uhr Live bei uns auf Facebook.<\/p>\n<p>&nbsp;<\/p>\n<img decoding=\"async\" class=\"yiv1309630122mcnImage\" src=\"https:\/\/ecp.yusercontent.com\/mail?url=https%3A%2F%2Fmcusercontent.com%2F25b910bd41bcfa802c85dd54f%2Fimages%2F0e9070a6-05a6-7486-d64c-5bee8fae7c41.jpeg&amp;t=1631100588&amp;ymreqid=7b487ecc-e939-618c-1cd2-67021c011200&amp;sig=uQRCAXZAEHyylNGEcmpdGg--~D\" alt=\"\" width=\"564\" align=\"middle\" \/>\n<h5>&#8222;In meinem Exil suche ich nach einem geistigen Zuhause in der Fremdsprache Deutsch und versuche zugleich den schmerzlichen Verlust meiner Heimat durch Schreiben zu verarbeiten.&#8220;<br \/>\nMassum Faryar, afghanischer Schriftsteller im deutschen Exil<\/h5>\n<h2>Einladung<\/h2>\n<img decoding=\"async\" class=\"yiv1309630122mcnImage\" src=\"https:\/\/ecp.yusercontent.com\/mail?url=https%3A%2F%2Fmcusercontent.com%2F25b910bd41bcfa802c85dd54f%2Fimages%2F43c3a34b-da93-332a-34ce-4397479e537a.jpeg&amp;t=1631100588&amp;ymreqid=7b487ecc-e939-618c-1cd2-67021c011200&amp;sig=MN4coOTJCb.yoMlPa19WUA--~D\" alt=\"\" width=\"564\" align=\"middle\" \/>\n<p>Gerne m\u00f6chten wir an dieser Stelle noch auf eine Veranstaltung \u201eAfghanistan &#8211; Gedanken aus dem Exil\u201c hinweisen, zu der die Stiftung Exilmuseum Berlin zusammen mit der K\u00f6rber-Stiftung einl\u00e4dt. Die Augen der Welt sind auf Afghanistan gerichtet, so auch die vieler Exil-Afghaninnen und -Afghanen in Deutschland. Der Schriftsteller Massum Faryar berichtet, wie er seine Erfahrungen und die Geschichte seines Herkunftslandes Afghanistan in seiner Kunst verarbeitet. Mit der Lesung aus seinem Roman \u201eBuskaschi oder Der Teppich meiner Mutter\u201c l\u00e4dt er ein, in die Geschichte des Landes am Hindukusch einzutauchen. Anschlie\u00dfend sprechen er und die Designerin und Frauenrechtlerin Laila Noor mit der Journalistin Nadine Kreuzahler \u00fcber die aktuelle Lage im Land.Die Veranstaltung findet am Freitag, 17. September ab 19 Uhr in Berlin in der Freiluftausstellung ZU\/FLUCHT, Askanischer Platz 11, 10963 Berlin ( hinter der Portalruine des Anhalter Bahnhofs) statt. Eintritt ist frei; Anmeldung ist erforderlich \u00fcber: info@exilmuseum.berlin<\/p>\n<p>&nbsp;<\/p>\n","protected":false},"excerpt":{"rendered":"<p>Das ist unsere Bundesadlerin. Auf Arabisch hei\u00dft sie Sukar und f\u00fcr die afghanische und iranischen Community tritt sie unter dem Namen Shadouneh auf. Ihr Markenzeichen: Ihre verf\u00fchrerischen Klimper-Wimpern und ihre leicht rauchige Stimme. Ihre Superpower: Sie kann Wahlsystem, Parteienfinanzierung und Stimmzettel-Wirrwarr so erkl\u00e4ren, dass es sogar lustig ist. Sukar-Shadouneh ist der Star unserer gerade angelaufenen&#8230;  <a class=\"excerpt-read-more\" href=\"https:\/\/amalhamburg.de\/de\/2021\/09\/08\/unsere-bundesadlerin-mit-klimper-wimpern\/\" title=\"Read Unsere Bundesadlerin mit Klimper-Wimpern\">Weiter &raquo;<\/a><\/p>\n","protected":false},"author":13,"featured_media":46232,"comment_status":"closed","ping_status":"open","sticky":false,"template":"","format":"standard","meta":{"_acf_changed":false,"footnotes":""},"categories":[156],"tags":[5296,1023],"class_list":["post-46231","post","type-post","status-publish","format-standard","has-post-thumbnail","hentry","category-zusammenfassungen","tag-bundestagswahl","tag-exil"],"acf":[],"yoast_head":"<!-- This site is optimized with the Yoast SEO plugin v27.5 - https:\/\/yoast.com\/product\/yoast-seo-wordpress\/ -->\n<title>Unsere Bundesadlerin mit Klimper-Wimpern - Amal, Hamburg!<\/title>\n<meta name=\"description\" content=\"Amal-Kampagne zur Bundestagswahl hat begonnen. Maskottchen ist die Bundesadlerin mit Klimper-Wimpern, gef\u00f6rdert durch BpB\" \/>\n<meta name=\"robots\" content=\"index, follow, max-snippet:-1, max-image-preview:large, max-video-preview:-1\" \/>\n<link rel=\"canonical\" href=\"https:\/\/amalhamburg.de\/de\/2021\/09\/08\/unsere-bundesadlerin-mit-klimper-wimpern\/\" \/>\n<meta property=\"og:locale\" content=\"de_DE\" \/>\n<meta property=\"og:type\" content=\"article\" \/>\n<meta property=\"og:title\" content=\"Unsere Bundesadlerin mit Klimper-Wimpern - Amal, Hamburg!\" \/>\n<meta property=\"og:description\" content=\"Amal-Kampagne zur Bundestagswahl hat begonnen. Maskottchen ist die Bundesadlerin mit Klimper-Wimpern, gef\u00f6rdert durch BpB\" \/>\n<meta property=\"og:url\" content=\"https:\/\/amalhamburg.de\/de\/2021\/09\/08\/unsere-bundesadlerin-mit-klimper-wimpern\/\" \/>\n<meta property=\"og:site_name\" content=\"Amal, Hamburg!\" \/>\n<meta property=\"article:published_time\" content=\"2021-09-08T11:42:24+00:00\" \/>\n<meta property=\"article:modified_time\" content=\"2021-09-09T08:36:19+00:00\" \/>\n<meta property=\"og:image\" content=\"https:\/\/amalhamburg.de\/wp-content\/uploads\/sites\/2\/2021\/09\/Unbenannt-1.png\" \/>\n\t<meta property=\"og:image:width\" content=\"660\" \/>\n\t<meta property=\"og:image:height\" content=\"416\" \/>\n\t<meta property=\"og:image:type\" content=\"image\/png\" \/>\n<meta name=\"author\" content=\"Julia Gerlach\" \/>\n<meta name=\"twitter:card\" content=\"summary_large_image\" \/>\n<meta name=\"twitter:label1\" content=\"Verfasst von\" \/>\n\t<meta name=\"twitter:data1\" content=\"Julia Gerlach\" \/>\n\t<meta name=\"twitter:label2\" content=\"Gesch\u00e4tzte Lesezeit\" \/>\n\t<meta name=\"twitter:data2\" content=\"4\u00a0Minuten\" \/>\n<script type=\"application\/ld+json\" class=\"yoast-schema-graph\">{\"@context\":\"https:\\\/\\\/schema.org\",\"@graph\":[{\"@type\":\"Article\",\"@id\":\"https:\\\/\\\/amalhamburg.de\\\/de\\\/2021\\\/09\\\/08\\\/unsere-bundesadlerin-mit-klimper-wimpern\\\/#article\",\"isPartOf\":{\"@id\":\"https:\\\/\\\/amalhamburg.de\\\/de\\\/2021\\\/09\\\/08\\\/unsere-bundesadlerin-mit-klimper-wimpern\\\/\"},\"author\":{\"name\":\"Julia Gerlach\",\"@id\":\"https:\\\/\\\/amalhamburg.de\\\/de\\\/#\\\/schema\\\/person\\\/69d08bbfd6c317e7166f72efca0b9e05\"},\"headline\":\"Unsere Bundesadlerin mit Klimper-Wimpern\",\"datePublished\":\"2021-09-08T11:42:24+00:00\",\"dateModified\":\"2021-09-09T08:36:19+00:00\",\"mainEntityOfPage\":{\"@id\":\"https:\\\/\\\/amalhamburg.de\\\/de\\\/2021\\\/09\\\/08\\\/unsere-bundesadlerin-mit-klimper-wimpern\\\/\"},\"wordCount\":631,\"image\":{\"@id\":\"https:\\\/\\\/amalhamburg.de\\\/de\\\/2021\\\/09\\\/08\\\/unsere-bundesadlerin-mit-klimper-wimpern\\\/#primaryimage\"},\"thumbnailUrl\":\"https:\\\/\\\/amalhamburg.de\\\/wp-content\\\/uploads\\\/sites\\\/2\\\/2021\\\/09\\\/Unbenannt-1.png\",\"keywords\":[\"Bundestagswahl\",\"Exil\"],\"articleSection\":[\"Unsere Themen der vergangenen Woche\"],\"inLanguage\":\"de\"},{\"@type\":\"WebPage\",\"@id\":\"https:\\\/\\\/amalhamburg.de\\\/de\\\/2021\\\/09\\\/08\\\/unsere-bundesadlerin-mit-klimper-wimpern\\\/\",\"url\":\"https:\\\/\\\/amalhamburg.de\\\/de\\\/2021\\\/09\\\/08\\\/unsere-bundesadlerin-mit-klimper-wimpern\\\/\",\"name\":\"Unsere Bundesadlerin mit Klimper-Wimpern - Amal, Hamburg!\",\"isPartOf\":{\"@id\":\"https:\\\/\\\/amalhamburg.de\\\/de\\\/#website\"},\"primaryImageOfPage\":{\"@id\":\"https:\\\/\\\/amalhamburg.de\\\/de\\\/2021\\\/09\\\/08\\\/unsere-bundesadlerin-mit-klimper-wimpern\\\/#primaryimage\"},\"image\":{\"@id\":\"https:\\\/\\\/amalhamburg.de\\\/de\\\/2021\\\/09\\\/08\\\/unsere-bundesadlerin-mit-klimper-wimpern\\\/#primaryimage\"},\"thumbnailUrl\":\"https:\\\/\\\/amalhamburg.de\\\/wp-content\\\/uploads\\\/sites\\\/2\\\/2021\\\/09\\\/Unbenannt-1.png\",\"datePublished\":\"2021-09-08T11:42:24+00:00\",\"dateModified\":\"2021-09-09T08:36:19+00:00\",\"author\":{\"@id\":\"https:\\\/\\\/amalhamburg.de\\\/de\\\/#\\\/schema\\\/person\\\/69d08bbfd6c317e7166f72efca0b9e05\"},\"description\":\"Amal-Kampagne zur Bundestagswahl hat begonnen. Maskottchen ist die Bundesadlerin mit Klimper-Wimpern, gef\u00f6rdert durch BpB\",\"breadcrumb\":{\"@id\":\"https:\\\/\\\/amalhamburg.de\\\/de\\\/2021\\\/09\\\/08\\\/unsere-bundesadlerin-mit-klimper-wimpern\\\/#breadcrumb\"},\"inLanguage\":\"de\",\"potentialAction\":[{\"@type\":\"ReadAction\",\"target\":[\"https:\\\/\\\/amalhamburg.de\\\/de\\\/2021\\\/09\\\/08\\\/unsere-bundesadlerin-mit-klimper-wimpern\\\/\"]}]},{\"@type\":\"ImageObject\",\"inLanguage\":\"de\",\"@id\":\"https:\\\/\\\/amalhamburg.de\\\/de\\\/2021\\\/09\\\/08\\\/unsere-bundesadlerin-mit-klimper-wimpern\\\/#primaryimage\",\"url\":\"https:\\\/\\\/amalhamburg.de\\\/wp-content\\\/uploads\\\/sites\\\/2\\\/2021\\\/09\\\/Unbenannt-1.png\",\"contentUrl\":\"https:\\\/\\\/amalhamburg.de\\\/wp-content\\\/uploads\\\/sites\\\/2\\\/2021\\\/09\\\/Unbenannt-1.png\",\"width\":660,\"height\":416},{\"@type\":\"BreadcrumbList\",\"@id\":\"https:\\\/\\\/amalhamburg.de\\\/de\\\/2021\\\/09\\\/08\\\/unsere-bundesadlerin-mit-klimper-wimpern\\\/#breadcrumb\",\"itemListElement\":[{\"@type\":\"ListItem\",\"position\":1,\"name\":\"Home\",\"item\":\"https:\\\/\\\/amalhamburg.de\\\/de\\\/\"},{\"@type\":\"ListItem\",\"position\":2,\"name\":\"Unsere Bundesadlerin mit Klimper-Wimpern\"}]},{\"@type\":\"WebSite\",\"@id\":\"https:\\\/\\\/amalhamburg.de\\\/de\\\/#website\",\"url\":\"https:\\\/\\\/amalhamburg.de\\\/de\\\/\",\"name\":\"Amal, Hamburg!\",\"description\":\"\",\"potentialAction\":[{\"@type\":\"SearchAction\",\"target\":{\"@type\":\"EntryPoint\",\"urlTemplate\":\"https:\\\/\\\/amalhamburg.de\\\/de\\\/?s={search_term_string}\"},\"query-input\":{\"@type\":\"PropertyValueSpecification\",\"valueRequired\":true,\"valueName\":\"search_term_string\"}}],\"inLanguage\":\"de\"},{\"@type\":\"Person\",\"@id\":\"https:\\\/\\\/amalhamburg.de\\\/de\\\/#\\\/schema\\\/person\\\/69d08bbfd6c317e7166f72efca0b9e05\",\"name\":\"Julia Gerlach\",\"image\":{\"@type\":\"ImageObject\",\"inLanguage\":\"de\",\"@id\":\"https:\\\/\\\/amalhamburg.de\\\/wp-content\\\/uploads\\\/sites\\\/2\\\/2019\\\/04\\\/aaaJulia-Gerlach-1-125x125.jpg\",\"url\":\"https:\\\/\\\/amalhamburg.de\\\/wp-content\\\/uploads\\\/sites\\\/2\\\/2019\\\/04\\\/aaaJulia-Gerlach-1-125x125.jpg\",\"contentUrl\":\"https:\\\/\\\/amalhamburg.de\\\/wp-content\\\/uploads\\\/sites\\\/2\\\/2019\\\/04\\\/aaaJulia-Gerlach-1-125x125.jpg\",\"caption\":\"Julia Gerlach\"},\"description\":\"Julia Gerlach ist Projektleiterin bei Amal, Berlin! Von 2008 bis 2015 hat sie als Korrespondentin f\u00fcr deutsche Medien aus Kairo \u00fcber die arabischen Welt berichtet. Zuvor war sie Redakteurin beim heute Journal des ZDF. Sie hat mehrere Sachb\u00fccher \u00fcber den Islam in Deutschland und den Arabischen Fr\u00fchling geschrieben.\",\"url\":\"https:\\\/\\\/amalhamburg.de\\\/de\\\/author\\\/julia\\\/\"}]}<\/script>\n<!-- \/ Yoast SEO plugin. -->","yoast_head_json":{"title":"Unsere Bundesadlerin mit Klimper-Wimpern - Amal, Hamburg!","description":"Amal-Kampagne zur Bundestagswahl hat begonnen. Maskottchen ist die Bundesadlerin mit Klimper-Wimpern, gef\u00f6rdert durch BpB","robots":{"index":"index","follow":"follow","max-snippet":"max-snippet:-1","max-image-preview":"max-image-preview:large","max-video-preview":"max-video-preview:-1"},"canonical":"https:\/\/amalhamburg.de\/de\/2021\/09\/08\/unsere-bundesadlerin-mit-klimper-wimpern\/","og_locale":"de_DE","og_type":"article","og_title":"Unsere Bundesadlerin mit Klimper-Wimpern - Amal, Hamburg!","og_description":"Amal-Kampagne zur Bundestagswahl hat begonnen. Maskottchen ist die Bundesadlerin mit Klimper-Wimpern, gef\u00f6rdert durch BpB","og_url":"https:\/\/amalhamburg.de\/de\/2021\/09\/08\/unsere-bundesadlerin-mit-klimper-wimpern\/","og_site_name":"Amal, Hamburg!","article_published_time":"2021-09-08T11:42:24+00:00","article_modified_time":"2021-09-09T08:36:19+00:00","og_image":[{"width":660,"height":416,"url":"https:\/\/amalhamburg.de\/wp-content\/uploads\/sites\/2\/2021\/09\/Unbenannt-1.png","type":"image\/png"}],"author":"Julia Gerlach","twitter_card":"summary_large_image","twitter_misc":{"Verfasst von":"Julia Gerlach","Gesch\u00e4tzte Lesezeit":"4\u00a0Minuten"},"schema":{"@context":"https:\/\/schema.org","@graph":[{"@type":"Article","@id":"https:\/\/amalhamburg.de\/de\/2021\/09\/08\/unsere-bundesadlerin-mit-klimper-wimpern\/#article","isPartOf":{"@id":"https:\/\/amalhamburg.de\/de\/2021\/09\/08\/unsere-bundesadlerin-mit-klimper-wimpern\/"},"author":{"name":"Julia Gerlach","@id":"https:\/\/amalhamburg.de\/de\/#\/schema\/person\/69d08bbfd6c317e7166f72efca0b9e05"},"headline":"Unsere Bundesadlerin mit Klimper-Wimpern","datePublished":"2021-09-08T11:42:24+00:00","dateModified":"2021-09-09T08:36:19+00:00","mainEntityOfPage":{"@id":"https:\/\/amalhamburg.de\/de\/2021\/09\/08\/unsere-bundesadlerin-mit-klimper-wimpern\/"},"wordCount":631,"image":{"@id":"https:\/\/amalhamburg.de\/de\/2021\/09\/08\/unsere-bundesadlerin-mit-klimper-wimpern\/#primaryimage"},"thumbnailUrl":"https:\/\/amalhamburg.de\/wp-content\/uploads\/sites\/2\/2021\/09\/Unbenannt-1.png","keywords":["Bundestagswahl","Exil"],"articleSection":["Unsere Themen der vergangenen Woche"],"inLanguage":"de"},{"@type":"WebPage","@id":"https:\/\/amalhamburg.de\/de\/2021\/09\/08\/unsere-bundesadlerin-mit-klimper-wimpern\/","url":"https:\/\/amalhamburg.de\/de\/2021\/09\/08\/unsere-bundesadlerin-mit-klimper-wimpern\/","name":"Unsere Bundesadlerin mit Klimper-Wimpern - Amal, Hamburg!","isPartOf":{"@id":"https:\/\/amalhamburg.de\/de\/#website"},"primaryImageOfPage":{"@id":"https:\/\/amalhamburg.de\/de\/2021\/09\/08\/unsere-bundesadlerin-mit-klimper-wimpern\/#primaryimage"},"image":{"@id":"https:\/\/amalhamburg.de\/de\/2021\/09\/08\/unsere-bundesadlerin-mit-klimper-wimpern\/#primaryimage"},"thumbnailUrl":"https:\/\/amalhamburg.de\/wp-content\/uploads\/sites\/2\/2021\/09\/Unbenannt-1.png","datePublished":"2021-09-08T11:42:24+00:00","dateModified":"2021-09-09T08:36:19+00:00","author":{"@id":"https:\/\/amalhamburg.de\/de\/#\/schema\/person\/69d08bbfd6c317e7166f72efca0b9e05"},"description":"Amal-Kampagne zur Bundestagswahl hat begonnen. Maskottchen ist die Bundesadlerin mit Klimper-Wimpern, gef\u00f6rdert durch BpB","breadcrumb":{"@id":"https:\/\/amalhamburg.de\/de\/2021\/09\/08\/unsere-bundesadlerin-mit-klimper-wimpern\/#breadcrumb"},"inLanguage":"de","potentialAction":[{"@type":"ReadAction","target":["https:\/\/amalhamburg.de\/de\/2021\/09\/08\/unsere-bundesadlerin-mit-klimper-wimpern\/"]}]},{"@type":"ImageObject","inLanguage":"de","@id":"https:\/\/amalhamburg.de\/de\/2021\/09\/08\/unsere-bundesadlerin-mit-klimper-wimpern\/#primaryimage","url":"https:\/\/amalhamburg.de\/wp-content\/uploads\/sites\/2\/2021\/09\/Unbenannt-1.png","contentUrl":"https:\/\/amalhamburg.de\/wp-content\/uploads\/sites\/2\/2021\/09\/Unbenannt-1.png","width":660,"height":416},{"@type":"BreadcrumbList","@id":"https:\/\/amalhamburg.de\/de\/2021\/09\/08\/unsere-bundesadlerin-mit-klimper-wimpern\/#breadcrumb","itemListElement":[{"@type":"ListItem","position":1,"name":"Home","item":"https:\/\/amalhamburg.de\/de\/"},{"@type":"ListItem","position":2,"name":"Unsere Bundesadlerin mit Klimper-Wimpern"}]},{"@type":"WebSite","@id":"https:\/\/amalhamburg.de\/de\/#website","url":"https:\/\/amalhamburg.de\/de\/","name":"Amal, Hamburg!","description":"","potentialAction":[{"@type":"SearchAction","target":{"@type":"EntryPoint","urlTemplate":"https:\/\/amalhamburg.de\/de\/?s={search_term_string}"},"query-input":{"@type":"PropertyValueSpecification","valueRequired":true,"valueName":"search_term_string"}}],"inLanguage":"de"},{"@type":"Person","@id":"https:\/\/amalhamburg.de\/de\/#\/schema\/person\/69d08bbfd6c317e7166f72efca0b9e05","name":"Julia Gerlach","image":{"@type":"ImageObject","inLanguage":"de","@id":"https:\/\/amalhamburg.de\/wp-content\/uploads\/sites\/2\/2019\/04\/aaaJulia-Gerlach-1-125x125.jpg","url":"https:\/\/amalhamburg.de\/wp-content\/uploads\/sites\/2\/2019\/04\/aaaJulia-Gerlach-1-125x125.jpg","contentUrl":"https:\/\/amalhamburg.de\/wp-content\/uploads\/sites\/2\/2019\/04\/aaaJulia-Gerlach-1-125x125.jpg","caption":"Julia Gerlach"},"description":"Julia Gerlach ist Projektleiterin bei Amal, Berlin! Von 2008 bis 2015 hat sie als Korrespondentin f\u00fcr deutsche Medien aus Kairo \u00fcber die arabischen Welt berichtet. Zuvor war sie Redakteurin beim heute Journal des ZDF. Sie hat mehrere Sachb\u00fccher \u00fcber den Islam in Deutschland und den Arabischen Fr\u00fchling geschrieben.","url":"https:\/\/amalhamburg.de\/de\/author\/julia\/"}]}},"_links":{"self":[{"href":"https:\/\/amalhamburg.de\/de\/wp-json\/wp\/v2\/posts\/46231","targetHints":{"allow":["GET"]}}],"collection":[{"href":"https:\/\/amalhamburg.de\/de\/wp-json\/wp\/v2\/posts"}],"about":[{"href":"https:\/\/amalhamburg.de\/de\/wp-json\/wp\/v2\/types\/post"}],"author":[{"embeddable":true,"href":"https:\/\/amalhamburg.de\/de\/wp-json\/wp\/v2\/users\/13"}],"replies":[{"embeddable":true,"href":"https:\/\/amalhamburg.de\/de\/wp-json\/wp\/v2\/comments?post=46231"}],"version-history":[{"count":1,"href":"https:\/\/amalhamburg.de\/de\/wp-json\/wp\/v2\/posts\/46231\/revisions"}],"predecessor-version":[{"id":46236,"href":"https:\/\/amalhamburg.de\/de\/wp-json\/wp\/v2\/posts\/46231\/revisions\/46236"}],"wp:featuredmedia":[{"embeddable":true,"href":"https:\/\/amalhamburg.de\/de\/wp-json\/wp\/v2\/media\/46232"}],"wp:attachment":[{"href":"https:\/\/amalhamburg.de\/de\/wp-json\/wp\/v2\/media?parent=46231"}],"wp:term":[{"taxonomy":"category","embeddable":true,"href":"https:\/\/amalhamburg.de\/de\/wp-json\/wp\/v2\/categories?post=46231"},{"taxonomy":"post_tag","embeddable":true,"href":"https:\/\/amalhamburg.de\/de\/wp-json\/wp\/v2\/tags?post=46231"}],"curies":[{"name":"wp","href":"https:\/\/api.w.org\/{rel}","templated":true}]}}