{"id":45235,"date":"2021-08-18T13:51:59","date_gmt":"2021-08-18T11:51:59","guid":{"rendered":"https:\/\/amalhamburg.de\/?p=45235"},"modified":"2021-08-18T13:56:05","modified_gmt":"2021-08-18T11:56:05","slug":"wir-sind-betroffen","status":"publish","type":"post","link":"https:\/\/amalhamburg.de\/de\/2021\/08\/18\/wir-sind-betroffen\/","title":{"rendered":"Wir sind betroffen!"},"content":{"rendered":"<p>&#8222;Ich bin eine afghanische Frau. Ich habe sechs Kinder. Ich wei\u00df nicht, was ich machen soll. Wie komme ich hier heraus? Bitte helfen Sie mir!&#8220;, diese Nachricht fanden wir heute Morgen in Email-Eingang. Es ist einer von vielen Hilferufen, die uns erreichen. Amal hei\u00dft ja eigentlich Hoffnung. Das ist unser Anspruch und so lastet die Hilflosigkeit als schweres, dunkles Gef\u00fchl auf uns. Besonders betroffen sind die vier Amal-Kolleg*innen, die selbst aus Afghanistan kommen und enge Familienangeh\u00f6rige haben, die in Kabul sind. Viele haben das Unheil kommen sehen und bereiteten sich auf eine Flucht vor. Sie k\u00fcmmerten sich um Visa, buchten Flugtickets. Allerdings hatte auch von ihnen kaum jemand damit gerechnet, dass die Taliban so schnell in Kabul ankommen w\u00fcrden und so verfallen jetzt die Tickets und die Visa k\u00f6nnen nicht mehr abgeholt werden. Kabul in Schockstarre. Was wird nun?<\/p>\n<p>Besondere Sorgen machen sie sich um ihre j\u00fcngeren Schwestern und Cousinen. &#8222;Seit wir die schlechten Nachrichten geh\u00f6rt haben, haben wir noch gr\u00f6\u00dfere Angst&#8220;, das ist eine Formulierung, die in den letzten Tagen oft in der Redaktion gefallen ist: Die Ank\u00fcndigung der Taliban, dass Unverheiratete ab 15 mit Taliban-M\u00e4nnern verheiratet werden sollen, ist so ungeheuerlich, dass sie nicht wiederholt wird. Wir sprechen stattdessen von schlechten Nachrichten.<\/p>\n<p>Was kann man tun? Nicht viel! Au\u00dfer sich an den Computer zu setzen und zu schreiben.<\/p>\n<p><a href=\"https:\/\/amalberlin.us16.list-manage.com\/track\/click?u=25b910bd41bcfa802c85dd54f&amp;id=3a11ab10d4&amp;e=97de862e62\" target=\"_blank\" rel=\"nofollow noopener noreferrer\">Hier<\/a> geht es zum Kommentar von Noorullah Rahmani, der am Dienstag im Tagessiegel erschienen ist. Im Folgenden k\u00f6nnen Sie einen weiteren Text von ihm lesen, den wir auf Dari und Arabisch auf Amal, Berlin! und Amal, Hamburg! ver\u00f6ffentlicht haben und nun <a href=\"https:\/\/amalberlin.us16.list-manage.com\/track\/click?u=25b910bd41bcfa802c85dd54f&amp;id=b30611e532&amp;e=97de862e62\" target=\"_blank\" rel=\"nofollow noopener noreferrer\">hier<\/a> auch auf Deutsch.<\/p>\n<img decoding=\"async\" class=\"yiv6963830958mcnImage\" src=\"https:\/\/ecp.yusercontent.com\/mail?url=https%3A%2F%2Fmcusercontent.com%2F25b910bd41bcfa802c85dd54f%2Fimages%2F0640f95b-6962-a139-eb99-37c8cc046e5d.png&amp;t=1629286430&amp;ymreqid=7b487ecc-e939-618c-1cbf-fc0187016000&amp;sig=T5mrVO5PehrskAYZFjeGfA--~D\" alt=\"\" width=\"564\" align=\"middle\" \/>\n<h3 class=\"yiv6963830958null\">Wir sind betroffen<\/h3>\n<p>Beten, hoffen, protestieren. Dawod Adil hat in den vergangenen Tagen viele Demonstrationen von Exil-Afghan*innen in Berlin besucht und mit Aktivist*innen in ganz Deutschland gesprochen. Eines seiner Videos hat besonders viele Klicks bekommen: Er hat darin Exil-Afghan*innen gefragt, welche Botschaft sie an die Menschen in Afghanistan schicken wollen.<\/p>\n<p><iframe loading=\"lazy\" title=\"\u0627\u0639\u062a\u0631\u0627\u0636 \u0627\u0641\u063a\u0627\u0646 \u0647\u0627\u06cc \u0645\u0642\u06cc\u0645 \u0628\u0631\u0644\u06cc\u0646\u060c \u062f\u0631\u0645\u0648\u0631\u062f \u062a\u0648\u0642\u0641 \u062e\u0634\u0648\u0646\u062a \u0647\u0627\u06cc \u062c\u0646\u06af \u062f\u0631 \u0627\u0641\u063a\u0627\u0646\u0633\u062a\u0627\u0646\" width=\"680\" height=\"383\" src=\"https:\/\/www.youtube.com\/embed\/BumTJYM6m_s?feature=oembed\" frameborder=\"0\" allow=\"accelerometer; autoplay; clipboard-write; encrypted-media; gyroscope; picture-in-picture\" allowfullscreen><\/iframe><\/p>\n<p>Weitere Texte und Interviews von Amal-Kolleg*innen erscheinen in den n\u00e4chsten Tagen im Hamburger Abendblatt, im ZDF und bei evangelisch.de und &#8211; wenn Sie Interesse haben &#8211; gerne auch bei Ihnen. Wir freuen uns auf Ihre Nachricht in unserem Posteingang.<\/p>\n<div><strong><a href=\"https:\/\/amalberlin.us16.list-manage.com\/track\/click?u=25b910bd41bcfa802c85dd54f&amp;id=1d191c6d5b&amp;e=97de862e62\" target=\"_blank\" rel=\"nofollow noopener noreferrer\">info(at)amalhamburg.de<\/a><\/strong><\/div>\n<div><\/div>\n<div>\n<p><strong>Was sonst noch wichtig ist&#8230;.<\/strong><\/p>\n<p><strong>wir haben auch zu vielen anderen interessanten Themen berichtet. Hier eine kleine Auswahl:<\/strong><\/p>\n<hr \/>\n<p><strong><br \/>\n<\/strong><img loading=\"lazy\" decoding=\"async\" class=\"yiv6963830958mcnImage alignleft\" src=\"https:\/\/ecp.yusercontent.com\/mail?url=https%3A%2F%2Fmcusercontent.com%2F25b910bd41bcfa802c85dd54f%2Fimages%2Fa492f9c4-28f8-2466-8c25-2df3c4c72097.jpg&amp;t=1629286430&amp;ymreqid=7b487ecc-e939-618c-1cbf-fc0187016000&amp;sig=p7kOYPuFSn62HskvVLvOSQ--~D\" alt=\"\" width=\"140\" height=\"93\" \/><strong>Ehrenmord oder Femizid &#8211; <\/strong>Wie sprechen wir \u00fcber die get\u00f6tete Afghanin in Berlin? (Interview mit Scharmila Haschemi) <a href=\"https:\/\/amalberlin.us16.list-manage.com\/track\/click?u=25b910bd41bcfa802c85dd54f&amp;id=5d9fbf3497&amp;e=97de862e62\" target=\"_blank\" rel=\"nofollow noopener noreferrer\">Hier<\/a><\/p>\n<\/div>\n<p>&nbsp;<\/p>\n<hr \/>\n<img loading=\"lazy\" decoding=\"async\" class=\"yiv6963830958mcnImage alignleft\" src=\"https:\/\/ecp.yusercontent.com\/mail?url=https%3A%2F%2Fmcusercontent.com%2F25b910bd41bcfa802c85dd54f%2Fimages%2Fb9ce14b9-1ee5-99ee-2654-da1f9dd46c7b.jpg&amp;t=1629286430&amp;ymreqid=7b487ecc-e939-618c-1cbf-fc0187016000&amp;sig=9gEOFRVWw6mbAE5V0Ghm4Q--~D\" alt=\"\" width=\"133\" height=\"88\" \/>\n<div>\n<p><strong>Mau<\/strong><strong>erbau &#8211; <\/strong>R\u00fcckblick auf ein dunkles Kapitel deutscher Geschichte<a href=\"https:\/\/amalberlin.us16.list-manage.com\/track\/click?u=25b910bd41bcfa802c85dd54f&amp;id=6bec7579da&amp;e=97de862e62\" target=\"_blank\" rel=\"nofollow noopener noreferrer\"> Hier<\/a><\/p>\n<\/div>\n<p>&nbsp;<\/p>\n<div>\n<hr \/>\n<p>&nbsp;<\/p>\n<p>&nbsp;<\/p>\n<p><strong><img loading=\"lazy\" decoding=\"async\" class=\"yiv6963830958mcnImage alignleft\" src=\"https:\/\/ecp.yusercontent.com\/mail?url=https%3A%2F%2Fmcusercontent.com%2F25b910bd41bcfa802c85dd54f%2Fimages%2F8bf086ee-c9a6-99fc-746d-94ad74ca8dc7.jpg&amp;t=1629286430&amp;ymreqid=7b487ecc-e939-618c-1cbf-fc0187016000&amp;sig=5jw3L3LIbrHSCaFJZJGqDA--~D\" alt=\"\" width=\"145\" height=\"96\" \/><\/strong><\/p>\n<\/div>\n<div>\n<p><strong>\u00a0Clowns &#8211; <\/strong>Anas Khabir beobachtet, wor\u00fcber auf Berlins Stra\u00dfen gelacht wird <a style=\"background-color: #ffffff;\" href=\"https:\/\/amalberlin.us16.list-manage.com\/track\/click?u=25b910bd41bcfa802c85dd54f&amp;id=21170d263f&amp;e=97de862e62\" target=\"_blank\" rel=\"nofollow noopener noreferrer\">Hier<\/a><\/p>\n<\/div>\n<p>&nbsp;<\/p>\n<hr \/>\n<p>&nbsp;<\/p>\n<img loading=\"lazy\" decoding=\"async\" class=\"yiv6963830958mcnImage alignleft\" src=\"https:\/\/ecp.yusercontent.com\/mail?url=https%3A%2F%2Fmcusercontent.com%2F25b910bd41bcfa802c85dd54f%2Fimages%2Fb8479c4d-5b98-4a3a-988d-77224627d998.jpg&amp;t=1629286430&amp;ymreqid=7b487ecc-e939-618c-1cbf-fc0187016000&amp;sig=Bg_R80gEji2EElQwfrL1aQ--~D\" alt=\"\" width=\"143\" height=\"95\" \/>\n<div>\n<p><strong>Upgrade &#8211; <\/strong>Dattelt\u00e4ter suchen Nachwuchs und er\u00f6ffnen Medienakademie <a href=\"https:\/\/amalberlin.us16.list-manage.com\/track\/click?u=25b910bd41bcfa802c85dd54f&amp;id=eeff31639b&amp;e=97de862e62\" target=\"_blank\" rel=\"nofollow noopener noreferrer\">Hier<\/a><\/p>\n<\/div>\n<div><\/div>\n<div><\/div>\n<div><\/div>\n<div><\/div>\n<div><\/div>\n<div><\/div>\n<div>\n<p>Fotos Anas Khabir, Dawod Adil,\u00a0 Peter Dargatz (Pixabay), Rama Jamarkani, epd Bundeswehr Thorsten Kraatz, Screenshot Dattelt\u00e4ter YouTube<\/p>\n<p><strong>Amal, Hamburg! berichtet auf Arabisch und Farsi\/Dari \u00fcber alles, was in Hamburg wichtig ist. Gerne \u00fcbersetzen wir einzelne Artikel auch ins Deutsche und stellen sie Redaktionen gegen Honorar zur Verf\u00fcgung.<\/strong><\/p>\n<p>Bitte wenden Sie sich per Mail an:<\/p>\n<p><strong>info(at)amalhamburg.de<\/strong><\/p>\n<\/div>\n","protected":false},"excerpt":{"rendered":"<p>&#8222;Ich bin eine afghanische Frau. Ich habe sechs Kinder. Ich wei\u00df nicht, was ich machen soll. Wie komme ich hier heraus? Bitte helfen Sie mir!&#8220;, diese Nachricht fanden wir heute Morgen in Email-Eingang. Es ist einer von vielen Hilferufen, die uns erreichen. Amal hei\u00dft ja eigentlich Hoffnung. Das ist unser Anspruch und so lastet die&#8230;  <a class=\"excerpt-read-more\" href=\"https:\/\/amalhamburg.de\/de\/2021\/08\/18\/wir-sind-betroffen\/\" title=\"Read Wir sind betroffen!\">Weiter &raquo;<\/a><\/p>\n","protected":false},"author":13,"featured_media":45237,"comment_status":"closed","ping_status":"open","sticky":false,"template":"","format":"standard","meta":{"_acf_changed":false,"footnotes":""},"categories":[156],"tags":[1269,5155],"class_list":["post-45235","post","type-post","status-publish","format-standard","has-post-thumbnail","hentry","category-zusammenfassungen","tag-afghanistan-de","tag-taliban-hamburg"],"acf":[],"yoast_head":"<!-- This site is optimized with the Yoast SEO plugin v27.5 - https:\/\/yoast.com\/product\/yoast-seo-wordpress\/ -->\n<title>Wir sind betroffen! - Amal, Hamburg!<\/title>\n<meta name=\"description\" content=\"Amal-Themen der Woche: Exil-Afghanen zur Situation in Afghanistan. Kommentare und Beitr\u00e4ge auch f\u00fcr deutsche Medien.\" \/>\n<meta name=\"robots\" content=\"index, follow, max-snippet:-1, max-image-preview:large, max-video-preview:-1\" \/>\n<link rel=\"canonical\" href=\"https:\/\/amalhamburg.de\/de\/2021\/08\/18\/wir-sind-betroffen\/\" \/>\n<meta property=\"og:locale\" content=\"de_DE\" \/>\n<meta property=\"og:type\" content=\"article\" \/>\n<meta property=\"og:title\" content=\"Wir sind betroffen! - Amal, Hamburg!\" \/>\n<meta property=\"og:description\" content=\"Amal-Themen der Woche: Exil-Afghanen zur Situation in Afghanistan. Kommentare und Beitr\u00e4ge auch f\u00fcr deutsche Medien.\" \/>\n<meta property=\"og:url\" content=\"https:\/\/amalhamburg.de\/de\/2021\/08\/18\/wir-sind-betroffen\/\" \/>\n<meta property=\"og:site_name\" content=\"Amal, Hamburg!\" \/>\n<meta property=\"article:published_time\" content=\"2021-08-18T11:51:59+00:00\" \/>\n<meta property=\"article:modified_time\" content=\"2021-08-18T11:56:05+00:00\" \/>\n<meta property=\"og:image\" content=\"https:\/\/amalhamburg.de\/wp-content\/uploads\/sites\/2\/2021\/08\/wir-sind-betroffen-BumTJYM6m_s.jpg\" \/>\n\t<meta property=\"og:image:width\" content=\"1280\" \/>\n\t<meta property=\"og:image:height\" content=\"720\" \/>\n\t<meta property=\"og:image:type\" content=\"image\/jpeg\" \/>\n<meta name=\"author\" content=\"Julia Gerlach\" \/>\n<meta name=\"twitter:card\" content=\"summary_large_image\" \/>\n<meta name=\"twitter:label1\" content=\"Verfasst von\" \/>\n\t<meta name=\"twitter:data1\" content=\"Julia Gerlach\" \/>\n\t<meta name=\"twitter:label2\" content=\"Gesch\u00e4tzte Lesezeit\" \/>\n\t<meta name=\"twitter:data2\" content=\"4\u00a0Minuten\" \/>\n<script type=\"application\/ld+json\" class=\"yoast-schema-graph\">{\"@context\":\"https:\\\/\\\/schema.org\",\"@graph\":[{\"@type\":\"Article\",\"@id\":\"https:\\\/\\\/amalhamburg.de\\\/de\\\/2021\\\/08\\\/18\\\/wir-sind-betroffen\\\/#article\",\"isPartOf\":{\"@id\":\"https:\\\/\\\/amalhamburg.de\\\/de\\\/2021\\\/08\\\/18\\\/wir-sind-betroffen\\\/\"},\"author\":{\"name\":\"Julia Gerlach\",\"@id\":\"https:\\\/\\\/amalhamburg.de\\\/de\\\/#\\\/schema\\\/person\\\/69d08bbfd6c317e7166f72efca0b9e05\"},\"headline\":\"Wir sind betroffen!\",\"datePublished\":\"2021-08-18T11:51:59+00:00\",\"dateModified\":\"2021-08-18T11:56:05+00:00\",\"mainEntityOfPage\":{\"@id\":\"https:\\\/\\\/amalhamburg.de\\\/de\\\/2021\\\/08\\\/18\\\/wir-sind-betroffen\\\/\"},\"wordCount\":528,\"image\":{\"@id\":\"https:\\\/\\\/amalhamburg.de\\\/de\\\/2021\\\/08\\\/18\\\/wir-sind-betroffen\\\/#primaryimage\"},\"thumbnailUrl\":\"https:\\\/\\\/amalhamburg.de\\\/wp-content\\\/uploads\\\/sites\\\/2\\\/2021\\\/08\\\/wir-sind-betroffen-BumTJYM6m_s.jpg\",\"keywords\":[\"Afghanistan\",\"Taliban. Hamburg\"],\"articleSection\":[\"Unsere Themen der vergangenen Woche\"],\"inLanguage\":\"de\"},{\"@type\":\"WebPage\",\"@id\":\"https:\\\/\\\/amalhamburg.de\\\/de\\\/2021\\\/08\\\/18\\\/wir-sind-betroffen\\\/\",\"url\":\"https:\\\/\\\/amalhamburg.de\\\/de\\\/2021\\\/08\\\/18\\\/wir-sind-betroffen\\\/\",\"name\":\"Wir sind betroffen! - Amal, Hamburg!\",\"isPartOf\":{\"@id\":\"https:\\\/\\\/amalhamburg.de\\\/de\\\/#website\"},\"primaryImageOfPage\":{\"@id\":\"https:\\\/\\\/amalhamburg.de\\\/de\\\/2021\\\/08\\\/18\\\/wir-sind-betroffen\\\/#primaryimage\"},\"image\":{\"@id\":\"https:\\\/\\\/amalhamburg.de\\\/de\\\/2021\\\/08\\\/18\\\/wir-sind-betroffen\\\/#primaryimage\"},\"thumbnailUrl\":\"https:\\\/\\\/amalhamburg.de\\\/wp-content\\\/uploads\\\/sites\\\/2\\\/2021\\\/08\\\/wir-sind-betroffen-BumTJYM6m_s.jpg\",\"datePublished\":\"2021-08-18T11:51:59+00:00\",\"dateModified\":\"2021-08-18T11:56:05+00:00\",\"author\":{\"@id\":\"https:\\\/\\\/amalhamburg.de\\\/de\\\/#\\\/schema\\\/person\\\/69d08bbfd6c317e7166f72efca0b9e05\"},\"description\":\"Amal-Themen der Woche: Exil-Afghanen zur Situation in Afghanistan. Kommentare und Beitr\u00e4ge auch f\u00fcr deutsche Medien.\",\"breadcrumb\":{\"@id\":\"https:\\\/\\\/amalhamburg.de\\\/de\\\/2021\\\/08\\\/18\\\/wir-sind-betroffen\\\/#breadcrumb\"},\"inLanguage\":\"de\",\"potentialAction\":[{\"@type\":\"ReadAction\",\"target\":[\"https:\\\/\\\/amalhamburg.de\\\/de\\\/2021\\\/08\\\/18\\\/wir-sind-betroffen\\\/\"]}]},{\"@type\":\"ImageObject\",\"inLanguage\":\"de\",\"@id\":\"https:\\\/\\\/amalhamburg.de\\\/de\\\/2021\\\/08\\\/18\\\/wir-sind-betroffen\\\/#primaryimage\",\"url\":\"https:\\\/\\\/amalhamburg.de\\\/wp-content\\\/uploads\\\/sites\\\/2\\\/2021\\\/08\\\/wir-sind-betroffen-BumTJYM6m_s.jpg\",\"contentUrl\":\"https:\\\/\\\/amalhamburg.de\\\/wp-content\\\/uploads\\\/sites\\\/2\\\/2021\\\/08\\\/wir-sind-betroffen-BumTJYM6m_s.jpg\",\"width\":1280,\"height\":720},{\"@type\":\"BreadcrumbList\",\"@id\":\"https:\\\/\\\/amalhamburg.de\\\/de\\\/2021\\\/08\\\/18\\\/wir-sind-betroffen\\\/#breadcrumb\",\"itemListElement\":[{\"@type\":\"ListItem\",\"position\":1,\"name\":\"Home\",\"item\":\"https:\\\/\\\/amalhamburg.de\\\/de\\\/\"},{\"@type\":\"ListItem\",\"position\":2,\"name\":\"Wir sind betroffen!\"}]},{\"@type\":\"WebSite\",\"@id\":\"https:\\\/\\\/amalhamburg.de\\\/de\\\/#website\",\"url\":\"https:\\\/\\\/amalhamburg.de\\\/de\\\/\",\"name\":\"Amal, Hamburg!\",\"description\":\"\",\"potentialAction\":[{\"@type\":\"SearchAction\",\"target\":{\"@type\":\"EntryPoint\",\"urlTemplate\":\"https:\\\/\\\/amalhamburg.de\\\/de\\\/?s={search_term_string}\"},\"query-input\":{\"@type\":\"PropertyValueSpecification\",\"valueRequired\":true,\"valueName\":\"search_term_string\"}}],\"inLanguage\":\"de\"},{\"@type\":\"Person\",\"@id\":\"https:\\\/\\\/amalhamburg.de\\\/de\\\/#\\\/schema\\\/person\\\/69d08bbfd6c317e7166f72efca0b9e05\",\"name\":\"Julia Gerlach\",\"image\":{\"@type\":\"ImageObject\",\"inLanguage\":\"de\",\"@id\":\"https:\\\/\\\/amalhamburg.de\\\/wp-content\\\/uploads\\\/sites\\\/2\\\/2019\\\/04\\\/aaaJulia-Gerlach-1-125x125.jpg\",\"url\":\"https:\\\/\\\/amalhamburg.de\\\/wp-content\\\/uploads\\\/sites\\\/2\\\/2019\\\/04\\\/aaaJulia-Gerlach-1-125x125.jpg\",\"contentUrl\":\"https:\\\/\\\/amalhamburg.de\\\/wp-content\\\/uploads\\\/sites\\\/2\\\/2019\\\/04\\\/aaaJulia-Gerlach-1-125x125.jpg\",\"caption\":\"Julia Gerlach\"},\"description\":\"Julia Gerlach ist Projektleiterin bei Amal, Berlin! Von 2008 bis 2015 hat sie als Korrespondentin f\u00fcr deutsche Medien aus Kairo \u00fcber die arabischen Welt berichtet. Zuvor war sie Redakteurin beim heute Journal des ZDF. Sie hat mehrere Sachb\u00fccher \u00fcber den Islam in Deutschland und den Arabischen Fr\u00fchling geschrieben.\",\"url\":\"https:\\\/\\\/amalhamburg.de\\\/de\\\/author\\\/julia\\\/\"}]}<\/script>\n<!-- \/ Yoast SEO plugin. -->","yoast_head_json":{"title":"Wir sind betroffen! - Amal, Hamburg!","description":"Amal-Themen der Woche: Exil-Afghanen zur Situation in Afghanistan. Kommentare und Beitr\u00e4ge auch f\u00fcr deutsche Medien.","robots":{"index":"index","follow":"follow","max-snippet":"max-snippet:-1","max-image-preview":"max-image-preview:large","max-video-preview":"max-video-preview:-1"},"canonical":"https:\/\/amalhamburg.de\/de\/2021\/08\/18\/wir-sind-betroffen\/","og_locale":"de_DE","og_type":"article","og_title":"Wir sind betroffen! - Amal, Hamburg!","og_description":"Amal-Themen der Woche: Exil-Afghanen zur Situation in Afghanistan. Kommentare und Beitr\u00e4ge auch f\u00fcr deutsche Medien.","og_url":"https:\/\/amalhamburg.de\/de\/2021\/08\/18\/wir-sind-betroffen\/","og_site_name":"Amal, Hamburg!","article_published_time":"2021-08-18T11:51:59+00:00","article_modified_time":"2021-08-18T11:56:05+00:00","og_image":[{"width":1280,"height":720,"url":"https:\/\/amalhamburg.de\/wp-content\/uploads\/sites\/2\/2021\/08\/wir-sind-betroffen-BumTJYM6m_s.jpg","type":"image\/jpeg"}],"author":"Julia Gerlach","twitter_card":"summary_large_image","twitter_misc":{"Verfasst von":"Julia Gerlach","Gesch\u00e4tzte Lesezeit":"4\u00a0Minuten"},"schema":{"@context":"https:\/\/schema.org","@graph":[{"@type":"Article","@id":"https:\/\/amalhamburg.de\/de\/2021\/08\/18\/wir-sind-betroffen\/#article","isPartOf":{"@id":"https:\/\/amalhamburg.de\/de\/2021\/08\/18\/wir-sind-betroffen\/"},"author":{"name":"Julia Gerlach","@id":"https:\/\/amalhamburg.de\/de\/#\/schema\/person\/69d08bbfd6c317e7166f72efca0b9e05"},"headline":"Wir sind betroffen!","datePublished":"2021-08-18T11:51:59+00:00","dateModified":"2021-08-18T11:56:05+00:00","mainEntityOfPage":{"@id":"https:\/\/amalhamburg.de\/de\/2021\/08\/18\/wir-sind-betroffen\/"},"wordCount":528,"image":{"@id":"https:\/\/amalhamburg.de\/de\/2021\/08\/18\/wir-sind-betroffen\/#primaryimage"},"thumbnailUrl":"https:\/\/amalhamburg.de\/wp-content\/uploads\/sites\/2\/2021\/08\/wir-sind-betroffen-BumTJYM6m_s.jpg","keywords":["Afghanistan","Taliban. Hamburg"],"articleSection":["Unsere Themen der vergangenen Woche"],"inLanguage":"de"},{"@type":"WebPage","@id":"https:\/\/amalhamburg.de\/de\/2021\/08\/18\/wir-sind-betroffen\/","url":"https:\/\/amalhamburg.de\/de\/2021\/08\/18\/wir-sind-betroffen\/","name":"Wir sind betroffen! - Amal, Hamburg!","isPartOf":{"@id":"https:\/\/amalhamburg.de\/de\/#website"},"primaryImageOfPage":{"@id":"https:\/\/amalhamburg.de\/de\/2021\/08\/18\/wir-sind-betroffen\/#primaryimage"},"image":{"@id":"https:\/\/amalhamburg.de\/de\/2021\/08\/18\/wir-sind-betroffen\/#primaryimage"},"thumbnailUrl":"https:\/\/amalhamburg.de\/wp-content\/uploads\/sites\/2\/2021\/08\/wir-sind-betroffen-BumTJYM6m_s.jpg","datePublished":"2021-08-18T11:51:59+00:00","dateModified":"2021-08-18T11:56:05+00:00","author":{"@id":"https:\/\/amalhamburg.de\/de\/#\/schema\/person\/69d08bbfd6c317e7166f72efca0b9e05"},"description":"Amal-Themen der Woche: Exil-Afghanen zur Situation in Afghanistan. Kommentare und Beitr\u00e4ge auch f\u00fcr deutsche Medien.","breadcrumb":{"@id":"https:\/\/amalhamburg.de\/de\/2021\/08\/18\/wir-sind-betroffen\/#breadcrumb"},"inLanguage":"de","potentialAction":[{"@type":"ReadAction","target":["https:\/\/amalhamburg.de\/de\/2021\/08\/18\/wir-sind-betroffen\/"]}]},{"@type":"ImageObject","inLanguage":"de","@id":"https:\/\/amalhamburg.de\/de\/2021\/08\/18\/wir-sind-betroffen\/#primaryimage","url":"https:\/\/amalhamburg.de\/wp-content\/uploads\/sites\/2\/2021\/08\/wir-sind-betroffen-BumTJYM6m_s.jpg","contentUrl":"https:\/\/amalhamburg.de\/wp-content\/uploads\/sites\/2\/2021\/08\/wir-sind-betroffen-BumTJYM6m_s.jpg","width":1280,"height":720},{"@type":"BreadcrumbList","@id":"https:\/\/amalhamburg.de\/de\/2021\/08\/18\/wir-sind-betroffen\/#breadcrumb","itemListElement":[{"@type":"ListItem","position":1,"name":"Home","item":"https:\/\/amalhamburg.de\/de\/"},{"@type":"ListItem","position":2,"name":"Wir sind betroffen!"}]},{"@type":"WebSite","@id":"https:\/\/amalhamburg.de\/de\/#website","url":"https:\/\/amalhamburg.de\/de\/","name":"Amal, Hamburg!","description":"","potentialAction":[{"@type":"SearchAction","target":{"@type":"EntryPoint","urlTemplate":"https:\/\/amalhamburg.de\/de\/?s={search_term_string}"},"query-input":{"@type":"PropertyValueSpecification","valueRequired":true,"valueName":"search_term_string"}}],"inLanguage":"de"},{"@type":"Person","@id":"https:\/\/amalhamburg.de\/de\/#\/schema\/person\/69d08bbfd6c317e7166f72efca0b9e05","name":"Julia Gerlach","image":{"@type":"ImageObject","inLanguage":"de","@id":"https:\/\/amalhamburg.de\/wp-content\/uploads\/sites\/2\/2019\/04\/aaaJulia-Gerlach-1-125x125.jpg","url":"https:\/\/amalhamburg.de\/wp-content\/uploads\/sites\/2\/2019\/04\/aaaJulia-Gerlach-1-125x125.jpg","contentUrl":"https:\/\/amalhamburg.de\/wp-content\/uploads\/sites\/2\/2019\/04\/aaaJulia-Gerlach-1-125x125.jpg","caption":"Julia Gerlach"},"description":"Julia Gerlach ist Projektleiterin bei Amal, Berlin! Von 2008 bis 2015 hat sie als Korrespondentin f\u00fcr deutsche Medien aus Kairo \u00fcber die arabischen Welt berichtet. Zuvor war sie Redakteurin beim heute Journal des ZDF. Sie hat mehrere Sachb\u00fccher \u00fcber den Islam in Deutschland und den Arabischen Fr\u00fchling geschrieben.","url":"https:\/\/amalhamburg.de\/de\/author\/julia\/"}]}},"_links":{"self":[{"href":"https:\/\/amalhamburg.de\/de\/wp-json\/wp\/v2\/posts\/45235","targetHints":{"allow":["GET"]}}],"collection":[{"href":"https:\/\/amalhamburg.de\/de\/wp-json\/wp\/v2\/posts"}],"about":[{"href":"https:\/\/amalhamburg.de\/de\/wp-json\/wp\/v2\/types\/post"}],"author":[{"embeddable":true,"href":"https:\/\/amalhamburg.de\/de\/wp-json\/wp\/v2\/users\/13"}],"replies":[{"embeddable":true,"href":"https:\/\/amalhamburg.de\/de\/wp-json\/wp\/v2\/comments?post=45235"}],"version-history":[{"count":5,"href":"https:\/\/amalhamburg.de\/de\/wp-json\/wp\/v2\/posts\/45235\/revisions"}],"predecessor-version":[{"id":45244,"href":"https:\/\/amalhamburg.de\/de\/wp-json\/wp\/v2\/posts\/45235\/revisions\/45244"}],"wp:featuredmedia":[{"embeddable":true,"href":"https:\/\/amalhamburg.de\/de\/wp-json\/wp\/v2\/media\/45237"}],"wp:attachment":[{"href":"https:\/\/amalhamburg.de\/de\/wp-json\/wp\/v2\/media?parent=45235"}],"wp:term":[{"taxonomy":"category","embeddable":true,"href":"https:\/\/amalhamburg.de\/de\/wp-json\/wp\/v2\/categories?post=45235"},{"taxonomy":"post_tag","embeddable":true,"href":"https:\/\/amalhamburg.de\/de\/wp-json\/wp\/v2\/tags?post=45235"}],"curies":[{"name":"wp","href":"https:\/\/api.w.org\/{rel}","templated":true}]}}