{"id":40808,"date":"2021-05-11T18:49:41","date_gmt":"2021-05-11T16:49:41","guid":{"rendered":"https:\/\/amalhamburg.de\/2021\/05\/11\/ein-ramadan-tag-im-exil\/"},"modified":"2021-05-11T18:49:41","modified_gmt":"2021-05-11T16:49:41","slug":"ein-ramadan-tag-im-exil","status":"publish","type":"post","link":"https:\/\/amalhamburg.de\/de\/2021\/05\/11\/ein-ramadan-tag-im-exil\/","title":{"rendered":"Ein Ramadan-Tag im Exil"},"content":{"rendered":"<p><iframe loading=\"lazy\" title=\"\u06cc\u06a9 \u0631\u0648\u0632 \u0645\u0627\u0647 \u0631\u0645\u0636\u0627\u0646 \u062f\u0631 \u063a\u0631\u0628\u062a, Ein Ramadan-Tag im Exil\" width=\"680\" height=\"383\" src=\"https:\/\/www.youtube.com\/embed\/KcZ6F8-ewMg?feature=oembed\" frameborder=\"0\" allow=\"accelerometer; autoplay; clipboard-write; encrypted-media; gyroscope; picture-in-picture\" allowfullscreen><\/iframe><\/p>\n","protected":false},"excerpt":{"rendered":"","protected":false},"author":10,"featured_media":40813,"comment_status":"closed","ping_status":"open","sticky":false,"template":"","format":"standard","meta":{"_acf_changed":false,"footnotes":""},"categories":[82],"tags":[2046,84,435,4531],"class_list":["post-40808","post","type-post","status-publish","format-standard","has-post-thumbnail","hentry","category-video","tag-corona","tag-hamburg-de","tag-ramadan-de","tag-steindamm"],"acf":[],"yoast_head":"<!-- This site is optimized with the Yoast SEO plugin v27.5 - https:\/\/yoast.com\/product\/yoast-seo-wordpress\/ -->\n<title>Ein Ramadan-Tag im Exil - Amal, Hamburg!<\/title>\n<meta name=\"description\" content=\"Der Fastenmonat Ramadan ist f\u00fcr Muslime in Hamburg viel h\u00e4rter als in ihrer Heimat: Die Tage, an denen nicht gegessen werden darf, sind l\u00e4nger. Eine Mittagsruhe ist oft nicht m\u00f6glich.\" \/>\n<meta name=\"robots\" content=\"index, follow, max-snippet:-1, max-image-preview:large, max-video-preview:-1\" \/>\n<link rel=\"canonical\" href=\"https:\/\/amalhamburg.de\/de\/2021\/05\/11\/ein-ramadan-tag-im-exil\/\" \/>\n<meta property=\"og:locale\" content=\"de_DE\" \/>\n<meta property=\"og:type\" content=\"article\" \/>\n<meta property=\"og:title\" content=\"Ein Ramadan-Tag im Exil - Amal, Hamburg!\" \/>\n<meta property=\"og:description\" content=\"Der Fastenmonat Ramadan ist f\u00fcr Muslime in Hamburg viel h\u00e4rter als in ihrer Heimat: Die Tage, an denen nicht gegessen werden darf, sind l\u00e4nger. Eine Mittagsruhe ist oft nicht m\u00f6glich.\" \/>\n<meta property=\"og:url\" content=\"https:\/\/amalhamburg.de\/de\/2021\/05\/11\/ein-ramadan-tag-im-exil\/\" \/>\n<meta property=\"og:site_name\" content=\"Amal, Hamburg!\" \/>\n<meta property=\"article:published_time\" content=\"2021-05-11T16:49:41+00:00\" \/>\n<meta property=\"og:image\" content=\"https:\/\/amalhamburg.de\/wp-content\/uploads\/sites\/2\/2021\/05\/\u06cc\u06a9-\u0631\u0648\u0632-\u0645\u0627\u0647-\u0631\u0645\u0636\u0627\u0646-\u062f\u0631-\u063a\u0631\u0628\u062a-Ein-Ramadan-Tag-im-Exil-0-9-screenshot.png\" \/>\n\t<meta property=\"og:image:width\" content=\"1260\" \/>\n\t<meta property=\"og:image:height\" content=\"709\" \/>\n\t<meta property=\"og:image:type\" content=\"image\/png\" \/>\n<meta name=\"author\" content=\"Cornelia Gerlach\" \/>\n<meta name=\"twitter:card\" content=\"summary_large_image\" \/>\n<meta name=\"twitter:label1\" content=\"Verfasst von\" \/>\n\t<meta name=\"twitter:data1\" content=\"Cornelia Gerlach\" \/>\n<script type=\"application\/ld+json\" class=\"yoast-schema-graph\">{\"@context\":\"https:\\\/\\\/schema.org\",\"@graph\":[{\"@type\":\"Article\",\"@id\":\"https:\\\/\\\/amalhamburg.de\\\/de\\\/2021\\\/05\\\/11\\\/ein-ramadan-tag-im-exil\\\/#article\",\"isPartOf\":{\"@id\":\"https:\\\/\\\/amalhamburg.de\\\/de\\\/2021\\\/05\\\/11\\\/ein-ramadan-tag-im-exil\\\/\"},\"author\":{\"name\":\"Cornelia Gerlach\",\"@id\":\"https:\\\/\\\/amalhamburg.de\\\/de\\\/#\\\/schema\\\/person\\\/b38c2d45c0eb9b9e994801d3f87a2247\"},\"headline\":\"Ein Ramadan-Tag im Exil\",\"datePublished\":\"2021-05-11T16:49:41+00:00\",\"mainEntityOfPage\":{\"@id\":\"https:\\\/\\\/amalhamburg.de\\\/de\\\/2021\\\/05\\\/11\\\/ein-ramadan-tag-im-exil\\\/\"},\"wordCount\":10,\"image\":{\"@id\":\"https:\\\/\\\/amalhamburg.de\\\/de\\\/2021\\\/05\\\/11\\\/ein-ramadan-tag-im-exil\\\/#primaryimage\"},\"thumbnailUrl\":\"https:\\\/\\\/amalhamburg.de\\\/wp-content\\\/uploads\\\/sites\\\/2\\\/2021\\\/05\\\/\u06cc\u06a9-\u0631\u0648\u0632-\u0645\u0627\u0647-\u0631\u0645\u0636\u0627\u0646-\u062f\u0631-\u063a\u0631\u0628\u062a-Ein-Ramadan-Tag-im-Exil-0-9-screenshot.png\",\"keywords\":[\"Corona\",\"hamburg\",\"ramadan\",\"Steindamm\"],\"articleSection\":[\"Video\"],\"inLanguage\":\"de\"},{\"@type\":\"WebPage\",\"@id\":\"https:\\\/\\\/amalhamburg.de\\\/de\\\/2021\\\/05\\\/11\\\/ein-ramadan-tag-im-exil\\\/\",\"url\":\"https:\\\/\\\/amalhamburg.de\\\/de\\\/2021\\\/05\\\/11\\\/ein-ramadan-tag-im-exil\\\/\",\"name\":\"Ein Ramadan-Tag im Exil - Amal, Hamburg!\",\"isPartOf\":{\"@id\":\"https:\\\/\\\/amalhamburg.de\\\/de\\\/#website\"},\"primaryImageOfPage\":{\"@id\":\"https:\\\/\\\/amalhamburg.de\\\/de\\\/2021\\\/05\\\/11\\\/ein-ramadan-tag-im-exil\\\/#primaryimage\"},\"image\":{\"@id\":\"https:\\\/\\\/amalhamburg.de\\\/de\\\/2021\\\/05\\\/11\\\/ein-ramadan-tag-im-exil\\\/#primaryimage\"},\"thumbnailUrl\":\"https:\\\/\\\/amalhamburg.de\\\/wp-content\\\/uploads\\\/sites\\\/2\\\/2021\\\/05\\\/\u06cc\u06a9-\u0631\u0648\u0632-\u0645\u0627\u0647-\u0631\u0645\u0636\u0627\u0646-\u062f\u0631-\u063a\u0631\u0628\u062a-Ein-Ramadan-Tag-im-Exil-0-9-screenshot.png\",\"datePublished\":\"2021-05-11T16:49:41+00:00\",\"author\":{\"@id\":\"https:\\\/\\\/amalhamburg.de\\\/de\\\/#\\\/schema\\\/person\\\/b38c2d45c0eb9b9e994801d3f87a2247\"},\"description\":\"Der Fastenmonat Ramadan ist f\u00fcr Muslime in Hamburg viel h\u00e4rter als in ihrer Heimat: Die Tage, an denen nicht gegessen werden darf, sind l\u00e4nger. Eine Mittagsruhe ist oft nicht m\u00f6glich.\",\"breadcrumb\":{\"@id\":\"https:\\\/\\\/amalhamburg.de\\\/de\\\/2021\\\/05\\\/11\\\/ein-ramadan-tag-im-exil\\\/#breadcrumb\"},\"inLanguage\":\"de\",\"potentialAction\":[{\"@type\":\"ReadAction\",\"target\":[\"https:\\\/\\\/amalhamburg.de\\\/de\\\/2021\\\/05\\\/11\\\/ein-ramadan-tag-im-exil\\\/\"]}]},{\"@type\":\"ImageObject\",\"inLanguage\":\"de\",\"@id\":\"https:\\\/\\\/amalhamburg.de\\\/de\\\/2021\\\/05\\\/11\\\/ein-ramadan-tag-im-exil\\\/#primaryimage\",\"url\":\"https:\\\/\\\/amalhamburg.de\\\/wp-content\\\/uploads\\\/sites\\\/2\\\/2021\\\/05\\\/\u06cc\u06a9-\u0631\u0648\u0632-\u0645\u0627\u0647-\u0631\u0645\u0636\u0627\u0646-\u062f\u0631-\u063a\u0631\u0628\u062a-Ein-Ramadan-Tag-im-Exil-0-9-screenshot.png\",\"contentUrl\":\"https:\\\/\\\/amalhamburg.de\\\/wp-content\\\/uploads\\\/sites\\\/2\\\/2021\\\/05\\\/\u06cc\u06a9-\u0631\u0648\u0632-\u0645\u0627\u0647-\u0631\u0645\u0636\u0627\u0646-\u062f\u0631-\u063a\u0631\u0628\u062a-Ein-Ramadan-Tag-im-Exil-0-9-screenshot.png\",\"width\":1260,\"height\":709,\"caption\":\"Foto: Jamil Jalla\"},{\"@type\":\"BreadcrumbList\",\"@id\":\"https:\\\/\\\/amalhamburg.de\\\/de\\\/2021\\\/05\\\/11\\\/ein-ramadan-tag-im-exil\\\/#breadcrumb\",\"itemListElement\":[{\"@type\":\"ListItem\",\"position\":1,\"name\":\"Home\",\"item\":\"https:\\\/\\\/amalhamburg.de\\\/de\\\/\"},{\"@type\":\"ListItem\",\"position\":2,\"name\":\"Ein Ramadan-Tag im Exil\"}]},{\"@type\":\"WebSite\",\"@id\":\"https:\\\/\\\/amalhamburg.de\\\/de\\\/#website\",\"url\":\"https:\\\/\\\/amalhamburg.de\\\/de\\\/\",\"name\":\"Amal, Hamburg!\",\"description\":\"\",\"potentialAction\":[{\"@type\":\"SearchAction\",\"target\":{\"@type\":\"EntryPoint\",\"urlTemplate\":\"https:\\\/\\\/amalhamburg.de\\\/de\\\/?s={search_term_string}\"},\"query-input\":{\"@type\":\"PropertyValueSpecification\",\"valueRequired\":true,\"valueName\":\"search_term_string\"}}],\"inLanguage\":\"de\"},{\"@type\":\"Person\",\"@id\":\"https:\\\/\\\/amalhamburg.de\\\/de\\\/#\\\/schema\\\/person\\\/b38c2d45c0eb9b9e994801d3f87a2247\",\"name\":\"Cornelia Gerlach\",\"image\":{\"@type\":\"ImageObject\",\"inLanguage\":\"de\",\"@id\":\"https:\\\/\\\/amalhamburg.de\\\/wp-content\\\/uploads\\\/sites\\\/2\\\/2019\\\/04\\\/aaaCornelia_Gerlach-125x125.jpg\",\"url\":\"https:\\\/\\\/amalhamburg.de\\\/wp-content\\\/uploads\\\/sites\\\/2\\\/2019\\\/04\\\/aaaCornelia_Gerlach-125x125.jpg\",\"contentUrl\":\"https:\\\/\\\/amalhamburg.de\\\/wp-content\\\/uploads\\\/sites\\\/2\\\/2019\\\/04\\\/aaaCornelia_Gerlach-125x125.jpg\",\"caption\":\"Cornelia Gerlach\"},\"description\":\"Cornelia Gerlach ist Projektleiterin bei Amal, Berlin! Daneben arbeitet sie als freie Journalistin und Dozentin f\u00fcr Reportage und Storytelling.\",\"url\":\"https:\\\/\\\/amalhamburg.de\\\/de\\\/author\\\/conny\\\/\"}]}<\/script>\n<!-- \/ Yoast SEO plugin. -->","yoast_head_json":{"title":"Ein Ramadan-Tag im Exil - Amal, Hamburg!","description":"Der Fastenmonat Ramadan ist f\u00fcr Muslime in Hamburg viel h\u00e4rter als in ihrer Heimat: Die Tage, an denen nicht gegessen werden darf, sind l\u00e4nger. Eine Mittagsruhe ist oft nicht m\u00f6glich.","robots":{"index":"index","follow":"follow","max-snippet":"max-snippet:-1","max-image-preview":"max-image-preview:large","max-video-preview":"max-video-preview:-1"},"canonical":"https:\/\/amalhamburg.de\/de\/2021\/05\/11\/ein-ramadan-tag-im-exil\/","og_locale":"de_DE","og_type":"article","og_title":"Ein Ramadan-Tag im Exil - Amal, Hamburg!","og_description":"Der Fastenmonat Ramadan ist f\u00fcr Muslime in Hamburg viel h\u00e4rter als in ihrer Heimat: Die Tage, an denen nicht gegessen werden darf, sind l\u00e4nger. Eine Mittagsruhe ist oft nicht m\u00f6glich.","og_url":"https:\/\/amalhamburg.de\/de\/2021\/05\/11\/ein-ramadan-tag-im-exil\/","og_site_name":"Amal, Hamburg!","article_published_time":"2021-05-11T16:49:41+00:00","og_image":[{"width":1260,"height":709,"url":"https:\/\/amalhamburg.de\/wp-content\/uploads\/sites\/2\/2021\/05\/\u06cc\u06a9-\u0631\u0648\u0632-\u0645\u0627\u0647-\u0631\u0645\u0636\u0627\u0646-\u062f\u0631-\u063a\u0631\u0628\u062a-Ein-Ramadan-Tag-im-Exil-0-9-screenshot.png","type":"image\/png"}],"author":"Cornelia Gerlach","twitter_card":"summary_large_image","twitter_misc":{"Verfasst von":"Cornelia Gerlach"},"schema":{"@context":"https:\/\/schema.org","@graph":[{"@type":"Article","@id":"https:\/\/amalhamburg.de\/de\/2021\/05\/11\/ein-ramadan-tag-im-exil\/#article","isPartOf":{"@id":"https:\/\/amalhamburg.de\/de\/2021\/05\/11\/ein-ramadan-tag-im-exil\/"},"author":{"name":"Cornelia Gerlach","@id":"https:\/\/amalhamburg.de\/de\/#\/schema\/person\/b38c2d45c0eb9b9e994801d3f87a2247"},"headline":"Ein Ramadan-Tag im Exil","datePublished":"2021-05-11T16:49:41+00:00","mainEntityOfPage":{"@id":"https:\/\/amalhamburg.de\/de\/2021\/05\/11\/ein-ramadan-tag-im-exil\/"},"wordCount":10,"image":{"@id":"https:\/\/amalhamburg.de\/de\/2021\/05\/11\/ein-ramadan-tag-im-exil\/#primaryimage"},"thumbnailUrl":"https:\/\/amalhamburg.de\/wp-content\/uploads\/sites\/2\/2021\/05\/\u06cc\u06a9-\u0631\u0648\u0632-\u0645\u0627\u0647-\u0631\u0645\u0636\u0627\u0646-\u062f\u0631-\u063a\u0631\u0628\u062a-Ein-Ramadan-Tag-im-Exil-0-9-screenshot.png","keywords":["Corona","hamburg","ramadan","Steindamm"],"articleSection":["Video"],"inLanguage":"de"},{"@type":"WebPage","@id":"https:\/\/amalhamburg.de\/de\/2021\/05\/11\/ein-ramadan-tag-im-exil\/","url":"https:\/\/amalhamburg.de\/de\/2021\/05\/11\/ein-ramadan-tag-im-exil\/","name":"Ein Ramadan-Tag im Exil - Amal, Hamburg!","isPartOf":{"@id":"https:\/\/amalhamburg.de\/de\/#website"},"primaryImageOfPage":{"@id":"https:\/\/amalhamburg.de\/de\/2021\/05\/11\/ein-ramadan-tag-im-exil\/#primaryimage"},"image":{"@id":"https:\/\/amalhamburg.de\/de\/2021\/05\/11\/ein-ramadan-tag-im-exil\/#primaryimage"},"thumbnailUrl":"https:\/\/amalhamburg.de\/wp-content\/uploads\/sites\/2\/2021\/05\/\u06cc\u06a9-\u0631\u0648\u0632-\u0645\u0627\u0647-\u0631\u0645\u0636\u0627\u0646-\u062f\u0631-\u063a\u0631\u0628\u062a-Ein-Ramadan-Tag-im-Exil-0-9-screenshot.png","datePublished":"2021-05-11T16:49:41+00:00","author":{"@id":"https:\/\/amalhamburg.de\/de\/#\/schema\/person\/b38c2d45c0eb9b9e994801d3f87a2247"},"description":"Der Fastenmonat Ramadan ist f\u00fcr Muslime in Hamburg viel h\u00e4rter als in ihrer Heimat: Die Tage, an denen nicht gegessen werden darf, sind l\u00e4nger. Eine Mittagsruhe ist oft nicht m\u00f6glich.","breadcrumb":{"@id":"https:\/\/amalhamburg.de\/de\/2021\/05\/11\/ein-ramadan-tag-im-exil\/#breadcrumb"},"inLanguage":"de","potentialAction":[{"@type":"ReadAction","target":["https:\/\/amalhamburg.de\/de\/2021\/05\/11\/ein-ramadan-tag-im-exil\/"]}]},{"@type":"ImageObject","inLanguage":"de","@id":"https:\/\/amalhamburg.de\/de\/2021\/05\/11\/ein-ramadan-tag-im-exil\/#primaryimage","url":"https:\/\/amalhamburg.de\/wp-content\/uploads\/sites\/2\/2021\/05\/\u06cc\u06a9-\u0631\u0648\u0632-\u0645\u0627\u0647-\u0631\u0645\u0636\u0627\u0646-\u062f\u0631-\u063a\u0631\u0628\u062a-Ein-Ramadan-Tag-im-Exil-0-9-screenshot.png","contentUrl":"https:\/\/amalhamburg.de\/wp-content\/uploads\/sites\/2\/2021\/05\/\u06cc\u06a9-\u0631\u0648\u0632-\u0645\u0627\u0647-\u0631\u0645\u0636\u0627\u0646-\u062f\u0631-\u063a\u0631\u0628\u062a-Ein-Ramadan-Tag-im-Exil-0-9-screenshot.png","width":1260,"height":709,"caption":"Foto: Jamil Jalla"},{"@type":"BreadcrumbList","@id":"https:\/\/amalhamburg.de\/de\/2021\/05\/11\/ein-ramadan-tag-im-exil\/#breadcrumb","itemListElement":[{"@type":"ListItem","position":1,"name":"Home","item":"https:\/\/amalhamburg.de\/de\/"},{"@type":"ListItem","position":2,"name":"Ein Ramadan-Tag im Exil"}]},{"@type":"WebSite","@id":"https:\/\/amalhamburg.de\/de\/#website","url":"https:\/\/amalhamburg.de\/de\/","name":"Amal, Hamburg!","description":"","potentialAction":[{"@type":"SearchAction","target":{"@type":"EntryPoint","urlTemplate":"https:\/\/amalhamburg.de\/de\/?s={search_term_string}"},"query-input":{"@type":"PropertyValueSpecification","valueRequired":true,"valueName":"search_term_string"}}],"inLanguage":"de"},{"@type":"Person","@id":"https:\/\/amalhamburg.de\/de\/#\/schema\/person\/b38c2d45c0eb9b9e994801d3f87a2247","name":"Cornelia Gerlach","image":{"@type":"ImageObject","inLanguage":"de","@id":"https:\/\/amalhamburg.de\/wp-content\/uploads\/sites\/2\/2019\/04\/aaaCornelia_Gerlach-125x125.jpg","url":"https:\/\/amalhamburg.de\/wp-content\/uploads\/sites\/2\/2019\/04\/aaaCornelia_Gerlach-125x125.jpg","contentUrl":"https:\/\/amalhamburg.de\/wp-content\/uploads\/sites\/2\/2019\/04\/aaaCornelia_Gerlach-125x125.jpg","caption":"Cornelia Gerlach"},"description":"Cornelia Gerlach ist Projektleiterin bei Amal, Berlin! Daneben arbeitet sie als freie Journalistin und Dozentin f\u00fcr Reportage und Storytelling.","url":"https:\/\/amalhamburg.de\/de\/author\/conny\/"}]}},"_links":{"self":[{"href":"https:\/\/amalhamburg.de\/de\/wp-json\/wp\/v2\/posts\/40808","targetHints":{"allow":["GET"]}}],"collection":[{"href":"https:\/\/amalhamburg.de\/de\/wp-json\/wp\/v2\/posts"}],"about":[{"href":"https:\/\/amalhamburg.de\/de\/wp-json\/wp\/v2\/types\/post"}],"author":[{"embeddable":true,"href":"https:\/\/amalhamburg.de\/de\/wp-json\/wp\/v2\/users\/10"}],"replies":[{"embeddable":true,"href":"https:\/\/amalhamburg.de\/de\/wp-json\/wp\/v2\/comments?post=40808"}],"version-history":[{"count":0,"href":"https:\/\/amalhamburg.de\/de\/wp-json\/wp\/v2\/posts\/40808\/revisions"}],"wp:featuredmedia":[{"embeddable":true,"href":"https:\/\/amalhamburg.de\/de\/wp-json\/wp\/v2\/media\/40813"}],"wp:attachment":[{"href":"https:\/\/amalhamburg.de\/de\/wp-json\/wp\/v2\/media?parent=40808"}],"wp:term":[{"taxonomy":"category","embeddable":true,"href":"https:\/\/amalhamburg.de\/de\/wp-json\/wp\/v2\/categories?post=40808"},{"taxonomy":"post_tag","embeddable":true,"href":"https:\/\/amalhamburg.de\/de\/wp-json\/wp\/v2\/tags?post=40808"}],"curies":[{"name":"wp","href":"https:\/\/api.w.org\/{rel}","templated":true}]}}