{"id":3783,"date":"2019-05-08T13:56:15","date_gmt":"2019-05-08T11:56:15","guid":{"rendered":"https:\/\/amalhamburg.de\/2019\/05\/08\/meine-ankunft-in-hamburg\/"},"modified":"2019-12-08T00:47:58","modified_gmt":"2019-12-07T23:47:58","slug":"meine-ankunft-in-hamburg","status":"publish","type":"post","link":"https:\/\/amalhamburg.de\/de\/2019\/05\/08\/meine-ankunft-in-hamburg\/","title":{"rendered":"Meine Ankunft in Hamburg"},"content":{"rendered":"<p>Jetzt bin ich wieder in Hamburg. Erinnerungen werden wach. Vor f\u00fcnf Jahren war ich schon einmal hier. Es f\u00e4llt mir wirklich schwer zu beschreiben, welche Gef\u00fchle ich habe, w\u00e4hrend ich jetzt hier durch die Stra\u00dfen spazieren gehe. Hamburg ist die erste deutsche Stadt, in der ich mit meinen Kindern damals landete. Ich versuche noch heute die Schmerzen der vorgefertigten Anschuldigungen zu vergessen, die mir eine Flugbegleiterin damals mit ihren Ausdr\u00fccken in ihren Augen entgegenwarf. Jeder von uns Neuangekommenen hat seine Geschichte. Manchmal ist es einfacher, sie erst zu erz\u00e4hlen, wenn viel Zeit vergangen ist. Ich aber m\u00f6chte von dieser Erinnerung befreit werden und teile sie deswegen.<\/p>\n<p>F\u00fcnf Jahre ist es her, da musste ich gem\u00e4\u00df den Bestimmungen des Dublin-Abkommens Schweden verlassen. Nachdem ich f\u00fcnf Monate auf eine R\u00fcckmeldung meines Antrags wartete, wurde dieser abgelehnt. Und das, obwohl die meisten meiner Familienangeh\u00f6rige seit vielen Jahren in Schweden lebten. Doch zu der Zeit erlaubte das Gesetz es nicht, dass Personen mit einem g\u00fcltigen Visum f\u00fcr ein bestimmtes europ\u00e4isches Land, ein Asylantrag in einem anderen europ\u00e4ischen Land stellten. \u00a0Wir mussten ausreisen. Ein Angestellter der schwedischen Ausl\u00e4nderbeh\u00f6rde begleitete mich mit unseren zuvor beim Amt eingereichten P\u00e4ssen zum Flughafen. Statt sie mir auszuh\u00e4ndigen, \u00fcberreichte er sie dem Piloten, sagte, dass in Hamburg mit meiner Situation umgegangen werden w\u00fcrde. Weitere Einzelheiten gab er nicht. Meine Koffer, in denen Erinnerungen aus allen St\u00e4dten steckten, die ich zuvor besucht hatte \u2013 auch St\u00e4dte in Deutschland &#8211; wurden bei meiner Ausreise vom Stockholmer Flughafen nicht durchsucht.<\/p>\n<p>Die Ankunft war hart. Ich bin nicht sicher, ob Ankunft der richtige Begriff ist. Vielleicht sollte man lieber Festnahme sagen. Im Flugzeug hatte eine Flugbegleiterin, die gr\u00f6\u00dfer aussah, als drei Personen zusammen, die Aufgabe, uns im Flugzeug zu beaufsichtigen. Wohl damit wir nicht weglaufen. Das Lustige und zugleich Traurige war, dass ich meine zwei Kleinkinder und f\u00fcnf Gep\u00e4ckst\u00fccke dabeihatte \u2013 wie h\u00e4tte ich also fliehen k\u00f6nnen? Das Flugzeug war voll. Ich hatte Angst, dass meine Augen die Augen der Flugbegleiterin treffen \u2013 warum wei\u00df ich nicht. Ich hatte Schuldgef\u00fchle \u2013 war ich doch in der Position des Angeklagten, des B\u00f6sewichts, des Gesetzesbrecher. Ich war so verwirrt, dass ich keine Ahnung hatte, wie ich meinen Kindern erkl\u00e4ren sollte, warum wir unsere Familienangeh\u00f6rige ein weiteres Mal verlassen mussten. Als w\u00e4re es unser Schicksal zu Reisen, keine Stabilit\u00e4t zu haben.<\/p>\n<p>Als wir am Hamburger Flughafen ankamen, stiegen alle Passagiere aus, nur wir nicht. Auch die Flugbegleiterin mit dem kalten Ausdruck im Gesicht blieb an Bord. Sie machte jedoch keine Andeutungen, um zu zeigen, wann wir uns bewegen durften. Ich blieb bei meinen Kindern, die nerv\u00f6s wurden, da alle Passagiere ausgestiegen waren, nur wir nicht. Ich stand auf, ging auf sie zu und fragte, wie lange wir noch bleiben m\u00fcssten. Sie sagte, dass der Pilot das entscheiden w\u00fcrde. Dann fand ich wonach ich suchte: Ich ging auf das Cockpit zu \u2013 meine Kinder im Schlepptau. Sie hielten sich an meiner Kleidung fest. Ich sah meine Kinder an, lachte, um meine Anspannung zu verbergen und ihnen ihre Sorgen zu nehmen, sagte ihnen, dass wir den Onkel Pilot im Cockpit besuchen gehen.<\/p>\n<p>Er stand l\u00e4chelnd vor dem Cockpit und entschuldigte sich, sagte, dass er wie wir auf den Flughafenpolizisten wartete, um uns ihm zu \u00fcbergeben. Ich hielt ein Seufzen zur\u00fcck, schaute meine Kinder an. Ich fragte dann den Piloten scherzhaft, ob sich mein Sohn, in der Zeit, wo wir warteten, das Cockpit von Innen anschauen k\u00f6nne. Er schaute mir kurz in die Augen. Ich bekam Angst. Dann reagierte er abrupt, was ich nicht erwartet hatte: Er f\u00fchrte meinen Sohn ins Cockpit. Ich machte Fotos von ihm, w\u00e4hrend er so tat, als w\u00fcrde er das Flugzeug fliegen, fragte mich aber dabei, was uns wohl hier erwartete.<\/p>\n<p>Als das Polizeiauto ankam, parkte es direkt vor der Flugzeugtreppe. So konnte ich den Flughafenboden nicht mit meinen F\u00fc\u00dfen ber\u00fchren, sondern stieg von der Treppe direkt in das Auto, w\u00e4hrend ich dabei von drei Polizisten umstellt war. In diesem Moment konnte ich meinen Kindern nicht das Gef\u00fchl der Sicherheit geben, denn ich zitterte. Ich trug meine Tochter auf dem Arm, hielt meinen Sohn an der Hand, der sie dr\u00fcckte, als w\u00fcrde er sagen: &#8220; Ich bleibe bei dir. Hab keine Angst&#8220;.<\/p>\n<p>\u00dcbersetzung: Karin Minawi<\/p>\n<p>Gerne stellen wir diesen Text anderen Medien zur Verf\u00fcgung. Bitte schreiben Sie uns info@amalberlin.de<\/p>\n","protected":false},"excerpt":{"rendered":"<p>Jetzt bin ich wieder in Hamburg. Erinnerungen werden wach. Vor f\u00fcnf Jahren war ich schon einmal hier. Es f\u00e4llt mir wirklich schwer zu beschreiben, welche Gef\u00fchle ich habe, w\u00e4hrend ich jetzt hier durch die Stra\u00dfen spazieren gehe. Hamburg ist die erste deutsche Stadt, in der ich mit meinen Kindern damals landete. Ich versuche noch heute&#8230;  <a class=\"excerpt-read-more\" href=\"https:\/\/amalhamburg.de\/de\/2019\/05\/08\/meine-ankunft-in-hamburg\/\" title=\"Read Meine Ankunft in Hamburg\">Weiter &raquo;<\/a><\/p>\n","protected":false},"author":6,"featured_media":3784,"comment_status":"closed","ping_status":"open","sticky":false,"template":"","format":"standard","meta":{"_acf_changed":false,"footnotes":""},"categories":[159],"tags":[],"class_list":["post-3783","post","type-post","status-publish","format-standard","has-post-thumbnail","hentry","category-news-de"],"acf":[],"yoast_head":"<!-- This site is optimized with the Yoast SEO plugin v27.5 - https:\/\/yoast.com\/product\/yoast-seo-wordpress\/ -->\n<title>Meine Ankunft in Hamburg - Amal, Hamburg!<\/title>\n<meta name=\"robots\" content=\"index, nofollow, max-snippet:-1, max-image-preview:large, max-video-preview:-1\" \/>\n<link rel=\"canonical\" href=\"https:\/\/amalberlin.de\/de\/2019\/05\/08\/meine-ankunft-in-hamburg\/\" \/>\n<meta property=\"og:locale\" content=\"de_DE\" \/>\n<meta property=\"og:type\" content=\"article\" \/>\n<meta property=\"og:title\" content=\"Meine Ankunft in Hamburg - Amal, Hamburg!\" \/>\n<meta property=\"og:description\" content=\"Jetzt bin ich wieder in Hamburg. Erinnerungen werden wach. Vor f\u00fcnf Jahren war ich schon einmal hier. Es f\u00e4llt mir wirklich schwer zu beschreiben, welche Gef\u00fchle ich habe, w\u00e4hrend ich jetzt hier durch die Stra\u00dfen spazieren gehe. Hamburg ist die erste deutsche Stadt, in der ich mit meinen Kindern damals landete. Ich versuche noch heute... Weiter &raquo;\" \/>\n<meta property=\"og:url\" content=\"https:\/\/amalberlin.de\/de\/2019\/05\/08\/meine-ankunft-in-hamburg\/\" \/>\n<meta property=\"og:site_name\" content=\"Amal, Hamburg!\" \/>\n<meta property=\"article:author\" content=\"https:\/\/www.facebook.com\/aalmir66\/\" \/>\n<meta property=\"article:published_time\" content=\"2019-05-08T11:56:15+00:00\" \/>\n<meta property=\"article:modified_time\" content=\"2019-12-07T23:47:58+00:00\" \/>\n<meta property=\"og:image\" content=\"https:\/\/amalhamburg.de\/wp-content\/uploads\/sites\/2\/2019\/05\/Ward-Photos-flug.jpg-1.jpg\" \/>\n\t<meta property=\"og:image:width\" content=\"960\" \/>\n\t<meta property=\"og:image:height\" content=\"720\" \/>\n\t<meta property=\"og:image:type\" content=\"image\/jpeg\" \/>\n<meta name=\"author\" content=\"Amloud Alamir\" \/>\n<meta name=\"twitter:card\" content=\"summary_large_image\" \/>\n<meta name=\"twitter:label1\" content=\"Verfasst von\" \/>\n\t<meta name=\"twitter:data1\" content=\"Amloud Alamir\" \/>\n\t<meta name=\"twitter:label2\" content=\"Gesch\u00e4tzte Lesezeit\" \/>\n\t<meta name=\"twitter:data2\" content=\"4\u00a0Minuten\" \/>\n<script type=\"application\/ld+json\" class=\"yoast-schema-graph\">{\"@context\":\"https:\\\/\\\/schema.org\",\"@graph\":[{\"@type\":\"Article\",\"@id\":\"https:\\\/\\\/amalberlin.de\\\/de\\\/2019\\\/05\\\/08\\\/meine-ankunft-in-hamburg\\\/#article\",\"isPartOf\":{\"@id\":\"https:\\\/\\\/amalhamburg.de\\\/de\\\/2019\\\/05\\\/08\\\/meine-ankunft-in-hamburg\\\/\"},\"author\":{\"name\":\"Amloud Alamir\",\"@id\":\"https:\\\/\\\/amalhamburg.de\\\/de\\\/#\\\/schema\\\/person\\\/29d859f8134fc2a1578b6a96b82bd4ab\"},\"headline\":\"Meine Ankunft in Hamburg\",\"datePublished\":\"2019-05-08T11:56:15+00:00\",\"dateModified\":\"2019-12-07T23:47:58+00:00\",\"mainEntityOfPage\":{\"@id\":\"https:\\\/\\\/amalhamburg.de\\\/de\\\/2019\\\/05\\\/08\\\/meine-ankunft-in-hamburg\\\/\"},\"wordCount\":765,\"image\":{\"@id\":\"https:\\\/\\\/amalberlin.de\\\/de\\\/2019\\\/05\\\/08\\\/meine-ankunft-in-hamburg\\\/#primaryimage\"},\"thumbnailUrl\":\"https:\\\/\\\/amalhamburg.de\\\/wp-content\\\/uploads\\\/sites\\\/2\\\/2019\\\/05\\\/Ward-Photos-flug.jpg-1.jpg\",\"articleSection\":[\"Interessante Beitr\u00e4ge auf Deutsch\"],\"inLanguage\":\"de\"},{\"@type\":\"WebPage\",\"@id\":\"https:\\\/\\\/amalhamburg.de\\\/de\\\/2019\\\/05\\\/08\\\/meine-ankunft-in-hamburg\\\/\",\"url\":\"https:\\\/\\\/amalberlin.de\\\/de\\\/2019\\\/05\\\/08\\\/meine-ankunft-in-hamburg\\\/\",\"name\":\"Meine Ankunft in Hamburg - Amal, Hamburg!\",\"isPartOf\":{\"@id\":\"https:\\\/\\\/amalhamburg.de\\\/de\\\/#website\"},\"primaryImageOfPage\":{\"@id\":\"https:\\\/\\\/amalberlin.de\\\/de\\\/2019\\\/05\\\/08\\\/meine-ankunft-in-hamburg\\\/#primaryimage\"},\"image\":{\"@id\":\"https:\\\/\\\/amalberlin.de\\\/de\\\/2019\\\/05\\\/08\\\/meine-ankunft-in-hamburg\\\/#primaryimage\"},\"thumbnailUrl\":\"https:\\\/\\\/amalhamburg.de\\\/wp-content\\\/uploads\\\/sites\\\/2\\\/2019\\\/05\\\/Ward-Photos-flug.jpg-1.jpg\",\"datePublished\":\"2019-05-08T11:56:15+00:00\",\"dateModified\":\"2019-12-07T23:47:58+00:00\",\"author\":{\"@id\":\"https:\\\/\\\/amalhamburg.de\\\/de\\\/#\\\/schema\\\/person\\\/29d859f8134fc2a1578b6a96b82bd4ab\"},\"breadcrumb\":{\"@id\":\"https:\\\/\\\/amalberlin.de\\\/de\\\/2019\\\/05\\\/08\\\/meine-ankunft-in-hamburg\\\/#breadcrumb\"},\"inLanguage\":\"de\",\"potentialAction\":[{\"@type\":\"ReadAction\",\"target\":[\"https:\\\/\\\/amalberlin.de\\\/de\\\/2019\\\/05\\\/08\\\/meine-ankunft-in-hamburg\\\/\"]}]},{\"@type\":\"ImageObject\",\"inLanguage\":\"de\",\"@id\":\"https:\\\/\\\/amalberlin.de\\\/de\\\/2019\\\/05\\\/08\\\/meine-ankunft-in-hamburg\\\/#primaryimage\",\"url\":\"https:\\\/\\\/amalhamburg.de\\\/wp-content\\\/uploads\\\/sites\\\/2\\\/2019\\\/05\\\/Ward-Photos-flug.jpg-1.jpg\",\"contentUrl\":\"https:\\\/\\\/amalhamburg.de\\\/wp-content\\\/uploads\\\/sites\\\/2\\\/2019\\\/05\\\/Ward-Photos-flug.jpg-1.jpg\",\"width\":960,\"height\":720},{\"@type\":\"BreadcrumbList\",\"@id\":\"https:\\\/\\\/amalberlin.de\\\/de\\\/2019\\\/05\\\/08\\\/meine-ankunft-in-hamburg\\\/#breadcrumb\",\"itemListElement\":[{\"@type\":\"ListItem\",\"position\":1,\"name\":\"Home\",\"item\":\"https:\\\/\\\/amalhamburg.de\\\/de\\\/\"},{\"@type\":\"ListItem\",\"position\":2,\"name\":\"Meine Ankunft in Hamburg\"}]},{\"@type\":\"WebSite\",\"@id\":\"https:\\\/\\\/amalhamburg.de\\\/de\\\/#website\",\"url\":\"https:\\\/\\\/amalhamburg.de\\\/de\\\/\",\"name\":\"Amal, Hamburg!\",\"description\":\"\",\"potentialAction\":[{\"@type\":\"SearchAction\",\"target\":{\"@type\":\"EntryPoint\",\"urlTemplate\":\"https:\\\/\\\/amalhamburg.de\\\/de\\\/?s={search_term_string}\"},\"query-input\":{\"@type\":\"PropertyValueSpecification\",\"valueRequired\":true,\"valueName\":\"search_term_string\"}}],\"inLanguage\":\"de\"},{\"@type\":\"Person\",\"@id\":\"https:\\\/\\\/amalhamburg.de\\\/de\\\/#\\\/schema\\\/person\\\/29d859f8134fc2a1578b6a96b82bd4ab\",\"name\":\"Amloud Alamir\",\"image\":{\"@type\":\"ImageObject\",\"inLanguage\":\"de\",\"@id\":\"https:\\\/\\\/amalhamburg.de\\\/wp-content\\\/uploads\\\/sites\\\/2\\\/2019\\\/06\\\/Amloud-125x125.jpg\",\"url\":\"https:\\\/\\\/amalhamburg.de\\\/wp-content\\\/uploads\\\/sites\\\/2\\\/2019\\\/06\\\/Amloud-125x125.jpg\",\"contentUrl\":\"https:\\\/\\\/amalhamburg.de\\\/wp-content\\\/uploads\\\/sites\\\/2\\\/2019\\\/06\\\/Amloud-125x125.jpg\",\"caption\":\"Amloud Alamir\"},\"description\":\"Amloud Alamir ist Ausbildungsleiterin f\u00fcr Journalist*innen in Damaskus und produziert sowie moderiert den Podcast \u201eSunun\u016b \u2013 Stimmen aus dem Exil\u201c, der sich dem H\u00f6ren der Stimmen arabischer und syrischer Gefl\u00fcchteter widmet und soziale, politische und kulturelle Themen behandelt, die ihnen wichtig sind. Zuvor arbeitete sie in Syrien und Saudi-Arabien als Journalistin und TV-Moderatorin. In Berlin arbeitet sie f\u00fcr den RBB und Deutschlandradio Kultur und ist an der Produktion eines Dokumentarfilms \u00fcber Gefl\u00fcchtete\u00a0beteiligt. amloud.alamir@amalnews.de\",\"sameAs\":[\"https:\\\/\\\/www.facebook.com\\\/aalmir66\\\/\"],\"url\":\"https:\\\/\\\/amalhamburg.de\\\/de\\\/author\\\/amloud\\\/\"}]}<\/script>\n<!-- \/ Yoast SEO plugin. -->","yoast_head_json":{"title":"Meine Ankunft in Hamburg - Amal, Hamburg!","robots":{"index":"index","follow":"nofollow","max-snippet":"max-snippet:-1","max-image-preview":"max-image-preview:large","max-video-preview":"max-video-preview:-1"},"canonical":"https:\/\/amalberlin.de\/de\/2019\/05\/08\/meine-ankunft-in-hamburg\/","og_locale":"de_DE","og_type":"article","og_title":"Meine Ankunft in Hamburg - Amal, Hamburg!","og_description":"Jetzt bin ich wieder in Hamburg. Erinnerungen werden wach. Vor f\u00fcnf Jahren war ich schon einmal hier. Es f\u00e4llt mir wirklich schwer zu beschreiben, welche Gef\u00fchle ich habe, w\u00e4hrend ich jetzt hier durch die Stra\u00dfen spazieren gehe. Hamburg ist die erste deutsche Stadt, in der ich mit meinen Kindern damals landete. Ich versuche noch heute... Weiter &raquo;","og_url":"https:\/\/amalberlin.de\/de\/2019\/05\/08\/meine-ankunft-in-hamburg\/","og_site_name":"Amal, Hamburg!","article_author":"https:\/\/www.facebook.com\/aalmir66\/","article_published_time":"2019-05-08T11:56:15+00:00","article_modified_time":"2019-12-07T23:47:58+00:00","og_image":[{"width":960,"height":720,"url":"https:\/\/amalhamburg.de\/wp-content\/uploads\/sites\/2\/2019\/05\/Ward-Photos-flug.jpg-1.jpg","type":"image\/jpeg"}],"author":"Amloud Alamir","twitter_card":"summary_large_image","twitter_misc":{"Verfasst von":"Amloud Alamir","Gesch\u00e4tzte Lesezeit":"4\u00a0Minuten"},"schema":{"@context":"https:\/\/schema.org","@graph":[{"@type":"Article","@id":"https:\/\/amalberlin.de\/de\/2019\/05\/08\/meine-ankunft-in-hamburg\/#article","isPartOf":{"@id":"https:\/\/amalhamburg.de\/de\/2019\/05\/08\/meine-ankunft-in-hamburg\/"},"author":{"name":"Amloud Alamir","@id":"https:\/\/amalhamburg.de\/de\/#\/schema\/person\/29d859f8134fc2a1578b6a96b82bd4ab"},"headline":"Meine Ankunft in Hamburg","datePublished":"2019-05-08T11:56:15+00:00","dateModified":"2019-12-07T23:47:58+00:00","mainEntityOfPage":{"@id":"https:\/\/amalhamburg.de\/de\/2019\/05\/08\/meine-ankunft-in-hamburg\/"},"wordCount":765,"image":{"@id":"https:\/\/amalberlin.de\/de\/2019\/05\/08\/meine-ankunft-in-hamburg\/#primaryimage"},"thumbnailUrl":"https:\/\/amalhamburg.de\/wp-content\/uploads\/sites\/2\/2019\/05\/Ward-Photos-flug.jpg-1.jpg","articleSection":["Interessante Beitr\u00e4ge auf Deutsch"],"inLanguage":"de"},{"@type":"WebPage","@id":"https:\/\/amalhamburg.de\/de\/2019\/05\/08\/meine-ankunft-in-hamburg\/","url":"https:\/\/amalberlin.de\/de\/2019\/05\/08\/meine-ankunft-in-hamburg\/","name":"Meine Ankunft in Hamburg - Amal, Hamburg!","isPartOf":{"@id":"https:\/\/amalhamburg.de\/de\/#website"},"primaryImageOfPage":{"@id":"https:\/\/amalberlin.de\/de\/2019\/05\/08\/meine-ankunft-in-hamburg\/#primaryimage"},"image":{"@id":"https:\/\/amalberlin.de\/de\/2019\/05\/08\/meine-ankunft-in-hamburg\/#primaryimage"},"thumbnailUrl":"https:\/\/amalhamburg.de\/wp-content\/uploads\/sites\/2\/2019\/05\/Ward-Photos-flug.jpg-1.jpg","datePublished":"2019-05-08T11:56:15+00:00","dateModified":"2019-12-07T23:47:58+00:00","author":{"@id":"https:\/\/amalhamburg.de\/de\/#\/schema\/person\/29d859f8134fc2a1578b6a96b82bd4ab"},"breadcrumb":{"@id":"https:\/\/amalberlin.de\/de\/2019\/05\/08\/meine-ankunft-in-hamburg\/#breadcrumb"},"inLanguage":"de","potentialAction":[{"@type":"ReadAction","target":["https:\/\/amalberlin.de\/de\/2019\/05\/08\/meine-ankunft-in-hamburg\/"]}]},{"@type":"ImageObject","inLanguage":"de","@id":"https:\/\/amalberlin.de\/de\/2019\/05\/08\/meine-ankunft-in-hamburg\/#primaryimage","url":"https:\/\/amalhamburg.de\/wp-content\/uploads\/sites\/2\/2019\/05\/Ward-Photos-flug.jpg-1.jpg","contentUrl":"https:\/\/amalhamburg.de\/wp-content\/uploads\/sites\/2\/2019\/05\/Ward-Photos-flug.jpg-1.jpg","width":960,"height":720},{"@type":"BreadcrumbList","@id":"https:\/\/amalberlin.de\/de\/2019\/05\/08\/meine-ankunft-in-hamburg\/#breadcrumb","itemListElement":[{"@type":"ListItem","position":1,"name":"Home","item":"https:\/\/amalhamburg.de\/de\/"},{"@type":"ListItem","position":2,"name":"Meine Ankunft in Hamburg"}]},{"@type":"WebSite","@id":"https:\/\/amalhamburg.de\/de\/#website","url":"https:\/\/amalhamburg.de\/de\/","name":"Amal, Hamburg!","description":"","potentialAction":[{"@type":"SearchAction","target":{"@type":"EntryPoint","urlTemplate":"https:\/\/amalhamburg.de\/de\/?s={search_term_string}"},"query-input":{"@type":"PropertyValueSpecification","valueRequired":true,"valueName":"search_term_string"}}],"inLanguage":"de"},{"@type":"Person","@id":"https:\/\/amalhamburg.de\/de\/#\/schema\/person\/29d859f8134fc2a1578b6a96b82bd4ab","name":"Amloud Alamir","image":{"@type":"ImageObject","inLanguage":"de","@id":"https:\/\/amalhamburg.de\/wp-content\/uploads\/sites\/2\/2019\/06\/Amloud-125x125.jpg","url":"https:\/\/amalhamburg.de\/wp-content\/uploads\/sites\/2\/2019\/06\/Amloud-125x125.jpg","contentUrl":"https:\/\/amalhamburg.de\/wp-content\/uploads\/sites\/2\/2019\/06\/Amloud-125x125.jpg","caption":"Amloud Alamir"},"description":"Amloud Alamir ist Ausbildungsleiterin f\u00fcr Journalist*innen in Damaskus und produziert sowie moderiert den Podcast \u201eSunun\u016b \u2013 Stimmen aus dem Exil\u201c, der sich dem H\u00f6ren der Stimmen arabischer und syrischer Gefl\u00fcchteter widmet und soziale, politische und kulturelle Themen behandelt, die ihnen wichtig sind. Zuvor arbeitete sie in Syrien und Saudi-Arabien als Journalistin und TV-Moderatorin. In Berlin arbeitet sie f\u00fcr den RBB und Deutschlandradio Kultur und ist an der Produktion eines Dokumentarfilms \u00fcber Gefl\u00fcchtete\u00a0beteiligt. amloud.alamir@amalnews.de","sameAs":["https:\/\/www.facebook.com\/aalmir66\/"],"url":"https:\/\/amalhamburg.de\/de\/author\/amloud\/"}]}},"_links":{"self":[{"href":"https:\/\/amalhamburg.de\/de\/wp-json\/wp\/v2\/posts\/3783","targetHints":{"allow":["GET"]}}],"collection":[{"href":"https:\/\/amalhamburg.de\/de\/wp-json\/wp\/v2\/posts"}],"about":[{"href":"https:\/\/amalhamburg.de\/de\/wp-json\/wp\/v2\/types\/post"}],"author":[{"embeddable":true,"href":"https:\/\/amalhamburg.de\/de\/wp-json\/wp\/v2\/users\/6"}],"replies":[{"embeddable":true,"href":"https:\/\/amalhamburg.de\/de\/wp-json\/wp\/v2\/comments?post=3783"}],"version-history":[{"count":2,"href":"https:\/\/amalhamburg.de\/de\/wp-json\/wp\/v2\/posts\/3783\/revisions"}],"predecessor-version":[{"id":3789,"href":"https:\/\/amalhamburg.de\/de\/wp-json\/wp\/v2\/posts\/3783\/revisions\/3789"}],"wp:featuredmedia":[{"embeddable":true,"href":"https:\/\/amalhamburg.de\/de\/wp-json\/wp\/v2\/media\/3784"}],"wp:attachment":[{"href":"https:\/\/amalhamburg.de\/de\/wp-json\/wp\/v2\/media?parent=3783"}],"wp:term":[{"taxonomy":"category","embeddable":true,"href":"https:\/\/amalhamburg.de\/de\/wp-json\/wp\/v2\/categories?post=3783"},{"taxonomy":"post_tag","embeddable":true,"href":"https:\/\/amalhamburg.de\/de\/wp-json\/wp\/v2\/tags?post=3783"}],"curies":[{"name":"wp","href":"https:\/\/api.w.org\/{rel}","templated":true}]}}