{"id":31653,"date":"2020-09-29T11:53:36","date_gmt":"2020-09-29T09:53:36","guid":{"rendered":"https:\/\/amalhamburg.de\/?p=31653"},"modified":"2020-10-02T11:05:27","modified_gmt":"2020-10-02T09:05:27","slug":"das-neue-bild-von-amal","status":"publish","type":"post","link":"https:\/\/amalhamburg.de\/de\/2020\/09\/29\/das-neue-bild-von-amal\/","title":{"rendered":"Das neue Bild von Amal"},"content":{"rendered":"<table class=\"x_mcnTextBlock\" border=\"0\" width=\"100%\" cellspacing=\"0\" cellpadding=\"0\">\n<tbody class=\"x_mcnTextBlockOuter\">\n<tr>\n<td class=\"x_mcnTextBlockInner\" valign=\"top\">\n<table class=\"x_mcnTextContentContainer\" border=\"0\" width=\"100%\" cellspacing=\"0\" cellpadding=\"0\" align=\"left\">\n<tbody>\n<tr>\n<td class=\"x_mcnTextContent\" valign=\"top\">Puh, waren wir aufgeregt, heute vor vier Jahren. Noch dreimal schlafen bis zum Start von Amal; bis aus einer verwegenen Idee Wirklichkeit werden sollte. Die Idee sah so aus: Journalistinnen und Journalisten aus Syrien, Afghanistan, Iran und \u00c4gypten w\u00fcrden in Berlin (und sp\u00e4ter dann in anderen St\u00e4dten) eine Nachrichtenplattform aufbauen, um die vielen Gefl\u00fcchteten, die damals neu im Land waren, mit Nachrichten in ihrer Muttersprache zu versorgen und sie so von Anfang an in das Geschehen in ihrer neuen Heimat einzubinden. \u00dcber Facebook hatten wir von dieser Idee erz\u00e4hlt \u2013 und quasi \u00fcber Nacht mehr als hundert Bewerbungen bekommen \u2013 von Menschen, die vor der Flucht f\u00fcr Medien gearbeitet hatten und nun ausgebremst in irgendwelchen Unterk\u00fcnften sa\u00dfen, Geld vom Jobcenter bezogen und darauf hofften, dass sie eines Tages wieder in ihrem Beruf arbeiten k\u00f6nnten. Nach zahllosen Vorstellungsgespr\u00e4chen hatten wir dann ein Team zusammen \u2013 zehn M\u00e4nner und Frauen, die mindestens genauso aufgeregt waren wie wir, als am 26. September 2016 der zweimonatige Workshop begann, der sie auf das journalistische Arbeiten in Deutschland vorbereiten sollte. Ein schnell mit dem Handy geknipstes Bild, entstanden am Portal zur Evangelischen Journalistenschule als Amals Heimstatt, erinnert an diesem Tag vor vier Jahren.<\/td>\n<\/tr>\n<\/tbody>\n<\/table>\n<\/td>\n<\/tr>\n<\/tbody>\n<\/table>\n<table class=\"x_mcnImageBlock\" border=\"0\" width=\"100%\" cellspacing=\"0\" cellpadding=\"0\">\n<tbody class=\"x_mcnImageBlockOuter\">\n<tr>\n<td class=\"x_mcnImageBlockInner\" valign=\"top\">\n<table class=\"x_mcnImageContentContainer\" border=\"0\" width=\"100%\" cellspacing=\"0\" cellpadding=\"0\" align=\"left\">\n<tbody>\n<tr>\n<td class=\"x_mcnImageContent\" valign=\"top\"><img decoding=\"async\" class=\"x_mcnImage\" src=\"https:\/\/mcusercontent.com\/25b910bd41bcfa802c85dd54f\/images\/e31d5bda-6c4e-48aa-98f6-2c3bf7e1e879.jpg\" alt=\"\" width=\"242.52\" align=\"middle\" data-imagetype=\"External\" \/><\/td>\n<\/tr>\n<\/tbody>\n<\/table>\n<\/td>\n<\/tr>\n<\/tbody>\n<\/table>\n<table class=\"x_mcnTextBlock\" border=\"0\" width=\"100%\" cellspacing=\"0\" cellpadding=\"0\">\n<tbody class=\"x_mcnTextBlockOuter\">\n<tr>\n<td class=\"x_mcnTextBlockInner\" valign=\"top\">\n<table class=\"x_mcnTextContentContainer\" border=\"0\" width=\"100%\" cellspacing=\"0\" cellpadding=\"0\" align=\"left\">\n<tbody>\n<tr>\n<td class=\"x_mcnTextContent\" valign=\"top\">Weit sind wir seither gekommen. Schauen Sie sich das neue Gruppen-Foto von der Hamburger Redaktion an. Es ist ganz frisch, der Hamburger Fotograf Jann Wilken, der uns begleitet, hat es vergangene Woche am R\u00f6dingsmarkt gemacht. Sein aktuelles Bild vom Amal-Team zeigt Profis bei der Arbeit. Menschen, die ihr Handwerk verstehen und ihre Zielgruppe erreichen. Die Teil ihrer Community sind, Vorbilder f\u00fcr viele; die zeigen, dass es m\u00f6glich ist, in der Fremde neu anzufangen und heimisch zu werden und eine Arbeit zu machen, die stolz macht und zugleich der Allgemeinheit dient \u2013 jenen, die als Fl\u00fcchtlinge herkamen ebenso wie jenen, die schon lange oder immer hier leben.<\/td>\n<\/tr>\n<\/tbody>\n<\/table>\n<\/td>\n<\/tr>\n<\/tbody>\n<\/table>\n<table class=\"x_mcnImageBlock\" border=\"0\" width=\"100%\" cellspacing=\"0\" cellpadding=\"0\">\n<tbody class=\"x_mcnImageBlockOuter\">\n<tr>\n<td class=\"x_mcnImageBlockInner\" valign=\"top\">\n<table class=\"x_mcnImageContentContainer\" border=\"0\" width=\"100%\" cellspacing=\"0\" cellpadding=\"0\" align=\"left\">\n<tbody>\n<tr>\n<td class=\"x_mcnImageContent\" valign=\"top\"><img decoding=\"async\" class=\"x_mcnImage\" src=\"https:\/\/mcusercontent.com\/25b910bd41bcfa802c85dd54f\/images\/63d4262a-466e-45ab-89c6-04bf4cf43f90.jpeg\" alt=\"\" width=\"564\" align=\"middle\" data-imagetype=\"External\" \/><\/td>\n<\/tr>\n<\/tbody>\n<\/table>\n<\/td>\n<\/tr>\n<\/tbody>\n<\/table>\n<table class=\"x_mcnTextBlock\" border=\"0\" width=\"100%\" cellspacing=\"0\" cellpadding=\"0\">\n<tbody class=\"x_mcnTextBlockOuter\">\n<tr>\n<td class=\"x_mcnTextBlockInner\" valign=\"top\">\n<table class=\"x_mcnTextContentContainer\" border=\"0\" width=\"100%\" cellspacing=\"0\" cellpadding=\"0\" align=\"left\">\n<tbody>\n<tr>\n<td class=\"x_mcnTextContent\" valign=\"top\">Kurz m\u00f6chte ich Ihr Augenmerk noch auf die Person vorne rechts im Bild lenken. Es ist Johanna Eisenhardt von der K\u00f6rber-Stiftung, die an diesem sonnigen Mittag spontan beim Fototermin als Model eingesprungen ist. Sie steht hier stellvertretend f\u00fcr die vielen tollen Menschen \u2013 in der Evangelischen Kirche, der Evangelischen Journalistenschule, der Sch\u00f6pflin Stiftung, der K\u00f6rber-Stiftung, der Stiftung Mercator und vielen anderen Organisationen \u2013 , ohne die unsere Arbeit nicht m\u00f6glich ist. Unsere Bitte: Bleiben Sie uns gewogen und helfen Sie mit, Amal in die Zukunft zu bringen \u2013 mit guten Ideen, hilfreichen Netzwerken, sch\u00f6nen Kooperationen, wertvollen Gespr\u00e4chen und nat\u00fcrlich auch mit Geld.<\/td>\n<\/tr>\n<\/tbody>\n<\/table>\n<\/td>\n<\/tr>\n<\/tbody>\n<\/table>\n<table class=\"x_mcnTextBlock\" border=\"0\" width=\"100%\" cellspacing=\"0\" cellpadding=\"0\">\n<tbody class=\"x_mcnTextBlockOuter\">\n<tr>\n<td class=\"x_mcnTextBlockInner\" valign=\"top\">\n<table class=\"x_mcnTextContentContainer\" border=\"0\" width=\"100%\" cellspacing=\"0\" cellpadding=\"0\" align=\"left\">\n<tbody>\n<tr>\n<td class=\"x_mcnTextContent\" valign=\"top\">\n<h3 class=\"x_null\">Wenn der Vater dem Sohn die rote Linie zeigen will<\/h3>\n<p>Nun zu unseren Themen in dieser Woche \u2013 wie immer bieten wir an, die Beitr\u00e4ge auch f\u00fcr deutsche Medien zu \u00fcbersetzen. Vor kurzem hat sich in Frankfurt ein Junge in M\u00e4dchen verliebt. Passiert ja. Nur dass der Junge in Afghane war, und sein Vater gar nicht lustig fand, dass sein Sohn und dessen Klassenkameradin bald unzertrennlich waren. Der Vater f\u00fcrchtete um die Ehre der Familie, er sprach ein ernstes Wort. Doch das half nicht. Die beiden Verliebten trafen sich weiter. Der Vater wurde w\u00fctend, er schlug seinen Sohn. Doch der Junge w\u00e4chst in Deutschland auf, er wei\u00df, dass Gewalt in der Familie hier nicht toleriert wird, und geht zur Polizei. Und der Vater hat nun ein Problem.<\/p>\n<p>&nbsp;<\/p>\n<p>Noorullah Rahmani hat diese und andere Geschichten aus dem Alltag von afghanischen Familien in Deutschland aufgeschrieben \u2013 und er hat Professor Mohammad Hossein Rezaei gefragt, was die Eltern denn tun k\u00f6nnen, um zwischen den Kulturen nicht zu verzweifeln. Rezaei hat fr\u00fcher an einer privaten Universit\u00e4t in Kabul Psychologie gelehrt, er kennt sich aus mit den Belastungen durch die neue Umgebung. Er sagt, es sei wichtig, die kulturellen Unterschiede zu kennen und zu ber\u00fccksichtigen. In der Tradition, die f\u00fcr den Vater noch sehr pr\u00e4sent ist, sei zum Beispiel Sex vor der Ehe eine rote Linie, die nicht \u00fcberschritten werden darf, um das Ansehen der Familie nicht zu gef\u00e4hrden. Aber im deutschen Kontext existiere diese rote Linie nicht. Im Gegenteil. Wenn der Vater versucht, den Sohn mit Gewalt hinter diese Linie zu dr\u00e4ngen, bekommt er hier nicht Anerkennung daf\u00fcr, sondern muss mit Strafe rechnen. Die individuellen und sozialen Rechte auch der Jugendlichen sind gesch\u00fctzt. \u201eMit Schl\u00e4gen, Stubenarrest oder Einsch\u00fcchterung erreichen die Eltern meist das Gegenteil von dem, was sie wollen\u201c, so Professor Mohammad Hossein Rezaei. <a href=\"https:\/\/amalberlin.us16.list-manage.com\/track\/click?u=25b910bd41bcfa802c85dd54f&amp;id=233fd2dfce&amp;e=9bfcfa694b\" target=\"_blank\" rel=\"noopener noreferrer\" data-auth=\"NotApplicable\">Den Artikel<\/a> \u00fcbersetzen wir gerne.<\/p>\n<p>&nbsp;<\/td>\n<\/tr>\n<\/tbody>\n<\/table>\n<\/td>\n<\/tr>\n<\/tbody>\n<\/table>\n<table class=\"x_mcnTextBlock\" border=\"0\" width=\"100%\" cellspacing=\"0\" cellpadding=\"0\">\n<tbody class=\"x_mcnTextBlockOuter\">\n<tr>\n<td class=\"x_mcnTextBlockInner\" valign=\"top\">\n<table class=\"x_mcnTextContentContainer\" border=\"0\" width=\"100%\" cellspacing=\"0\" cellpadding=\"0\" align=\"left\">\n<tbody>\n<tr>\n<td class=\"x_mcnTextContent\" valign=\"top\">\n<h3 class=\"x_null\">Was macht ein Kamel in Deutschland?<\/h3>\n<p>K\u00fcrzlich haben die Kollegen der Hamburger Redaktion einen Ausflug gemacht: Sie waren zusammen in Hagenbecks Tierparkt. Ziel war, rechtzeitig vor den Herbstferien eine sch\u00f6ne Reportage zu produzieren, die Eltern und ihren Kindern auch in Zeiten von Corona ein Ferienabenteuer empfiehlt. Abbas Al Deiri war ziemlich beeindruckt, wieviel Platz zum Leben die Tiere in diesem Zoo haben. Und mit wie viel Achtsamkeit dort f\u00fcr das Wohl der Tiere gesorgt wird. Dem Elefanten zum Beispiel warf der W\u00e4rter immer wieder Erde auf den R\u00fccken, die dieser dann vergn\u00fcgt mit seinem langen R\u00fcssel wieder wegblies. Ein gutes Spiel gegen die Langeweile. Besonders gl\u00fccklich war Abbas, als er die Kamele entdeckte. Kamele mit Migrationshintergrund, wie ihnen der Tiertrainer erkl\u00e4rte. Aufgewachsen in der W\u00fcste. Damit sie sich in Deutschland zu Hause f\u00fchlen, wurden tonnenweise Sand in ihr Gehege gebracht. Ob auch der Sand aus der W\u00fcste kommt \u2013 oder etwa von einem norddeutschen Strand \u2013 lie\u00df sich auf die Schnelle nicht rekonstruieren.<\/p>\n<p>&nbsp;<\/td>\n<\/tr>\n<\/tbody>\n<\/table>\n<\/td>\n<\/tr>\n<\/tbody>\n<\/table>\n<table class=\"x_mcnImageBlock\" border=\"0\" width=\"100%\" cellspacing=\"0\" cellpadding=\"0\">\n<tbody class=\"x_mcnImageBlockOuter\">\n<tr>\n<td class=\"x_mcnImageBlockInner\" valign=\"top\">\n<table class=\"x_mcnImageContentContainer\" border=\"0\" width=\"100%\" cellspacing=\"0\" cellpadding=\"0\" align=\"left\">\n<tbody>\n<tr>\n<td class=\"x_mcnImageContent\" valign=\"top\"><img decoding=\"async\" class=\"x_mcnImage\" src=\"https:\/\/mcusercontent.com\/25b910bd41bcfa802c85dd54f\/images\/95707f82-484f-482d-9f6d-40d3f6694ca3.jpg\" alt=\"\" width=\"564\" align=\"middle\" data-imagetype=\"External\" \/><\/td>\n<\/tr>\n<\/tbody>\n<\/table>\n<\/td>\n<\/tr>\n<\/tbody>\n<\/table>\n<table class=\"x_mcnTextBlock\" border=\"0\" width=\"100%\" cellspacing=\"0\" cellpadding=\"0\">\n<tbody class=\"x_mcnTextBlockOuter\">\n<tr>\n<td class=\"x_mcnTextBlockInner\" valign=\"top\">\n<table class=\"x_mcnTextContentContainer\" border=\"0\" width=\"100%\" cellspacing=\"0\" cellpadding=\"0\" align=\"left\">\n<tbody>\n<tr>\n<td class=\"x_mcnTextContent\" valign=\"top\">\n<h3 class=\"x_null\">G\u00f6ttin Ishtar und die Kunst, sich auszudr\u00fccken<\/h3>\n<p>&nbsp;<\/p>\n<p>Was f\u00fcr ein Aufwand. Das Tor von Ishtar, nachgebaut aus Pappe und Kleister und anderen einfachen Materialien. Gro\u00df genug, als dass man aufrechten Ganges hindurchlaufen kann. Und leuchtend blau wie das Original, das ber\u00fchmte Stadttor von Babylon, das heute wenige Kilometer weiter das Herzst\u00fcck des Pergamon-Museum bildet. Aber das nachgebaute Tor gleicht dem antiken Kunstwerk nicht ganz: Rote Elemente brechen die Muster. \u201eSie stehen f\u00fcr die Schwierigkeiten, mit denen wir konfrontiert sind\u201c, sagt Nahet Mansour, die K\u00fcnstlerin, auf deren Initiative diese Arbeit zur\u00fcckgeht. Nahet Mansour hat vor vier Jahren an der Universit\u00e4t der K\u00fcnste in Berlin das Projekt Fasahat ins Leben gerufen. Seither gehen neu angekommene K\u00fcnstler*innen in die Fl\u00fcchtlings-Unterk\u00fcnfte, um dort Workshops und Ausstellungen zu organisieren. Sie geben den Neuangekommenen R\u00e4ume, um sich auszudr\u00fccken. Amloud Alamir stellt die Arbeit von Fasahat vor. Das <a href=\"https:\/\/amalberlin.us16.list-manage.com\/track\/click?u=25b910bd41bcfa802c85dd54f&amp;id=dc21bc0d8c&amp;e=9bfcfa694b\" target=\"_blank\" rel=\"noopener noreferrer\" data-auth=\"NotApplicable\">Video hat deutsche Untertitel<\/a>.<\/td>\n<\/tr>\n<\/tbody>\n<\/table>\n<\/td>\n<\/tr>\n<\/tbody>\n<\/table>\n<table class=\"x_mcnTextBlock\" border=\"0\" width=\"100%\" cellspacing=\"0\" cellpadding=\"0\">\n<tbody class=\"x_mcnTextBlockOuter\">\n<tr>\n<td class=\"x_mcnTextBlockInner\" valign=\"top\">\n<table class=\"x_mcnTextContentContainer\" border=\"0\" width=\"100%\" cellspacing=\"0\" cellpadding=\"0\" align=\"left\">\n<tbody>\n<tr>\n<td class=\"x_mcnTextContent\" valign=\"top\"><\/td>\n<\/tr>\n<\/tbody>\n<\/table>\n<\/td>\n<\/tr>\n<\/tbody>\n<\/table>\n<table class=\"x_mcnDividerBlock\" border=\"0\" width=\"100%\" cellspacing=\"0\" cellpadding=\"0\">\n<tbody class=\"x_mcnDividerBlockOuter\">\n<tr>\n<td class=\"x_mcnDividerBlockInner\">\n<table class=\"x_mcnDividerContent\" border=\"0\" width=\"100%\" cellspacing=\"0\" cellpadding=\"0\">\n<tbody>\n<tr>\n<td><\/td>\n<\/tr>\n<\/tbody>\n<\/table>\n<\/td>\n<\/tr>\n<\/tbody>\n<\/table>\n<table class=\"x_mcnDividerBlock\" border=\"0\" width=\"100%\" cellspacing=\"0\" cellpadding=\"0\">\n<tbody class=\"x_mcnDividerBlockOuter\">\n<tr>\n<td class=\"x_mcnDividerBlockInner\">\n<table class=\"x_mcnDividerContent\" border=\"0\" width=\"100%\" cellspacing=\"0\" cellpadding=\"0\">\n<tbody>\n<tr>\n<td><\/td>\n<\/tr>\n<\/tbody>\n<\/table>\n<\/td>\n<\/tr>\n<\/tbody>\n<\/table>\n<table class=\"x_mcnDividerBlock\" border=\"0\" width=\"100%\" cellspacing=\"0\" cellpadding=\"0\">\n<tbody class=\"x_mcnDividerBlockOuter\">\n<tr>\n<td class=\"x_mcnDividerBlockInner\">\n<table class=\"x_mcnDividerContent\" border=\"0\" width=\"100%\" cellspacing=\"0\" cellpadding=\"0\">\n<tbody>\n<tr>\n<td><\/td>\n<\/tr>\n<\/tbody>\n<\/table>\n<\/td>\n<\/tr>\n<\/tbody>\n<\/table>\n<table class=\"x_mcnImageCardBlock\" border=\"0\" width=\"100%\" cellspacing=\"0\" cellpadding=\"0\">\n<tbody class=\"x_mcnImageCardBlockOuter\">\n<tr>\n<td class=\"x_mcnImageCardBlockInner\" valign=\"top\">\n<table class=\"x_mcnImageCardBottomContent\" border=\"0\" width=\"100%\" cellspacing=\"0\" cellpadding=\"0\" align=\"left\">\n<tbody>\n<tr>\n<td class=\"x_mcnImageCardBottomImageContent\" align=\"left\" valign=\"top\"><a class=\"\" title=\"\" href=\"https:\/\/amalberlin.us16.list-manage.com\/track\/click?u=25b910bd41bcfa802c85dd54f&amp;id=309fa30449&amp;e=9bfcfa694b\" target=\"_blank\" rel=\"noopener noreferrer\" data-auth=\"NotApplicable\"><img decoding=\"async\" class=\"x_mcnImage\" src=\"https:\/\/mcusercontent.com\/25b910bd41bcfa802c85dd54f\/video_thumbnails_new\/a32c39afa19c17271ef25b9304af9e5d.png\" alt=\"\" width=\"564\" data-imagetype=\"External\" \/> <\/a><\/td>\n<\/tr>\n<tr>\n<td class=\"x_mcnTextContent\" valign=\"top\" width=\"546\"><\/td>\n<\/tr>\n<\/tbody>\n<\/table>\n<\/td>\n<\/tr>\n<\/tbody>\n<\/table>\n<table class=\"x_mcnImageBlock\" border=\"0\" width=\"100%\" cellspacing=\"0\" cellpadding=\"0\">\n<tbody class=\"x_mcnImageBlockOuter\">\n<tr>\n<td class=\"x_mcnImageBlockInner\" valign=\"top\">\n<table class=\"x_mcnImageContentContainer\" border=\"0\" width=\"100%\" cellspacing=\"0\" cellpadding=\"0\" align=\"left\">\n<tbody>\n<tr>\n<td class=\"x_mcnImageContent\" valign=\"top\"><img decoding=\"async\" class=\"x_mcnImage\" src=\"https:\/\/gallery.mailchimp.com\/25b910bd41bcfa802c85dd54f\/images\/7f6defd9-88f5-40b6-9c9a-1f703035712e.jpg\" alt=\"\" width=\"564\" align=\"middle\" data-imagetype=\"External\" \/><\/td>\n<\/tr>\n<\/tbody>\n<\/table>\n<\/td>\n<\/tr>\n<\/tbody>\n<\/table>\n<table class=\"x_mcnTextBlock\" border=\"0\" width=\"100%\" cellspacing=\"0\" cellpadding=\"0\">\n<tbody class=\"x_mcnTextBlockOuter\">\n<tr>\n<td class=\"x_mcnTextBlockInner\" valign=\"top\">\n<table class=\"x_mcnTextContentContainer\" border=\"0\" width=\"100%\" cellspacing=\"0\" cellpadding=\"0\" align=\"left\">\n<tbody>\n<tr>\n<td class=\"x_mcnTextContent\" valign=\"top\"><strong>Amal, Hamburg! berichtet auf Arabisch und Farsi\/Dari \u00fcber alles, was in Hamburg wichtig ist. Gerne \u00fcbersetzen wir einzelne Artikel auch ins Deutsche und stellen sie Redaktionen gegen Honorar zur Verf\u00fcgung.<\/strong><\/p>\n<p>Bitte wenden Sie sich per Mail an:<br \/>\n<strong>info(at)amalhamburg.de<\/strong><\/p>\n<p>Fotos\/Illustration: Jann Wilken, Amloud Alamir<\/td>\n<\/tr>\n<\/tbody>\n<\/table>\n<\/td>\n<\/tr>\n<\/tbody>\n<\/table>\n","protected":false},"excerpt":{"rendered":"<p>Puh, waren wir aufgeregt, heute vor vier Jahren. Noch dreimal schlafen bis zum Start von Amal; bis aus einer verwegenen Idee Wirklichkeit werden sollte. Die Idee sah so aus: Journalistinnen und Journalisten aus Syrien, Afghanistan, Iran und \u00c4gypten w\u00fcrden in Berlin (und sp\u00e4ter dann in anderen St\u00e4dten) eine Nachrichtenplattform aufbauen, um die vielen Gefl\u00fcchteten, die&#8230;  <a class=\"excerpt-read-more\" href=\"https:\/\/amalhamburg.de\/de\/2020\/09\/29\/das-neue-bild-von-amal\/\" title=\"Read Das neue Bild von Amal\">Weiter &raquo;<\/a><\/p>\n","protected":false},"author":10,"featured_media":31654,"comment_status":"closed","ping_status":"open","sticky":false,"template":"","format":"standard","meta":{"_acf_changed":false,"footnotes":""},"categories":[37,156],"tags":[],"class_list":["post-31653","post","type-post","status-publish","format-standard","has-post-thumbnail","hentry","category-unkategorisiert","category-zusammenfassungen"],"acf":[],"yoast_head":"<!-- This site is optimized with the Yoast SEO plugin v27.5 - https:\/\/yoast.com\/product\/yoast-seo-wordpress\/ -->\n<title>Das neue Bild von Amal - Amal, Hamburg!<\/title>\n<meta name=\"robots\" content=\"index, follow, max-snippet:-1, max-image-preview:large, max-video-preview:-1\" \/>\n<link rel=\"canonical\" href=\"https:\/\/amalhamburg.de\/de\/2020\/09\/29\/das-neue-bild-von-amal\/\" \/>\n<meta property=\"og:locale\" content=\"de_DE\" \/>\n<meta property=\"og:type\" content=\"article\" \/>\n<meta property=\"og:title\" content=\"Das neue Bild von Amal - Amal, Hamburg!\" \/>\n<meta property=\"og:description\" content=\"Puh, waren wir aufgeregt, heute vor vier Jahren. Noch dreimal schlafen bis zum Start von Amal; bis aus einer verwegenen Idee Wirklichkeit werden sollte. Die Idee sah so aus: Journalistinnen und Journalisten aus Syrien, Afghanistan, Iran und \u00c4gypten w\u00fcrden in Berlin (und sp\u00e4ter dann in anderen St\u00e4dten) eine Nachrichtenplattform aufbauen, um die vielen Gefl\u00fcchteten, die... Weiter &raquo;\" \/>\n<meta property=\"og:url\" content=\"https:\/\/amalhamburg.de\/de\/2020\/09\/29\/das-neue-bild-von-amal\/\" \/>\n<meta property=\"og:site_name\" content=\"Amal, Hamburg!\" \/>\n<meta property=\"article:published_time\" content=\"2020-09-29T09:53:36+00:00\" \/>\n<meta property=\"article:modified_time\" content=\"2020-10-02T09:05:27+00:00\" \/>\n<meta property=\"og:image\" content=\"https:\/\/amalhamburg.de\/wp-content\/uploads\/sites\/2\/2020\/09\/Team_HH_2020L1000190-scaled.jpeg\" \/>\n\t<meta property=\"og:image:width\" content=\"2560\" \/>\n\t<meta property=\"og:image:height\" content=\"1710\" \/>\n\t<meta property=\"og:image:type\" content=\"image\/jpeg\" \/>\n<meta name=\"author\" content=\"Cornelia Gerlach\" \/>\n<meta name=\"twitter:card\" content=\"summary_large_image\" \/>\n<meta name=\"twitter:label1\" content=\"Verfasst von\" \/>\n\t<meta name=\"twitter:data1\" content=\"Cornelia Gerlach\" \/>\n\t<meta name=\"twitter:label2\" content=\"Gesch\u00e4tzte Lesezeit\" \/>\n\t<meta name=\"twitter:data2\" content=\"6\u00a0Minuten\" \/>\n<script type=\"application\/ld+json\" class=\"yoast-schema-graph\">{\"@context\":\"https:\\\/\\\/schema.org\",\"@graph\":[{\"@type\":\"Article\",\"@id\":\"https:\\\/\\\/amalhamburg.de\\\/de\\\/2020\\\/09\\\/29\\\/das-neue-bild-von-amal\\\/#article\",\"isPartOf\":{\"@id\":\"https:\\\/\\\/amalhamburg.de\\\/de\\\/2020\\\/09\\\/29\\\/das-neue-bild-von-amal\\\/\"},\"author\":{\"name\":\"Cornelia Gerlach\",\"@id\":\"https:\\\/\\\/amalhamburg.de\\\/de\\\/#\\\/schema\\\/person\\\/b38c2d45c0eb9b9e994801d3f87a2247\"},\"headline\":\"Das neue Bild von Amal\",\"datePublished\":\"2020-09-29T09:53:36+00:00\",\"dateModified\":\"2020-10-02T09:05:27+00:00\",\"mainEntityOfPage\":{\"@id\":\"https:\\\/\\\/amalhamburg.de\\\/de\\\/2020\\\/09\\\/29\\\/das-neue-bild-von-amal\\\/\"},\"wordCount\":1132,\"image\":{\"@id\":\"https:\\\/\\\/amalhamburg.de\\\/de\\\/2020\\\/09\\\/29\\\/das-neue-bild-von-amal\\\/#primaryimage\"},\"thumbnailUrl\":\"https:\\\/\\\/amalhamburg.de\\\/wp-content\\\/uploads\\\/sites\\\/2\\\/2020\\\/09\\\/Team_HH_2020L1000190-scaled.jpeg\",\"articleSection\":[\"Unkategorisiert\",\"Unsere Themen der vergangenen Woche\"],\"inLanguage\":\"de\"},{\"@type\":\"WebPage\",\"@id\":\"https:\\\/\\\/amalhamburg.de\\\/de\\\/2020\\\/09\\\/29\\\/das-neue-bild-von-amal\\\/\",\"url\":\"https:\\\/\\\/amalhamburg.de\\\/de\\\/2020\\\/09\\\/29\\\/das-neue-bild-von-amal\\\/\",\"name\":\"Das neue Bild von Amal - Amal, Hamburg!\",\"isPartOf\":{\"@id\":\"https:\\\/\\\/amalhamburg.de\\\/de\\\/#website\"},\"primaryImageOfPage\":{\"@id\":\"https:\\\/\\\/amalhamburg.de\\\/de\\\/2020\\\/09\\\/29\\\/das-neue-bild-von-amal\\\/#primaryimage\"},\"image\":{\"@id\":\"https:\\\/\\\/amalhamburg.de\\\/de\\\/2020\\\/09\\\/29\\\/das-neue-bild-von-amal\\\/#primaryimage\"},\"thumbnailUrl\":\"https:\\\/\\\/amalhamburg.de\\\/wp-content\\\/uploads\\\/sites\\\/2\\\/2020\\\/09\\\/Team_HH_2020L1000190-scaled.jpeg\",\"datePublished\":\"2020-09-29T09:53:36+00:00\",\"dateModified\":\"2020-10-02T09:05:27+00:00\",\"author\":{\"@id\":\"https:\\\/\\\/amalhamburg.de\\\/de\\\/#\\\/schema\\\/person\\\/b38c2d45c0eb9b9e994801d3f87a2247\"},\"breadcrumb\":{\"@id\":\"https:\\\/\\\/amalhamburg.de\\\/de\\\/2020\\\/09\\\/29\\\/das-neue-bild-von-amal\\\/#breadcrumb\"},\"inLanguage\":\"de\",\"potentialAction\":[{\"@type\":\"ReadAction\",\"target\":[\"https:\\\/\\\/amalhamburg.de\\\/de\\\/2020\\\/09\\\/29\\\/das-neue-bild-von-amal\\\/\"]}]},{\"@type\":\"ImageObject\",\"inLanguage\":\"de\",\"@id\":\"https:\\\/\\\/amalhamburg.de\\\/de\\\/2020\\\/09\\\/29\\\/das-neue-bild-von-amal\\\/#primaryimage\",\"url\":\"https:\\\/\\\/amalhamburg.de\\\/wp-content\\\/uploads\\\/sites\\\/2\\\/2020\\\/09\\\/Team_HH_2020L1000190-scaled.jpeg\",\"contentUrl\":\"https:\\\/\\\/amalhamburg.de\\\/wp-content\\\/uploads\\\/sites\\\/2\\\/2020\\\/09\\\/Team_HH_2020L1000190-scaled.jpeg\",\"width\":2560,\"height\":1710,\"caption\":\"Amal Hamburg ! \u2026am 16.September am R\u00f6dingsmarkt in Hamburg\"},{\"@type\":\"BreadcrumbList\",\"@id\":\"https:\\\/\\\/amalhamburg.de\\\/de\\\/2020\\\/09\\\/29\\\/das-neue-bild-von-amal\\\/#breadcrumb\",\"itemListElement\":[{\"@type\":\"ListItem\",\"position\":1,\"name\":\"Home\",\"item\":\"https:\\\/\\\/amalhamburg.de\\\/de\\\/\"},{\"@type\":\"ListItem\",\"position\":2,\"name\":\"Das neue Bild von Amal\"}]},{\"@type\":\"WebSite\",\"@id\":\"https:\\\/\\\/amalhamburg.de\\\/de\\\/#website\",\"url\":\"https:\\\/\\\/amalhamburg.de\\\/de\\\/\",\"name\":\"Amal, Hamburg!\",\"description\":\"\",\"potentialAction\":[{\"@type\":\"SearchAction\",\"target\":{\"@type\":\"EntryPoint\",\"urlTemplate\":\"https:\\\/\\\/amalhamburg.de\\\/de\\\/?s={search_term_string}\"},\"query-input\":{\"@type\":\"PropertyValueSpecification\",\"valueRequired\":true,\"valueName\":\"search_term_string\"}}],\"inLanguage\":\"de\"},{\"@type\":\"Person\",\"@id\":\"https:\\\/\\\/amalhamburg.de\\\/de\\\/#\\\/schema\\\/person\\\/b38c2d45c0eb9b9e994801d3f87a2247\",\"name\":\"Cornelia Gerlach\",\"image\":{\"@type\":\"ImageObject\",\"inLanguage\":\"de\",\"@id\":\"https:\\\/\\\/amalhamburg.de\\\/wp-content\\\/uploads\\\/sites\\\/2\\\/2019\\\/04\\\/aaaCornelia_Gerlach-125x125.jpg\",\"url\":\"https:\\\/\\\/amalhamburg.de\\\/wp-content\\\/uploads\\\/sites\\\/2\\\/2019\\\/04\\\/aaaCornelia_Gerlach-125x125.jpg\",\"contentUrl\":\"https:\\\/\\\/amalhamburg.de\\\/wp-content\\\/uploads\\\/sites\\\/2\\\/2019\\\/04\\\/aaaCornelia_Gerlach-125x125.jpg\",\"caption\":\"Cornelia Gerlach\"},\"description\":\"Cornelia Gerlach ist Projektleiterin bei Amal, Berlin! Daneben arbeitet sie als freie Journalistin und Dozentin f\u00fcr Reportage und Storytelling.\",\"url\":\"https:\\\/\\\/amalhamburg.de\\\/de\\\/author\\\/conny\\\/\"}]}<\/script>\n<!-- \/ Yoast SEO plugin. -->","yoast_head_json":{"title":"Das neue Bild von Amal - Amal, Hamburg!","robots":{"index":"index","follow":"follow","max-snippet":"max-snippet:-1","max-image-preview":"max-image-preview:large","max-video-preview":"max-video-preview:-1"},"canonical":"https:\/\/amalhamburg.de\/de\/2020\/09\/29\/das-neue-bild-von-amal\/","og_locale":"de_DE","og_type":"article","og_title":"Das neue Bild von Amal - Amal, Hamburg!","og_description":"Puh, waren wir aufgeregt, heute vor vier Jahren. Noch dreimal schlafen bis zum Start von Amal; bis aus einer verwegenen Idee Wirklichkeit werden sollte. Die Idee sah so aus: Journalistinnen und Journalisten aus Syrien, Afghanistan, Iran und \u00c4gypten w\u00fcrden in Berlin (und sp\u00e4ter dann in anderen St\u00e4dten) eine Nachrichtenplattform aufbauen, um die vielen Gefl\u00fcchteten, die... Weiter &raquo;","og_url":"https:\/\/amalhamburg.de\/de\/2020\/09\/29\/das-neue-bild-von-amal\/","og_site_name":"Amal, Hamburg!","article_published_time":"2020-09-29T09:53:36+00:00","article_modified_time":"2020-10-02T09:05:27+00:00","og_image":[{"width":2560,"height":1710,"url":"https:\/\/amalhamburg.de\/wp-content\/uploads\/sites\/2\/2020\/09\/Team_HH_2020L1000190-scaled.jpeg","type":"image\/jpeg"}],"author":"Cornelia Gerlach","twitter_card":"summary_large_image","twitter_misc":{"Verfasst von":"Cornelia Gerlach","Gesch\u00e4tzte Lesezeit":"6\u00a0Minuten"},"schema":{"@context":"https:\/\/schema.org","@graph":[{"@type":"Article","@id":"https:\/\/amalhamburg.de\/de\/2020\/09\/29\/das-neue-bild-von-amal\/#article","isPartOf":{"@id":"https:\/\/amalhamburg.de\/de\/2020\/09\/29\/das-neue-bild-von-amal\/"},"author":{"name":"Cornelia Gerlach","@id":"https:\/\/amalhamburg.de\/de\/#\/schema\/person\/b38c2d45c0eb9b9e994801d3f87a2247"},"headline":"Das neue Bild von Amal","datePublished":"2020-09-29T09:53:36+00:00","dateModified":"2020-10-02T09:05:27+00:00","mainEntityOfPage":{"@id":"https:\/\/amalhamburg.de\/de\/2020\/09\/29\/das-neue-bild-von-amal\/"},"wordCount":1132,"image":{"@id":"https:\/\/amalhamburg.de\/de\/2020\/09\/29\/das-neue-bild-von-amal\/#primaryimage"},"thumbnailUrl":"https:\/\/amalhamburg.de\/wp-content\/uploads\/sites\/2\/2020\/09\/Team_HH_2020L1000190-scaled.jpeg","articleSection":["Unkategorisiert","Unsere Themen der vergangenen Woche"],"inLanguage":"de"},{"@type":"WebPage","@id":"https:\/\/amalhamburg.de\/de\/2020\/09\/29\/das-neue-bild-von-amal\/","url":"https:\/\/amalhamburg.de\/de\/2020\/09\/29\/das-neue-bild-von-amal\/","name":"Das neue Bild von Amal - Amal, Hamburg!","isPartOf":{"@id":"https:\/\/amalhamburg.de\/de\/#website"},"primaryImageOfPage":{"@id":"https:\/\/amalhamburg.de\/de\/2020\/09\/29\/das-neue-bild-von-amal\/#primaryimage"},"image":{"@id":"https:\/\/amalhamburg.de\/de\/2020\/09\/29\/das-neue-bild-von-amal\/#primaryimage"},"thumbnailUrl":"https:\/\/amalhamburg.de\/wp-content\/uploads\/sites\/2\/2020\/09\/Team_HH_2020L1000190-scaled.jpeg","datePublished":"2020-09-29T09:53:36+00:00","dateModified":"2020-10-02T09:05:27+00:00","author":{"@id":"https:\/\/amalhamburg.de\/de\/#\/schema\/person\/b38c2d45c0eb9b9e994801d3f87a2247"},"breadcrumb":{"@id":"https:\/\/amalhamburg.de\/de\/2020\/09\/29\/das-neue-bild-von-amal\/#breadcrumb"},"inLanguage":"de","potentialAction":[{"@type":"ReadAction","target":["https:\/\/amalhamburg.de\/de\/2020\/09\/29\/das-neue-bild-von-amal\/"]}]},{"@type":"ImageObject","inLanguage":"de","@id":"https:\/\/amalhamburg.de\/de\/2020\/09\/29\/das-neue-bild-von-amal\/#primaryimage","url":"https:\/\/amalhamburg.de\/wp-content\/uploads\/sites\/2\/2020\/09\/Team_HH_2020L1000190-scaled.jpeg","contentUrl":"https:\/\/amalhamburg.de\/wp-content\/uploads\/sites\/2\/2020\/09\/Team_HH_2020L1000190-scaled.jpeg","width":2560,"height":1710,"caption":"Amal Hamburg ! \u2026am 16.September am R\u00f6dingsmarkt in Hamburg"},{"@type":"BreadcrumbList","@id":"https:\/\/amalhamburg.de\/de\/2020\/09\/29\/das-neue-bild-von-amal\/#breadcrumb","itemListElement":[{"@type":"ListItem","position":1,"name":"Home","item":"https:\/\/amalhamburg.de\/de\/"},{"@type":"ListItem","position":2,"name":"Das neue Bild von Amal"}]},{"@type":"WebSite","@id":"https:\/\/amalhamburg.de\/de\/#website","url":"https:\/\/amalhamburg.de\/de\/","name":"Amal, Hamburg!","description":"","potentialAction":[{"@type":"SearchAction","target":{"@type":"EntryPoint","urlTemplate":"https:\/\/amalhamburg.de\/de\/?s={search_term_string}"},"query-input":{"@type":"PropertyValueSpecification","valueRequired":true,"valueName":"search_term_string"}}],"inLanguage":"de"},{"@type":"Person","@id":"https:\/\/amalhamburg.de\/de\/#\/schema\/person\/b38c2d45c0eb9b9e994801d3f87a2247","name":"Cornelia Gerlach","image":{"@type":"ImageObject","inLanguage":"de","@id":"https:\/\/amalhamburg.de\/wp-content\/uploads\/sites\/2\/2019\/04\/aaaCornelia_Gerlach-125x125.jpg","url":"https:\/\/amalhamburg.de\/wp-content\/uploads\/sites\/2\/2019\/04\/aaaCornelia_Gerlach-125x125.jpg","contentUrl":"https:\/\/amalhamburg.de\/wp-content\/uploads\/sites\/2\/2019\/04\/aaaCornelia_Gerlach-125x125.jpg","caption":"Cornelia Gerlach"},"description":"Cornelia Gerlach ist Projektleiterin bei Amal, Berlin! Daneben arbeitet sie als freie Journalistin und Dozentin f\u00fcr Reportage und Storytelling.","url":"https:\/\/amalhamburg.de\/de\/author\/conny\/"}]}},"_links":{"self":[{"href":"https:\/\/amalhamburg.de\/de\/wp-json\/wp\/v2\/posts\/31653","targetHints":{"allow":["GET"]}}],"collection":[{"href":"https:\/\/amalhamburg.de\/de\/wp-json\/wp\/v2\/posts"}],"about":[{"href":"https:\/\/amalhamburg.de\/de\/wp-json\/wp\/v2\/types\/post"}],"author":[{"embeddable":true,"href":"https:\/\/amalhamburg.de\/de\/wp-json\/wp\/v2\/users\/10"}],"replies":[{"embeddable":true,"href":"https:\/\/amalhamburg.de\/de\/wp-json\/wp\/v2\/comments?post=31653"}],"version-history":[{"count":2,"href":"https:\/\/amalhamburg.de\/de\/wp-json\/wp\/v2\/posts\/31653\/revisions"}],"predecessor-version":[{"id":31659,"href":"https:\/\/amalhamburg.de\/de\/wp-json\/wp\/v2\/posts\/31653\/revisions\/31659"}],"wp:featuredmedia":[{"embeddable":true,"href":"https:\/\/amalhamburg.de\/de\/wp-json\/wp\/v2\/media\/31654"}],"wp:attachment":[{"href":"https:\/\/amalhamburg.de\/de\/wp-json\/wp\/v2\/media?parent=31653"}],"wp:term":[{"taxonomy":"category","embeddable":true,"href":"https:\/\/amalhamburg.de\/de\/wp-json\/wp\/v2\/categories?post=31653"},{"taxonomy":"post_tag","embeddable":true,"href":"https:\/\/amalhamburg.de\/de\/wp-json\/wp\/v2\/tags?post=31653"}],"curies":[{"name":"wp","href":"https:\/\/api.w.org\/{rel}","templated":true}]}}