{"id":28342,"date":"2020-07-20T10:15:38","date_gmt":"2020-07-20T08:15:38","guid":{"rendered":"https:\/\/amalhamburg.de\/2020\/07\/20\/therapieangebot-fuer-medien-mit-schieflage-2\/"},"modified":"2024-02-22T09:38:33","modified_gmt":"2024-02-22T08:38:33","slug":"therapieangebot-fuer-medien-mit-schieflage-2","status":"publish","type":"post","link":"https:\/\/amalhamburg.de\/de\/2020\/07\/20\/therapieangebot-fuer-medien-mit-schieflage-2\/","title":{"rendered":"Therapieangebot f\u00fcr Medien mit Schieflage"},"content":{"rendered":"<p>Mitten im Sommerloch haben wir die Ehre, den bekannten afghanischen Musiker Shakib Mosadegh als Gast im Amal Salon zu begr\u00fc\u00dfen. Nilab Langar wird den S\u00e4nger, der schon bei vielen Konzerten und Festivals dabei war, exklusiv begr\u00fc\u00dfen. Damit geht der Amal Salon in die dritte Runde. Diese Extratour wurde m\u00f6glich gemacht durch den Journalism Emergency Relief Fund von Google. Zu erleben ist der Auftritt morgen, also am Donnerstag, 16. Juli ab 19 Uhr <a href=\"https:\/\/amalberlin.us16.list-manage.com\/track\/click?u=25b910bd41bcfa802c85dd54f&amp;id=35e9e231ce&amp;e=9bfcfa694b\" target=\"_blank\" rel=\"noopener noreferrer\" data-auth=\"NotApplicable\">hier auf Facebook. <\/a><\/p>\n<h4>Die Unsichtbaren<\/h4>\n<p>Vergangene Woche ver\u00f6ffentlichte der Mediendienst Integration eine Studie zu Migrant*innen in Deutschen Medien. Der Titel spiegel schon die niderschmetternden Ergebnisse: &#8222;Die Unsichtbaren&#8220;. Khalid Alaboud hat f\u00fcr Amal <a href=\"https:\/\/amalberlin.us16.list-manage.com\/track\/click?u=25b910bd41bcfa802c85dd54f&amp;id=c91a504b0d&amp;e=9bfcfa694b\" target=\"_blank\" rel=\"noopener noreferrer\" data-auth=\"NotApplicable\">\u00fcber die Studie berichtet.<\/a> Untersucht wurden die Hauptnachrichten und Boulevardmagazine der acht reichweitenst\u00e4rksten bundesweiten Fernsehsender sowie von f\u00fcnf auflagenstarken bundesweiten Tageszeitungen. Ergebnis: Ein Viertel aller Artikel \u00fcber Migranten in Deutschland handelt von Menschen, die vielleicht oder tats\u00e4chlich Verbrechen begangen haben. Nur 2,9 Prozent der Artikel handeln von Situationen, in denen Migranten Opfer von Gewalt wurden. Nur bei einem Achtel der Beitr\u00e4ge kommen Migranten selbst zu Wort. Und: Erfolgsgeschichten fehlen fast ganz.<\/p>\n<p>F\u00fcr Redaktionen, die an dieser Schieflage etwas \u00e4ndern wollen, bieten wir gute Themen, spannende Artikel, kr\u00e4ftige Kommentare, authentische Videos und super qualifizierte und motivierte Mitarbeiter*innen, die gerne Ihre Redaktion verst\u00e4rken. Schreiben Sie einfach an <a href=\"mailto:info@amalhamburg.de\" target=\"_blank\" rel=\"noopener noreferrer\" data-auth=\"NotApplicable\">info@amalberlin.de<\/a>. Die Ergebnisse der Studie werden uns heute durch diesen Newsletter geleiten.<\/p>\n<h4>Ein Viertel aller Artikel \u00fcber Migranten in Deutschland handelt von Menschen, die vielleicht oder tats\u00e4chlich Verbrechen begangen haben<\/h4>\n<p>Da h\u00e4tten wir diese Woche einen <a href=\"https:\/\/amalberlin.us16.list-manage.com\/track\/click?u=25b910bd41bcfa802c85dd54f&amp;id=d05f327e25&amp;e=9bfcfa694b\" target=\"_blank\" rel=\"noopener noreferrer\" data-auth=\"NotApplicable\">Artikel \u00fcber einen Spion im Bundeskanzleramt<\/a>. Ein Migrant mit \u00e4gyptischen Wurzeln steht im Verdacht, \u00fcber Jahre f\u00fcr den \u00e4gyptischen Geheimdienst gearbeitet zu haben. Zugegeben, die Geschichte haben wir nicht selbst recherchiert, sondern berichten \u00fcber einen Bericht aus der Bildzeitung. Darin hei\u00dft es, der \u00e4gyptische Geheimdienst spioniere unter anderem deshalb in Deutschland, um in Deutschland lebende Gegner des \u00e4gyptischen Pr\u00e4sidenten Abd al-Fattah as-Sisi zu beobachten. Der Job ist jetzt erstmal vakant.<\/p>\n<h4>Nur 2,9 Prozent der Artikel handeln von Situationen, in denen Migranten Opfer von Gewalt wurden<\/h4>\n<p>Mehrfach haben wir in den vergangenen Wochen berichtet, dass es in der Corona-Krise zunehmend zu h\u00e4uslicher Gewalt gekommen ist. Das gilt f\u00fcr Deutschland insgesamt, und es ist davon auszugehen, dass es in arabischen, afghanischen und iranischen Familien hier nicht wesentlich anders zugeht als in anderen Familien. Der Hamburger Verein Bin ev. hat jetzt ein neues Seminar f\u00fcr Multiplikatorinnen aus der afghanischen Community entwickelt. Ziel ist ein neues Selbstbewusstsein und die Kraft, sich durchzusetzen. Ein Thema sind dabei die Frauenrechte. Auf lange Sicht k\u00f6nnte das Programm dazu beitragen, auch das Schweigen zur h\u00e4uslichen Gewalt zu verringern. \u201eAfghan* MUT= Multiplikator*innen Schulungen f\u00fcr Afghanische Frauen\u201c hei\u00dft das Programm. Nilab Langar hat vorab mit den Organisatorinnen gesprochen. Zum <a href=\"https:\/\/amalberlin.us16.list-manage.com\/track\/click?u=25b910bd41bcfa802c85dd54f&amp;id=4fcdc52f86&amp;e=9bfcfa694b\" target=\"_blank\" rel=\"noopener noreferrer\" data-auth=\"NotApplicable\">Artikel auf Farsi geht es hier.<\/a><\/p>\n<h4>Nur bei einem Achtel der Beitr\u00e4ge kommen Migranten selbst zu Wort<\/h4>\n<p>Diese Zahl ist nun echt mickrig. Sie liegt auch darin begr\u00fcndet liegt, das Migrant*innen in diesem Land nicht so viel zu sagen haben. Und, dass ihnen oft nicht zugeh\u00f6rt wird. Das Zuh\u00f6ren und H\u00f6rbarmachen ist m\u00fchsam (Stichwort Sprache). In gar nicht mal so wenig F\u00e4llen fehlt den Betroffenen aber auch die Energie, mit anderen zu reden. Sie ziehen sich zur\u00fcck, igeln sich ein. Leiden an Depressionen. Die Wunden aus der Flucht und die H\u00e4rten des Neuanfangs pr\u00e4gen das emotionale Leben im Exil. Warum gehen die Leute dann nicht zum Psychologen? Gute Frage. Amal-Reporter Jalal Hussaini hat mit Dr. Mina Orang von der International Psychosocial Organisation IPSO dar\u00fcber gesprochen. Die Expertin zeigt auf, woran man Depressionen erkennt und warum es wichtig ist, sich Hilfe zu holen. Sich jemanden zu suchen, der einem zuh\u00f6rt, ist dabei ein guter erster Schritt.<\/p>\n<h4>Erfolgsgeschichten fehlen fast ganz.<\/h4>\n<p>\u201eSie kam in ein Land, das nicht ihre Sprache spricht\u201c, schreibt Samah Al-Shagdari in ihrem Portr\u00e4t einer kurdischen Frau, die in Hamburg viel bewegt hat. Ein Zitat, das ber\u00fchrt. Wie oft haben wir in den vergangenen Jahren so ganz andere S\u00e4tze geh\u00f6rt und gesagt, S\u00e4tze wie: \u201eIhr m\u00fcsst endlich die Sprache lernen.\u201c Oder: \u201eOhne Deutschkenntnisse kriegst Du hier nie einen Job.\u201c Der Satz \u201eSie kam in ein Land, das nicht ihre Sprache spricht\u201c l\u00e4dt ein zum Perspektivwechsel. <a href=\"https:\/\/amalberlin.us16.list-manage.com\/track\/click?u=25b910bd41bcfa802c85dd54f&amp;id=965c71a543&amp;e=9bfcfa694b\" target=\"_blank\" rel=\"noopener noreferrer\" data-auth=\"NotApplicable\">In ihrem Artikel erz\u00e4hlt unsere jemenitische Kolumnistin<\/a> von einer Elektro-Ingenieurin, die dem Tod schon mehrmals von der Schippe gesprungen ist. Erst vor vielen Jahren bei der Flucht aus dem Irak. Sp\u00e4ter, als sie Krebs bekam. Und immer wieder hat sie sich aufgerafft und anderen geholfen, dass das Land, das ihre Sprache nicht spricht, dann doch zu ihrem Land geworden ist.<\/p>\n<h4>Jede Ver\u00e4nderung beginnt mit einem ersten Schritt.<\/h4>\n<p>Und jeder Schritt z\u00e4hlt. Mit dem Weltfl\u00fcchtlingstag hat das UNHCR eine neue Kampagne gestartet. Jede und jeder ist aufgerufen, die eigenen Schritte zu z\u00e4hlen und auf einer gemeinsamen Webseite zu registrieren. Ziel ist, bis Ende August 20 Millionen Kilometer zu laufen \u2013 gemeinsam in einem gro\u00dfen Marsch, an dem sich \u00fcberall auf der Welt Menschen beteiligen. 20 Millionen Kilometer \u2013 das ist die Strecke, die Fl\u00fcchtlinge weltweit jedes Jahr zur\u00fccklegen, um eine sichere Zukunft zu suchen. Zu dem <a href=\"https:\/\/amalberlin.us16.list-manage.com\/track\/click?u=25b910bd41bcfa802c85dd54f&amp;id=1e5fcd0a6a&amp;e=9bfcfa694b\" target=\"_blank\" rel=\"noopener noreferrer\" data-auth=\"NotApplicable\">Video von Amloud Alamir<\/a> (mit deutschen Untertiteln) \u00fcber die Kampagne kommen Sie hier, zu der <a href=\"https:\/\/amalberlin.us16.list-manage.com\/track\/click?u=25b910bd41bcfa802c85dd54f&amp;id=1a1a07a975&amp;e=9bfcfa694b\" target=\"_blank\" rel=\"noopener noreferrer\" data-auth=\"NotApplicable\">Kampagne des UNHCR geht es hier.<\/a><\/p>\n<p>Foto: Wikipedia<\/p>\n","protected":false},"excerpt":{"rendered":"<p>Mitten im Sommerloch haben wir die Ehre, den bekannten afghanischen Musiker Shakib Mosadegh als Gast im Amal Salon zu begr\u00fc\u00dfen. Nilab Langar wird den S\u00e4nger, der schon bei vielen Konzerten und Festivals dabei war, exklusiv begr\u00fc\u00dfen. Damit geht der Amal Salon in die dritte Runde. Diese Extratour wurde m\u00f6glich gemacht durch den Journalism Emergency Relief&#8230;  <a class=\"excerpt-read-more\" href=\"https:\/\/amalhamburg.de\/de\/2020\/07\/20\/therapieangebot-fuer-medien-mit-schieflage-2\/\" title=\"Read Therapieangebot f\u00fcr Medien mit Schieflage\">Weiter &raquo;<\/a><\/p>\n","protected":false},"author":10,"featured_media":28335,"comment_status":"closed","ping_status":"open","sticky":false,"template":"","format":"standard","meta":{"_acf_changed":false,"footnotes":""},"categories":[7760,156],"tags":[3093],"class_list":["post-28342","post","type-post","status-publish","format-standard","has-post-thumbnail","hentry","category-themen-diese-woche","category-zusammenfassungen","tag-salon-musiker-afghane"],"acf":[],"yoast_head":"<!-- This site is optimized with the Yoast SEO plugin v27.5 - https:\/\/yoast.com\/product\/yoast-seo-wordpress\/ -->\n<title>Therapieangebot f\u00fcr Medien mit Schieflage - Amal, Hamburg!<\/title>\n<meta name=\"robots\" content=\"index, follow, max-snippet:-1, max-image-preview:large, max-video-preview:-1\" \/>\n<link rel=\"canonical\" href=\"https:\/\/amalhamburg.de\/de\/2020\/07\/20\/therapieangebot-fuer-medien-mit-schieflage-2\/\" \/>\n<meta property=\"og:locale\" content=\"de_DE\" \/>\n<meta property=\"og:type\" content=\"article\" \/>\n<meta property=\"og:title\" content=\"Therapieangebot f\u00fcr Medien mit Schieflage - Amal, Hamburg!\" \/>\n<meta property=\"og:description\" content=\"Mitten im Sommerloch haben wir die Ehre, den bekannten afghanischen Musiker Shakib Mosadegh als Gast im Amal Salon zu begr\u00fc\u00dfen. Nilab Langar wird den S\u00e4nger, der schon bei vielen Konzerten und Festivals dabei war, exklusiv begr\u00fc\u00dfen. Damit geht der Amal Salon in die dritte Runde. Diese Extratour wurde m\u00f6glich gemacht durch den Journalism Emergency Relief... Weiter &raquo;\" \/>\n<meta property=\"og:url\" content=\"https:\/\/amalhamburg.de\/de\/2020\/07\/20\/therapieangebot-fuer-medien-mit-schieflage-2\/\" \/>\n<meta property=\"og:site_name\" content=\"Amal, Hamburg!\" \/>\n<meta property=\"article:published_time\" content=\"2020-07-20T08:15:38+00:00\" \/>\n<meta property=\"article:modified_time\" content=\"2024-02-22T08:38:33+00:00\" \/>\n<meta property=\"og:image\" content=\"https:\/\/amalhamburg.de\/wp-content\/uploads\/sites\/2\/2020\/07\/c89a1281-4425-443c-b997-6a376faf30c0-scaled.jpg\" \/>\n\t<meta property=\"og:image:width\" content=\"1\" \/>\n\t<meta property=\"og:image:height\" content=\"1\" \/>\n\t<meta property=\"og:image:type\" content=\"image\/jpeg\" \/>\n<meta name=\"author\" content=\"Cornelia Gerlach\" \/>\n<meta name=\"twitter:card\" content=\"summary_large_image\" \/>\n<meta name=\"twitter:label1\" content=\"Verfasst von\" \/>\n\t<meta name=\"twitter:data1\" content=\"Cornelia Gerlach\" \/>\n\t<meta name=\"twitter:label2\" content=\"Gesch\u00e4tzte Lesezeit\" \/>\n\t<meta name=\"twitter:data2\" content=\"5\u00a0Minuten\" \/>\n<script type=\"application\/ld+json\" class=\"yoast-schema-graph\">{\"@context\":\"https:\\\/\\\/schema.org\",\"@graph\":[{\"@type\":\"Article\",\"@id\":\"https:\\\/\\\/amalhamburg.de\\\/de\\\/2020\\\/07\\\/20\\\/therapieangebot-fuer-medien-mit-schieflage-2\\\/#article\",\"isPartOf\":{\"@id\":\"https:\\\/\\\/amalhamburg.de\\\/de\\\/2020\\\/07\\\/20\\\/therapieangebot-fuer-medien-mit-schieflage-2\\\/\"},\"author\":{\"name\":\"Cornelia Gerlach\",\"@id\":\"https:\\\/\\\/amalhamburg.de\\\/de\\\/#\\\/schema\\\/person\\\/b38c2d45c0eb9b9e994801d3f87a2247\"},\"headline\":\"Therapieangebot f\u00fcr Medien mit Schieflage\",\"datePublished\":\"2020-07-20T08:15:38+00:00\",\"dateModified\":\"2024-02-22T08:38:33+00:00\",\"mainEntityOfPage\":{\"@id\":\"https:\\\/\\\/amalhamburg.de\\\/de\\\/2020\\\/07\\\/20\\\/therapieangebot-fuer-medien-mit-schieflage-2\\\/\"},\"wordCount\":905,\"image\":{\"@id\":\"https:\\\/\\\/amalhamburg.de\\\/de\\\/2020\\\/07\\\/20\\\/therapieangebot-fuer-medien-mit-schieflage-2\\\/#primaryimage\"},\"thumbnailUrl\":\"https:\\\/\\\/amalhamburg.de\\\/wp-content\\\/uploads\\\/sites\\\/2\\\/2020\\\/07\\\/c89a1281-4425-443c-b997-6a376faf30c0-scaled.jpg\",\"keywords\":[\"Salon Musiker Afghane\"],\"articleSection\":[\"Themen diese Woche\",\"Unsere Themen der vergangenen Woche\"],\"inLanguage\":\"de\"},{\"@type\":\"WebPage\",\"@id\":\"https:\\\/\\\/amalhamburg.de\\\/de\\\/2020\\\/07\\\/20\\\/therapieangebot-fuer-medien-mit-schieflage-2\\\/\",\"url\":\"https:\\\/\\\/amalhamburg.de\\\/de\\\/2020\\\/07\\\/20\\\/therapieangebot-fuer-medien-mit-schieflage-2\\\/\",\"name\":\"Therapieangebot f\u00fcr Medien mit Schieflage - Amal, Hamburg!\",\"isPartOf\":{\"@id\":\"https:\\\/\\\/amalhamburg.de\\\/de\\\/#website\"},\"primaryImageOfPage\":{\"@id\":\"https:\\\/\\\/amalhamburg.de\\\/de\\\/2020\\\/07\\\/20\\\/therapieangebot-fuer-medien-mit-schieflage-2\\\/#primaryimage\"},\"image\":{\"@id\":\"https:\\\/\\\/amalhamburg.de\\\/de\\\/2020\\\/07\\\/20\\\/therapieangebot-fuer-medien-mit-schieflage-2\\\/#primaryimage\"},\"thumbnailUrl\":\"https:\\\/\\\/amalhamburg.de\\\/wp-content\\\/uploads\\\/sites\\\/2\\\/2020\\\/07\\\/c89a1281-4425-443c-b997-6a376faf30c0-scaled.jpg\",\"datePublished\":\"2020-07-20T08:15:38+00:00\",\"dateModified\":\"2024-02-22T08:38:33+00:00\",\"author\":{\"@id\":\"https:\\\/\\\/amalhamburg.de\\\/de\\\/#\\\/schema\\\/person\\\/b38c2d45c0eb9b9e994801d3f87a2247\"},\"breadcrumb\":{\"@id\":\"https:\\\/\\\/amalhamburg.de\\\/de\\\/2020\\\/07\\\/20\\\/therapieangebot-fuer-medien-mit-schieflage-2\\\/#breadcrumb\"},\"inLanguage\":\"de\",\"potentialAction\":[{\"@type\":\"ReadAction\",\"target\":[\"https:\\\/\\\/amalhamburg.de\\\/de\\\/2020\\\/07\\\/20\\\/therapieangebot-fuer-medien-mit-schieflage-2\\\/\"]}]},{\"@type\":\"ImageObject\",\"inLanguage\":\"de\",\"@id\":\"https:\\\/\\\/amalhamburg.de\\\/de\\\/2020\\\/07\\\/20\\\/therapieangebot-fuer-medien-mit-schieflage-2\\\/#primaryimage\",\"url\":\"https:\\\/\\\/amalhamburg.de\\\/wp-content\\\/uploads\\\/sites\\\/2\\\/2020\\\/07\\\/c89a1281-4425-443c-b997-6a376faf30c0-scaled.jpg\",\"contentUrl\":\"https:\\\/\\\/amalhamburg.de\\\/wp-content\\\/uploads\\\/sites\\\/2\\\/2020\\\/07\\\/c89a1281-4425-443c-b997-6a376faf30c0-scaled.jpg\"},{\"@type\":\"BreadcrumbList\",\"@id\":\"https:\\\/\\\/amalhamburg.de\\\/de\\\/2020\\\/07\\\/20\\\/therapieangebot-fuer-medien-mit-schieflage-2\\\/#breadcrumb\",\"itemListElement\":[{\"@type\":\"ListItem\",\"position\":1,\"name\":\"Home\",\"item\":\"https:\\\/\\\/amalhamburg.de\\\/de\\\/\"},{\"@type\":\"ListItem\",\"position\":2,\"name\":\"Therapieangebot f\u00fcr Medien mit Schieflage\"}]},{\"@type\":\"WebSite\",\"@id\":\"https:\\\/\\\/amalhamburg.de\\\/de\\\/#website\",\"url\":\"https:\\\/\\\/amalhamburg.de\\\/de\\\/\",\"name\":\"Amal, Hamburg!\",\"description\":\"\",\"potentialAction\":[{\"@type\":\"SearchAction\",\"target\":{\"@type\":\"EntryPoint\",\"urlTemplate\":\"https:\\\/\\\/amalhamburg.de\\\/de\\\/?s={search_term_string}\"},\"query-input\":{\"@type\":\"PropertyValueSpecification\",\"valueRequired\":true,\"valueName\":\"search_term_string\"}}],\"inLanguage\":\"de\"},{\"@type\":\"Person\",\"@id\":\"https:\\\/\\\/amalhamburg.de\\\/de\\\/#\\\/schema\\\/person\\\/b38c2d45c0eb9b9e994801d3f87a2247\",\"name\":\"Cornelia Gerlach\",\"image\":{\"@type\":\"ImageObject\",\"inLanguage\":\"de\",\"@id\":\"https:\\\/\\\/amalhamburg.de\\\/wp-content\\\/uploads\\\/sites\\\/2\\\/2019\\\/04\\\/aaaCornelia_Gerlach-125x125.jpg\",\"url\":\"https:\\\/\\\/amalhamburg.de\\\/wp-content\\\/uploads\\\/sites\\\/2\\\/2019\\\/04\\\/aaaCornelia_Gerlach-125x125.jpg\",\"contentUrl\":\"https:\\\/\\\/amalhamburg.de\\\/wp-content\\\/uploads\\\/sites\\\/2\\\/2019\\\/04\\\/aaaCornelia_Gerlach-125x125.jpg\",\"caption\":\"Cornelia Gerlach\"},\"description\":\"Cornelia Gerlach ist Projektleiterin bei Amal, Berlin! Daneben arbeitet sie als freie Journalistin und Dozentin f\u00fcr Reportage und Storytelling.\",\"url\":\"https:\\\/\\\/amalhamburg.de\\\/de\\\/author\\\/conny\\\/\"}]}<\/script>\n<!-- \/ Yoast SEO plugin. -->","yoast_head_json":{"title":"Therapieangebot f\u00fcr Medien mit Schieflage - Amal, Hamburg!","robots":{"index":"index","follow":"follow","max-snippet":"max-snippet:-1","max-image-preview":"max-image-preview:large","max-video-preview":"max-video-preview:-1"},"canonical":"https:\/\/amalhamburg.de\/de\/2020\/07\/20\/therapieangebot-fuer-medien-mit-schieflage-2\/","og_locale":"de_DE","og_type":"article","og_title":"Therapieangebot f\u00fcr Medien mit Schieflage - Amal, Hamburg!","og_description":"Mitten im Sommerloch haben wir die Ehre, den bekannten afghanischen Musiker Shakib Mosadegh als Gast im Amal Salon zu begr\u00fc\u00dfen. Nilab Langar wird den S\u00e4nger, der schon bei vielen Konzerten und Festivals dabei war, exklusiv begr\u00fc\u00dfen. Damit geht der Amal Salon in die dritte Runde. Diese Extratour wurde m\u00f6glich gemacht durch den Journalism Emergency Relief... Weiter &raquo;","og_url":"https:\/\/amalhamburg.de\/de\/2020\/07\/20\/therapieangebot-fuer-medien-mit-schieflage-2\/","og_site_name":"Amal, Hamburg!","article_published_time":"2020-07-20T08:15:38+00:00","article_modified_time":"2024-02-22T08:38:33+00:00","og_image":[{"url":"https:\/\/amalhamburg.de\/wp-content\/uploads\/sites\/2\/2020\/07\/c89a1281-4425-443c-b997-6a376faf30c0-scaled.jpg","width":1,"height":1,"type":"image\/jpeg"}],"author":"Cornelia Gerlach","twitter_card":"summary_large_image","twitter_misc":{"Verfasst von":"Cornelia Gerlach","Gesch\u00e4tzte Lesezeit":"5\u00a0Minuten"},"schema":{"@context":"https:\/\/schema.org","@graph":[{"@type":"Article","@id":"https:\/\/amalhamburg.de\/de\/2020\/07\/20\/therapieangebot-fuer-medien-mit-schieflage-2\/#article","isPartOf":{"@id":"https:\/\/amalhamburg.de\/de\/2020\/07\/20\/therapieangebot-fuer-medien-mit-schieflage-2\/"},"author":{"name":"Cornelia Gerlach","@id":"https:\/\/amalhamburg.de\/de\/#\/schema\/person\/b38c2d45c0eb9b9e994801d3f87a2247"},"headline":"Therapieangebot f\u00fcr Medien mit Schieflage","datePublished":"2020-07-20T08:15:38+00:00","dateModified":"2024-02-22T08:38:33+00:00","mainEntityOfPage":{"@id":"https:\/\/amalhamburg.de\/de\/2020\/07\/20\/therapieangebot-fuer-medien-mit-schieflage-2\/"},"wordCount":905,"image":{"@id":"https:\/\/amalhamburg.de\/de\/2020\/07\/20\/therapieangebot-fuer-medien-mit-schieflage-2\/#primaryimage"},"thumbnailUrl":"https:\/\/amalhamburg.de\/wp-content\/uploads\/sites\/2\/2020\/07\/c89a1281-4425-443c-b997-6a376faf30c0-scaled.jpg","keywords":["Salon Musiker Afghane"],"articleSection":["Themen diese Woche","Unsere Themen der vergangenen Woche"],"inLanguage":"de"},{"@type":"WebPage","@id":"https:\/\/amalhamburg.de\/de\/2020\/07\/20\/therapieangebot-fuer-medien-mit-schieflage-2\/","url":"https:\/\/amalhamburg.de\/de\/2020\/07\/20\/therapieangebot-fuer-medien-mit-schieflage-2\/","name":"Therapieangebot f\u00fcr Medien mit Schieflage - Amal, Hamburg!","isPartOf":{"@id":"https:\/\/amalhamburg.de\/de\/#website"},"primaryImageOfPage":{"@id":"https:\/\/amalhamburg.de\/de\/2020\/07\/20\/therapieangebot-fuer-medien-mit-schieflage-2\/#primaryimage"},"image":{"@id":"https:\/\/amalhamburg.de\/de\/2020\/07\/20\/therapieangebot-fuer-medien-mit-schieflage-2\/#primaryimage"},"thumbnailUrl":"https:\/\/amalhamburg.de\/wp-content\/uploads\/sites\/2\/2020\/07\/c89a1281-4425-443c-b997-6a376faf30c0-scaled.jpg","datePublished":"2020-07-20T08:15:38+00:00","dateModified":"2024-02-22T08:38:33+00:00","author":{"@id":"https:\/\/amalhamburg.de\/de\/#\/schema\/person\/b38c2d45c0eb9b9e994801d3f87a2247"},"breadcrumb":{"@id":"https:\/\/amalhamburg.de\/de\/2020\/07\/20\/therapieangebot-fuer-medien-mit-schieflage-2\/#breadcrumb"},"inLanguage":"de","potentialAction":[{"@type":"ReadAction","target":["https:\/\/amalhamburg.de\/de\/2020\/07\/20\/therapieangebot-fuer-medien-mit-schieflage-2\/"]}]},{"@type":"ImageObject","inLanguage":"de","@id":"https:\/\/amalhamburg.de\/de\/2020\/07\/20\/therapieangebot-fuer-medien-mit-schieflage-2\/#primaryimage","url":"https:\/\/amalhamburg.de\/wp-content\/uploads\/sites\/2\/2020\/07\/c89a1281-4425-443c-b997-6a376faf30c0-scaled.jpg","contentUrl":"https:\/\/amalhamburg.de\/wp-content\/uploads\/sites\/2\/2020\/07\/c89a1281-4425-443c-b997-6a376faf30c0-scaled.jpg"},{"@type":"BreadcrumbList","@id":"https:\/\/amalhamburg.de\/de\/2020\/07\/20\/therapieangebot-fuer-medien-mit-schieflage-2\/#breadcrumb","itemListElement":[{"@type":"ListItem","position":1,"name":"Home","item":"https:\/\/amalhamburg.de\/de\/"},{"@type":"ListItem","position":2,"name":"Therapieangebot f\u00fcr Medien mit Schieflage"}]},{"@type":"WebSite","@id":"https:\/\/amalhamburg.de\/de\/#website","url":"https:\/\/amalhamburg.de\/de\/","name":"Amal, Hamburg!","description":"","potentialAction":[{"@type":"SearchAction","target":{"@type":"EntryPoint","urlTemplate":"https:\/\/amalhamburg.de\/de\/?s={search_term_string}"},"query-input":{"@type":"PropertyValueSpecification","valueRequired":true,"valueName":"search_term_string"}}],"inLanguage":"de"},{"@type":"Person","@id":"https:\/\/amalhamburg.de\/de\/#\/schema\/person\/b38c2d45c0eb9b9e994801d3f87a2247","name":"Cornelia Gerlach","image":{"@type":"ImageObject","inLanguage":"de","@id":"https:\/\/amalhamburg.de\/wp-content\/uploads\/sites\/2\/2019\/04\/aaaCornelia_Gerlach-125x125.jpg","url":"https:\/\/amalhamburg.de\/wp-content\/uploads\/sites\/2\/2019\/04\/aaaCornelia_Gerlach-125x125.jpg","contentUrl":"https:\/\/amalhamburg.de\/wp-content\/uploads\/sites\/2\/2019\/04\/aaaCornelia_Gerlach-125x125.jpg","caption":"Cornelia Gerlach"},"description":"Cornelia Gerlach ist Projektleiterin bei Amal, Berlin! Daneben arbeitet sie als freie Journalistin und Dozentin f\u00fcr Reportage und Storytelling.","url":"https:\/\/amalhamburg.de\/de\/author\/conny\/"}]}},"_links":{"self":[{"href":"https:\/\/amalhamburg.de\/de\/wp-json\/wp\/v2\/posts\/28342","targetHints":{"allow":["GET"]}}],"collection":[{"href":"https:\/\/amalhamburg.de\/de\/wp-json\/wp\/v2\/posts"}],"about":[{"href":"https:\/\/amalhamburg.de\/de\/wp-json\/wp\/v2\/types\/post"}],"author":[{"embeddable":true,"href":"https:\/\/amalhamburg.de\/de\/wp-json\/wp\/v2\/users\/10"}],"replies":[{"embeddable":true,"href":"https:\/\/amalhamburg.de\/de\/wp-json\/wp\/v2\/comments?post=28342"}],"version-history":[{"count":1,"href":"https:\/\/amalhamburg.de\/de\/wp-json\/wp\/v2\/posts\/28342\/revisions"}],"predecessor-version":[{"id":28343,"href":"https:\/\/amalhamburg.de\/de\/wp-json\/wp\/v2\/posts\/28342\/revisions\/28343"}],"wp:featuredmedia":[{"embeddable":true,"href":"https:\/\/amalhamburg.de\/de\/wp-json\/wp\/v2\/media\/28335"}],"wp:attachment":[{"href":"https:\/\/amalhamburg.de\/de\/wp-json\/wp\/v2\/media?parent=28342"}],"wp:term":[{"taxonomy":"category","embeddable":true,"href":"https:\/\/amalhamburg.de\/de\/wp-json\/wp\/v2\/categories?post=28342"},{"taxonomy":"post_tag","embeddable":true,"href":"https:\/\/amalhamburg.de\/de\/wp-json\/wp\/v2\/tags?post=28342"}],"curies":[{"name":"wp","href":"https:\/\/api.w.org\/{rel}","templated":true}]}}