{"id":24812,"date":"2020-05-13T23:45:15","date_gmt":"2020-05-13T21:45:15","guid":{"rendered":"https:\/\/amalhamburg.de\/2020\/05\/13\/ramadan-und-der-kollaps-der-tv-serien-2\/"},"modified":"2020-06-24T18:07:42","modified_gmt":"2020-06-24T16:07:42","slug":"ramadan-und-der-kollaps-der-tv-serien-2","status":"publish","type":"post","link":"https:\/\/amalhamburg.de\/de\/2020\/05\/13\/ramadan-und-der-kollaps-der-tv-serien-2\/","title":{"rendered":"Ramadan und der Kollaps der TV-Serien"},"content":{"rendered":"<table width=\"100%\">\n<tbody>\n<tr>\n<td>\n<table width=\"100%\">\n<tbody>\n<tr>\n<td>Es gibt sie noch, die guten Dinge. Ein richtiges Interview zum Beispiel, in dem kein einziges Mal das Wort mit dem gro\u00dfen C vorkommt. So zu lesen in dieser Woche auf Amal. <a href=\"https:\/\/amalberlin.de\/2020\/05\/10\/\u0639\u062f\u0646\u0627\u0646-\u0627\u0644\u0639\u0648\u062f\u0629-\u0627\u0644\u062f\u0631\u0627\u0645\u0627-\u0627\u0644\u0633\u0648\u0631\u064a\u0629-\u0627\u0646\u0647\u0627\u0631\u062a-\u0648\/\">Samer Masouh hat mit dem syrischen Drehbuch-Autor, Schriftsteller und Journalisten Adnan Alaoda gesprochen<\/a>, der in Rotterdam im Exil lebt und h\u00e4ufig in Berlin zu Gast ist. Anlass war der Ramadan \u2013 traditionell die Zeit, wo die TV-Serien Hochkonjunktur haben. Aber das Genre sei in Syrien total kollabiert, sagt Aloada, es werden keine neuen Serien produziert, es gebe keine Autoren, Regisseure und Produzenten mehr im Land. Das kulturelle Leben habe sich ins Exil verlagert. Und vor allem nach Berlin. Adnan Alaoda reist oft und gerne in die deutsche Hauptstadt. Wie sich das anf\u00fchlt? Gro\u00dfartig. \u201eUngef\u00e4hr so, wie wenn wir fr\u00fcher aus unserem Dorf in der N\u00e4he von Raqqa nach Damaskus gereist sind.\u201c<\/td>\n<\/tr>\n<\/tbody>\n<\/table>\n<\/td>\n<\/tr>\n<\/tbody>\n<\/table>\n<table width=\"100%\">\n<tbody>\n<tr>\n<td>\n<table width=\"100%\">\n<tbody>\n<tr>\n<td>\n<p><div id=\"attachment_102713\" style=\"width: 160px\" class=\"wp-caption alignnone\"><img loading=\"lazy\" decoding=\"async\" aria-describedby=\"caption-attachment-102713\" class=\"size-thumbnail wp-image-24802\" src=\"https:\/\/amalhamburg.de\/wp-content\/uploads\/sites\/2\/2020\/05\/93705373_1325436714316315_4301225806379614208_o-150x150.jpg\" alt=\"\" width=\"150\" height=\"150\" srcset=\"https:\/\/amalhamburg.de\/wp-content\/uploads\/sites\/2\/2020\/05\/93705373_1325436714316315_4301225806379614208_o-150x150.jpg 150w, https:\/\/amalhamburg.de\/wp-content\/uploads\/sites\/2\/2020\/05\/93705373_1325436714316315_4301225806379614208_o-300x300.jpg 300w, https:\/\/amalhamburg.de\/wp-content\/uploads\/sites\/2\/2020\/05\/93705373_1325436714316315_4301225806379614208_o-125x125.jpg 125w\" sizes=\"auto, (max-width: 150px) 100vw, 150px\" \/><p id=\"caption-attachment-102713\" class=\"wp-caption-text\">Yasmin Khalifa<\/p><\/div><\/td>\n<\/tr>\n<\/tbody>\n<\/table>\n<\/td>\n<\/tr>\n<\/tbody>\n<\/table>\n<table width=\"100%\">\n<tbody>\n<tr>\n<td>\n<table width=\"100%\">\n<tbody>\n<tr>\n<td>\n<h3>Lernvideos f\u00fcr Eltern<\/h3>\n<h3><\/h3>\n<p>F\u00fcr arabische Eltern hat die Syrerin Yasmin Khalifa jetzt ein Video-Lernprogramm entwickelt: Damit sie den Kindern beim Home Schooling besser helfen k\u00f6nnen. Sie \u00fcbersetzt die g\u00e4ngigen Aufgaben, die Kinder in der Grundschule l\u00f6sen m\u00fcssen, und zeigt die geforderten L\u00f6sungswege \u2013 auf Arabisch, so dass die Eltern an ihre eigene Schulbildung ankn\u00fcpfen k\u00f6nnen und mit den Kindern zusammen dann \u00fcben. \u201eDie Lehrer schicken die Hausaufgaben. Aber sie sagen nicht, wie man sie l\u00f6sen kann&#8230; Das sollen wir Eltern dann leisten\u201c: Klagen wie diese haben Yasmin Khalifa zu der Aktion inspiriert. Auf einer Facebook-Seite k\u00f6nnen Eltern die Fragen posten, an denen sie verzweifeln. So ist schon ein kleines soziales Netzwerk gewachsen. Asmaa Yousuf <a href=\"https:\/\/amalberlin.de\/2020\/05\/06\/\u0645\u0646\u0635\u0629-\u0644\u062a\u0639\u0644\u064a\u0645-\u0627\u0644\u0623\u0647\u0644-\u0643\u064a\u0641\u064a\u0629-\u062a\u062f\u0631\u064a\u0633-\u0623\u0637\u0641\u0627\u0644\u0647\u0645\/\">hat \u00fcber das Projekt berichtet.<\/a><\/p>\n<h3>Schule oder nicht Schule?<\/h3>\n<p>Die Schule hat wieder angefangen, zumindest ein bisschen. Auch in der arabisch, iranischen und afghanischen Community gehen die Meinungen \u00fcber diese Lockerungen sehr auseinander. Viel zu gef\u00e4hrlich? Allerh\u00f6chste Zeit? Abbas Al Deiri hat sich in Hamburg umgeh\u00f6rt. Ein Vater ist sehr besorgt: Er glaubt nicht, dass die Jugendlichen ihr Verhalten genug kontrollieren k\u00f6nnen, um sich an die Corona-Regeln zu halten. Ein anderer erlebt, wie sich die Phantasien zu dem Virus bei seinen Kindern verselbst\u00e4ndigen. \u201eEs wird h\u00f6chste Zeit, dass sie wieder in die Schule kommen\u201c, sagt er. Dass jeweils nur wenige Kinder gleichzeitig im Raum sind, sei ein gro\u00dfer Vorteil der Corona-Regelungen, meint ein dritter. Es bleibe genug Zeit, dass alle Fragen stellen k\u00f6nnen und auch die langsameren Sch\u00fcler den Stoff richtig durchdringen. Zu dem <a href=\"https:\/\/amalhamburg.de\/2020\/05\/09\/\u062a\u062d\u062f\u064a\u0627\u062a-\u0639\u0648\u062f\u0629-\u0627\u0644\u0623\u0637\u0641\u0627\u0644-\u0644\u0644\u0645\u062f\u0631\u0633\u0629-\u0641\u064a-\u0647\u0627\u0645\u0628\u0648\u0631\/\">Artikel auf Arabisch geht es hier.<\/a><\/p>\n<p>&nbsp;<\/p>\n<h3><\/h3>\n<h3>Eine \u00dcberdosis Krieg<\/h3>\n<p>&nbsp;<\/p>\n<p>Unser Autor Khalid Alaboud hat eine harte Woche hinter sich. F\u00fcr seinen Artikel zum 8. Mai, dem Tag der Kapitulation vor 75 Jahren \u2013 hat er sich im Home Office durch die Mediatheken und Filmarchive geklickt und, wie er selbst sagt, eine \u00dcberdosis von Kriegsfilmen geschaut. Er wollte wissen, wie das war \u2013 damals, am Ende des Krieges. Er selbst ist vor dem Krieg aus Syrien geflohen. \u201eIch hatte das Gef\u00fchl, diese Geschichten alle schon einmal geh\u00f6rt zu haben\u201c, schreibt er. \u201eEs war, als wenn ich sie bis ins Detail schon durchlebt habe. Wenn die Deutschen jetzt von ihren Erinnerungen an den Krieg erz\u00e4hlen, dann sind da zeitgleich Kinder in Syrien, Yemen und Libyen, die \u00e4hnliches durchleben. Vielleicht gibt es im Detail Unterschiede \u2013 aber egal wo, Krieg ist immer dreckig.\u201c Besonders aufmerksam hat Khalid Alaboud immer dann hingeh\u00f6rt, wenn Augenzeugen in den Dokumentarfilmen von der Zeit unmittelbar nach Kriegsende erz\u00e4hlten. Wie konnte es gelingen, auf den Tr\u00fcmmern eines Landes und einer Gesellschaft ein neues Leben zu beginnen? Der Blick auf den deutschen Wiederaufbau nach 1945 macht ihm Hoffnung. Er st\u00e4rkte seine Vision f\u00fcr die Zukunft seines Landes. Eines Tages, schreibt er, werden auch in Syrien wieder die Rosen duften und die Kinder in Liebe, Frieden und Gerechtigkeit aufwachsen. <a href=\"https:\/\/amalberlin.de\/2020\/05\/08\/\u0630\u0643\u0631\u0649-\u0646\u0647\u0627\u064a\u0629-\u0627\u0644\u062d\u0631\u0628-\u0627\u0644\u0639\u0627\u0644\u0645\u064a\u0629-\u0627\u0644\u062b\u0627\u0646\u064a\u0629-\u0647\u0644-\u062a\/\">Seinen Kommentar auf Arabisch finden Sie hier<\/a><\/p>\n<h3>Zu viel Gef\u00fchl<\/h3>\n<p>&nbsp;<\/p>\n<p>Oh war das sch\u00f6n im vergangenen Jahr im Ramadan, als auf der Sonnenallee in Berlin nach Anbruch der Nacht das Leben tobte und die Menschen sich trafen, um gemeinsam das Fasten zu brechen. Anas Khabir hat in seinem Archiv gegraben und aus vielen sch\u00f6nen Szenen eine Hommage an dieses Gef\u00fchl geschnitten. Als kleinen Trost f\u00fcr alle, die in diesen Tagen nur per Videoschalte gemeinsam feiern k\u00f6nnen. <a href=\"https:\/\/amalberlin.de\/2020\/05\/08\/\u0634\u0627\u0631\u0639-\u0627\u0644\u0639\u0631\u0628-\u064a\u0641\u062a\u0642\u062f-\u0631\u0648\u0627\u062f\u0647-\u0641\u064a-\u0631\u0645\u0636\u0627\u0646-\u0647\u0630\u0627-\u0627\u0644\u0639\/\">Das Video finden Sie hier<\/a>.<\/td>\n<\/tr>\n<\/tbody>\n<\/table>\n<\/td>\n<\/tr>\n<\/tbody>\n<\/table>\n<table width=\"100%\">\n<tbody>\n<tr>\n<td>\n<table width=\"100%\">\n<tbody>\n<tr>\n<td><\/td>\n<\/tr>\n<\/tbody>\n<\/table>\n<\/td>\n<\/tr>\n<\/tbody>\n<\/table>\n<table width=\"100%\">\n<tbody>\n<tr>\n<td>\n<table width=\"100%\">\n<tbody>\n<tr>\n<td><\/td>\n<\/tr>\n<\/tbody>\n<\/table>\n<\/td>\n<\/tr>\n<\/tbody>\n<\/table>\n<table width=\"100%\">\n<tbody>\n<tr>\n<td>\n<table width=\"100%\">\n<tbody>\n<tr>\n<td><\/td>\n<\/tr>\n<\/tbody>\n<\/table>\n<\/td>\n<\/tr>\n<\/tbody>\n<\/table>\n<table width=\"100%\">\n<tbody>\n<tr>\n<td>\n<table width=\"100%\">\n<tbody>\n<tr>\n<td><\/td>\n<\/tr>\n<\/tbody>\n<\/table>\n<\/td>\n<\/tr>\n<\/tbody>\n<\/table>\n<table width=\"100%\">\n<tbody>\n<tr>\n<td>\n<table width=\"100%\">\n<tbody>\n<tr>\n<td><\/td>\n<\/tr>\n<tr>\n<td width=\"546\"><\/td>\n<\/tr>\n<\/tbody>\n<\/table>\n<\/td>\n<\/tr>\n<\/tbody>\n<\/table>\n<table width=\"100%\">\n<tbody>\n<tr>\n<td>\n<table width=\"100%\">\n<tbody>\n<tr>\n<td><\/td>\n<\/tr>\n<\/tbody>\n<\/table>\n<\/td>\n<\/tr>\n<\/tbody>\n<\/table>\n<table width=\"100%\">\n<tbody>\n<tr>\n<td>\n<table width=\"100%\">\n<tbody>\n<tr>\n<td><\/td>\n<\/tr>\n<\/tbody>\n<\/table>\n<\/td>\n<\/tr>\n<\/tbody>\n<\/table>\n<table width=\"100%\">\n<tbody>\n<tr>\n<td><\/td>\n<\/tr>\n<\/tbody>\n<\/table>\n","protected":false},"excerpt":{"rendered":"<p>Es gibt sie noch, die guten Dinge. Ein richtiges Interview zum Beispiel, in dem kein einziges Mal das Wort mit dem gro\u00dfen C vorkommt. So zu lesen in dieser Woche auf Amal. Samer Masouh hat mit dem syrischen Drehbuch-Autor, Schriftsteller und Journalisten Adnan Alaoda gesprochen, der in Rotterdam im Exil lebt und h\u00e4ufig in Berlin&#8230;  <a class=\"excerpt-read-more\" href=\"https:\/\/amalhamburg.de\/de\/2020\/05\/13\/ramadan-und-der-kollaps-der-tv-serien-2\/\" title=\"Read Ramadan und der Kollaps der TV-Serien\">Weiter &raquo;<\/a><\/p>\n","protected":false},"author":10,"featured_media":24807,"comment_status":"closed","ping_status":"open","sticky":false,"template":"","format":"standard","meta":{"_acf_changed":false,"footnotes":""},"categories":[401],"tags":[],"class_list":["post-24812","post","type-post","status-publish","format-standard","has-post-thumbnail","hentry","category-nachrichten"],"acf":[],"yoast_head":"<!-- This site is optimized with the Yoast SEO plugin v27.5 - https:\/\/yoast.com\/product\/yoast-seo-wordpress\/ -->\n<title>Ramadan und der Kollaps der TV-Serien - Amal, Hamburg!<\/title>\n<meta name=\"robots\" content=\"index, follow, max-snippet:-1, max-image-preview:large, max-video-preview:-1\" \/>\n<link rel=\"canonical\" href=\"https:\/\/amalhamburg.de\/de\/2020\/05\/13\/ramadan-und-der-kollaps-der-tv-serien-2\/\" \/>\n<meta property=\"og:locale\" content=\"de_DE\" \/>\n<meta property=\"og:type\" content=\"article\" \/>\n<meta property=\"og:title\" content=\"Ramadan und der Kollaps der TV-Serien - Amal, Hamburg!\" \/>\n<meta property=\"og:description\" content=\"Es gibt sie noch, die guten Dinge. Ein richtiges Interview zum Beispiel, in dem kein einziges Mal das Wort mit dem gro\u00dfen C vorkommt. So zu lesen in dieser Woche auf Amal. Samer Masouh hat mit dem syrischen Drehbuch-Autor, Schriftsteller und Journalisten Adnan Alaoda gesprochen, der in Rotterdam im Exil lebt und h\u00e4ufig in Berlin... Weiter &raquo;\" \/>\n<meta property=\"og:url\" content=\"https:\/\/amalhamburg.de\/de\/2020\/05\/13\/ramadan-und-der-kollaps-der-tv-serien-2\/\" \/>\n<meta property=\"og:site_name\" content=\"Amal, Hamburg!\" \/>\n<meta property=\"article:published_time\" content=\"2020-05-13T21:45:15+00:00\" \/>\n<meta property=\"article:modified_time\" content=\"2020-06-24T16:07:42+00:00\" \/>\n<meta property=\"og:image\" content=\"https:\/\/amalhamburg.de\/wp-content\/uploads\/sites\/2\/2020\/05\/86935393_1227841674088592_8812515748787257344_n.jpg\" \/>\n\t<meta property=\"og:image:width\" content=\"884\" \/>\n\t<meta property=\"og:image:height\" content=\"607\" \/>\n\t<meta property=\"og:image:type\" content=\"image\/jpeg\" \/>\n<meta name=\"author\" content=\"Cornelia Gerlach\" \/>\n<meta name=\"twitter:card\" content=\"summary_large_image\" \/>\n<meta name=\"twitter:label1\" content=\"Verfasst von\" \/>\n\t<meta name=\"twitter:data1\" content=\"Cornelia Gerlach\" \/>\n\t<meta name=\"twitter:label2\" content=\"Gesch\u00e4tzte Lesezeit\" \/>\n\t<meta name=\"twitter:data2\" content=\"4\u00a0Minuten\" \/>\n<script type=\"application\/ld+json\" class=\"yoast-schema-graph\">{\"@context\":\"https:\\\/\\\/schema.org\",\"@graph\":[{\"@type\":\"Article\",\"@id\":\"https:\\\/\\\/amalhamburg.de\\\/de\\\/2020\\\/05\\\/13\\\/ramadan-und-der-kollaps-der-tv-serien-2\\\/#article\",\"isPartOf\":{\"@id\":\"https:\\\/\\\/amalhamburg.de\\\/de\\\/2020\\\/05\\\/13\\\/ramadan-und-der-kollaps-der-tv-serien-2\\\/\"},\"author\":{\"name\":\"Cornelia Gerlach\",\"@id\":\"https:\\\/\\\/amalhamburg.de\\\/de\\\/#\\\/schema\\\/person\\\/b38c2d45c0eb9b9e994801d3f87a2247\"},\"headline\":\"Ramadan und der Kollaps der TV-Serien\",\"datePublished\":\"2020-05-13T21:45:15+00:00\",\"dateModified\":\"2020-06-24T16:07:42+00:00\",\"mainEntityOfPage\":{\"@id\":\"https:\\\/\\\/amalhamburg.de\\\/de\\\/2020\\\/05\\\/13\\\/ramadan-und-der-kollaps-der-tv-serien-2\\\/\"},\"wordCount\":742,\"image\":{\"@id\":\"https:\\\/\\\/amalhamburg.de\\\/de\\\/2020\\\/05\\\/13\\\/ramadan-und-der-kollaps-der-tv-serien-2\\\/#primaryimage\"},\"thumbnailUrl\":\"https:\\\/\\\/amalhamburg.de\\\/wp-content\\\/uploads\\\/sites\\\/2\\\/2020\\\/05\\\/86935393_1227841674088592_8812515748787257344_n.jpg\",\"articleSection\":[\"Beitr\u00e4ge\"],\"inLanguage\":\"de\"},{\"@type\":\"WebPage\",\"@id\":\"https:\\\/\\\/amalhamburg.de\\\/de\\\/2020\\\/05\\\/13\\\/ramadan-und-der-kollaps-der-tv-serien-2\\\/\",\"url\":\"https:\\\/\\\/amalhamburg.de\\\/de\\\/2020\\\/05\\\/13\\\/ramadan-und-der-kollaps-der-tv-serien-2\\\/\",\"name\":\"Ramadan und der Kollaps der TV-Serien - Amal, Hamburg!\",\"isPartOf\":{\"@id\":\"https:\\\/\\\/amalhamburg.de\\\/de\\\/#website\"},\"primaryImageOfPage\":{\"@id\":\"https:\\\/\\\/amalhamburg.de\\\/de\\\/2020\\\/05\\\/13\\\/ramadan-und-der-kollaps-der-tv-serien-2\\\/#primaryimage\"},\"image\":{\"@id\":\"https:\\\/\\\/amalhamburg.de\\\/de\\\/2020\\\/05\\\/13\\\/ramadan-und-der-kollaps-der-tv-serien-2\\\/#primaryimage\"},\"thumbnailUrl\":\"https:\\\/\\\/amalhamburg.de\\\/wp-content\\\/uploads\\\/sites\\\/2\\\/2020\\\/05\\\/86935393_1227841674088592_8812515748787257344_n.jpg\",\"datePublished\":\"2020-05-13T21:45:15+00:00\",\"dateModified\":\"2020-06-24T16:07:42+00:00\",\"author\":{\"@id\":\"https:\\\/\\\/amalhamburg.de\\\/de\\\/#\\\/schema\\\/person\\\/b38c2d45c0eb9b9e994801d3f87a2247\"},\"breadcrumb\":{\"@id\":\"https:\\\/\\\/amalhamburg.de\\\/de\\\/2020\\\/05\\\/13\\\/ramadan-und-der-kollaps-der-tv-serien-2\\\/#breadcrumb\"},\"inLanguage\":\"de\",\"potentialAction\":[{\"@type\":\"ReadAction\",\"target\":[\"https:\\\/\\\/amalhamburg.de\\\/de\\\/2020\\\/05\\\/13\\\/ramadan-und-der-kollaps-der-tv-serien-2\\\/\"]}]},{\"@type\":\"ImageObject\",\"inLanguage\":\"de\",\"@id\":\"https:\\\/\\\/amalhamburg.de\\\/de\\\/2020\\\/05\\\/13\\\/ramadan-und-der-kollaps-der-tv-serien-2\\\/#primaryimage\",\"url\":\"https:\\\/\\\/amalhamburg.de\\\/wp-content\\\/uploads\\\/sites\\\/2\\\/2020\\\/05\\\/86935393_1227841674088592_8812515748787257344_n.jpg\",\"contentUrl\":\"https:\\\/\\\/amalhamburg.de\\\/wp-content\\\/uploads\\\/sites\\\/2\\\/2020\\\/05\\\/86935393_1227841674088592_8812515748787257344_n.jpg\",\"width\":884,\"height\":607},{\"@type\":\"BreadcrumbList\",\"@id\":\"https:\\\/\\\/amalhamburg.de\\\/de\\\/2020\\\/05\\\/13\\\/ramadan-und-der-kollaps-der-tv-serien-2\\\/#breadcrumb\",\"itemListElement\":[{\"@type\":\"ListItem\",\"position\":1,\"name\":\"Home\",\"item\":\"https:\\\/\\\/amalhamburg.de\\\/de\\\/\"},{\"@type\":\"ListItem\",\"position\":2,\"name\":\"Ramadan und der Kollaps der TV-Serien\"}]},{\"@type\":\"WebSite\",\"@id\":\"https:\\\/\\\/amalhamburg.de\\\/de\\\/#website\",\"url\":\"https:\\\/\\\/amalhamburg.de\\\/de\\\/\",\"name\":\"Amal, Hamburg!\",\"description\":\"\",\"potentialAction\":[{\"@type\":\"SearchAction\",\"target\":{\"@type\":\"EntryPoint\",\"urlTemplate\":\"https:\\\/\\\/amalhamburg.de\\\/de\\\/?s={search_term_string}\"},\"query-input\":{\"@type\":\"PropertyValueSpecification\",\"valueRequired\":true,\"valueName\":\"search_term_string\"}}],\"inLanguage\":\"de\"},{\"@type\":\"Person\",\"@id\":\"https:\\\/\\\/amalhamburg.de\\\/de\\\/#\\\/schema\\\/person\\\/b38c2d45c0eb9b9e994801d3f87a2247\",\"name\":\"Cornelia Gerlach\",\"image\":{\"@type\":\"ImageObject\",\"inLanguage\":\"de\",\"@id\":\"https:\\\/\\\/amalhamburg.de\\\/wp-content\\\/uploads\\\/sites\\\/2\\\/2019\\\/04\\\/aaaCornelia_Gerlach-125x125.jpg\",\"url\":\"https:\\\/\\\/amalhamburg.de\\\/wp-content\\\/uploads\\\/sites\\\/2\\\/2019\\\/04\\\/aaaCornelia_Gerlach-125x125.jpg\",\"contentUrl\":\"https:\\\/\\\/amalhamburg.de\\\/wp-content\\\/uploads\\\/sites\\\/2\\\/2019\\\/04\\\/aaaCornelia_Gerlach-125x125.jpg\",\"caption\":\"Cornelia Gerlach\"},\"description\":\"Cornelia Gerlach ist Projektleiterin bei Amal, Berlin! Daneben arbeitet sie als freie Journalistin und Dozentin f\u00fcr Reportage und Storytelling.\",\"url\":\"https:\\\/\\\/amalhamburg.de\\\/de\\\/author\\\/conny\\\/\"}]}<\/script>\n<!-- \/ Yoast SEO plugin. -->","yoast_head_json":{"title":"Ramadan und der Kollaps der TV-Serien - Amal, Hamburg!","robots":{"index":"index","follow":"follow","max-snippet":"max-snippet:-1","max-image-preview":"max-image-preview:large","max-video-preview":"max-video-preview:-1"},"canonical":"https:\/\/amalhamburg.de\/de\/2020\/05\/13\/ramadan-und-der-kollaps-der-tv-serien-2\/","og_locale":"de_DE","og_type":"article","og_title":"Ramadan und der Kollaps der TV-Serien - Amal, Hamburg!","og_description":"Es gibt sie noch, die guten Dinge. Ein richtiges Interview zum Beispiel, in dem kein einziges Mal das Wort mit dem gro\u00dfen C vorkommt. So zu lesen in dieser Woche auf Amal. Samer Masouh hat mit dem syrischen Drehbuch-Autor, Schriftsteller und Journalisten Adnan Alaoda gesprochen, der in Rotterdam im Exil lebt und h\u00e4ufig in Berlin... Weiter &raquo;","og_url":"https:\/\/amalhamburg.de\/de\/2020\/05\/13\/ramadan-und-der-kollaps-der-tv-serien-2\/","og_site_name":"Amal, Hamburg!","article_published_time":"2020-05-13T21:45:15+00:00","article_modified_time":"2020-06-24T16:07:42+00:00","og_image":[{"width":884,"height":607,"url":"https:\/\/amalhamburg.de\/wp-content\/uploads\/sites\/2\/2020\/05\/86935393_1227841674088592_8812515748787257344_n.jpg","type":"image\/jpeg"}],"author":"Cornelia Gerlach","twitter_card":"summary_large_image","twitter_misc":{"Verfasst von":"Cornelia Gerlach","Gesch\u00e4tzte Lesezeit":"4\u00a0Minuten"},"schema":{"@context":"https:\/\/schema.org","@graph":[{"@type":"Article","@id":"https:\/\/amalhamburg.de\/de\/2020\/05\/13\/ramadan-und-der-kollaps-der-tv-serien-2\/#article","isPartOf":{"@id":"https:\/\/amalhamburg.de\/de\/2020\/05\/13\/ramadan-und-der-kollaps-der-tv-serien-2\/"},"author":{"name":"Cornelia Gerlach","@id":"https:\/\/amalhamburg.de\/de\/#\/schema\/person\/b38c2d45c0eb9b9e994801d3f87a2247"},"headline":"Ramadan und der Kollaps der TV-Serien","datePublished":"2020-05-13T21:45:15+00:00","dateModified":"2020-06-24T16:07:42+00:00","mainEntityOfPage":{"@id":"https:\/\/amalhamburg.de\/de\/2020\/05\/13\/ramadan-und-der-kollaps-der-tv-serien-2\/"},"wordCount":742,"image":{"@id":"https:\/\/amalhamburg.de\/de\/2020\/05\/13\/ramadan-und-der-kollaps-der-tv-serien-2\/#primaryimage"},"thumbnailUrl":"https:\/\/amalhamburg.de\/wp-content\/uploads\/sites\/2\/2020\/05\/86935393_1227841674088592_8812515748787257344_n.jpg","articleSection":["Beitr\u00e4ge"],"inLanguage":"de"},{"@type":"WebPage","@id":"https:\/\/amalhamburg.de\/de\/2020\/05\/13\/ramadan-und-der-kollaps-der-tv-serien-2\/","url":"https:\/\/amalhamburg.de\/de\/2020\/05\/13\/ramadan-und-der-kollaps-der-tv-serien-2\/","name":"Ramadan und der Kollaps der TV-Serien - Amal, Hamburg!","isPartOf":{"@id":"https:\/\/amalhamburg.de\/de\/#website"},"primaryImageOfPage":{"@id":"https:\/\/amalhamburg.de\/de\/2020\/05\/13\/ramadan-und-der-kollaps-der-tv-serien-2\/#primaryimage"},"image":{"@id":"https:\/\/amalhamburg.de\/de\/2020\/05\/13\/ramadan-und-der-kollaps-der-tv-serien-2\/#primaryimage"},"thumbnailUrl":"https:\/\/amalhamburg.de\/wp-content\/uploads\/sites\/2\/2020\/05\/86935393_1227841674088592_8812515748787257344_n.jpg","datePublished":"2020-05-13T21:45:15+00:00","dateModified":"2020-06-24T16:07:42+00:00","author":{"@id":"https:\/\/amalhamburg.de\/de\/#\/schema\/person\/b38c2d45c0eb9b9e994801d3f87a2247"},"breadcrumb":{"@id":"https:\/\/amalhamburg.de\/de\/2020\/05\/13\/ramadan-und-der-kollaps-der-tv-serien-2\/#breadcrumb"},"inLanguage":"de","potentialAction":[{"@type":"ReadAction","target":["https:\/\/amalhamburg.de\/de\/2020\/05\/13\/ramadan-und-der-kollaps-der-tv-serien-2\/"]}]},{"@type":"ImageObject","inLanguage":"de","@id":"https:\/\/amalhamburg.de\/de\/2020\/05\/13\/ramadan-und-der-kollaps-der-tv-serien-2\/#primaryimage","url":"https:\/\/amalhamburg.de\/wp-content\/uploads\/sites\/2\/2020\/05\/86935393_1227841674088592_8812515748787257344_n.jpg","contentUrl":"https:\/\/amalhamburg.de\/wp-content\/uploads\/sites\/2\/2020\/05\/86935393_1227841674088592_8812515748787257344_n.jpg","width":884,"height":607},{"@type":"BreadcrumbList","@id":"https:\/\/amalhamburg.de\/de\/2020\/05\/13\/ramadan-und-der-kollaps-der-tv-serien-2\/#breadcrumb","itemListElement":[{"@type":"ListItem","position":1,"name":"Home","item":"https:\/\/amalhamburg.de\/de\/"},{"@type":"ListItem","position":2,"name":"Ramadan und der Kollaps der TV-Serien"}]},{"@type":"WebSite","@id":"https:\/\/amalhamburg.de\/de\/#website","url":"https:\/\/amalhamburg.de\/de\/","name":"Amal, Hamburg!","description":"","potentialAction":[{"@type":"SearchAction","target":{"@type":"EntryPoint","urlTemplate":"https:\/\/amalhamburg.de\/de\/?s={search_term_string}"},"query-input":{"@type":"PropertyValueSpecification","valueRequired":true,"valueName":"search_term_string"}}],"inLanguage":"de"},{"@type":"Person","@id":"https:\/\/amalhamburg.de\/de\/#\/schema\/person\/b38c2d45c0eb9b9e994801d3f87a2247","name":"Cornelia Gerlach","image":{"@type":"ImageObject","inLanguage":"de","@id":"https:\/\/amalhamburg.de\/wp-content\/uploads\/sites\/2\/2019\/04\/aaaCornelia_Gerlach-125x125.jpg","url":"https:\/\/amalhamburg.de\/wp-content\/uploads\/sites\/2\/2019\/04\/aaaCornelia_Gerlach-125x125.jpg","contentUrl":"https:\/\/amalhamburg.de\/wp-content\/uploads\/sites\/2\/2019\/04\/aaaCornelia_Gerlach-125x125.jpg","caption":"Cornelia Gerlach"},"description":"Cornelia Gerlach ist Projektleiterin bei Amal, Berlin! Daneben arbeitet sie als freie Journalistin und Dozentin f\u00fcr Reportage und Storytelling.","url":"https:\/\/amalhamburg.de\/de\/author\/conny\/"}]}},"_links":{"self":[{"href":"https:\/\/amalhamburg.de\/de\/wp-json\/wp\/v2\/posts\/24812","targetHints":{"allow":["GET"]}}],"collection":[{"href":"https:\/\/amalhamburg.de\/de\/wp-json\/wp\/v2\/posts"}],"about":[{"href":"https:\/\/amalhamburg.de\/de\/wp-json\/wp\/v2\/types\/post"}],"author":[{"embeddable":true,"href":"https:\/\/amalhamburg.de\/de\/wp-json\/wp\/v2\/users\/10"}],"replies":[{"embeddable":true,"href":"https:\/\/amalhamburg.de\/de\/wp-json\/wp\/v2\/comments?post=24812"}],"version-history":[{"count":1,"href":"https:\/\/amalhamburg.de\/de\/wp-json\/wp\/v2\/posts\/24812\/revisions"}],"predecessor-version":[{"id":24813,"href":"https:\/\/amalhamburg.de\/de\/wp-json\/wp\/v2\/posts\/24812\/revisions\/24813"}],"wp:featuredmedia":[{"embeddable":true,"href":"https:\/\/amalhamburg.de\/de\/wp-json\/wp\/v2\/media\/24807"}],"wp:attachment":[{"href":"https:\/\/amalhamburg.de\/de\/wp-json\/wp\/v2\/media?parent=24812"}],"wp:term":[{"taxonomy":"category","embeddable":true,"href":"https:\/\/amalhamburg.de\/de\/wp-json\/wp\/v2\/categories?post=24812"},{"taxonomy":"post_tag","embeddable":true,"href":"https:\/\/amalhamburg.de\/de\/wp-json\/wp\/v2\/tags?post=24812"}],"curies":[{"name":"wp","href":"https:\/\/api.w.org\/{rel}","templated":true}]}}