{"id":22186,"date":"2020-03-25T18:22:29","date_gmt":"2020-03-25T17:22:29","guid":{"rendered":"https:\/\/amalhamburg.de\/2020\/03\/25\/corona-woche-3-3\/"},"modified":"2020-03-25T18:22:32","modified_gmt":"2020-03-25T17:22:32","slug":"corona-woche-3-3","status":"publish","type":"post","link":"https:\/\/amalhamburg.de\/de\/2020\/03\/25\/corona-woche-3-3\/","title":{"rendered":"Corona, Woche 3"},"content":{"rendered":"<p class=\"p1\"><span class=\"s1\">Was macht CORONA mit uns? Das ist eine Frage mit vielen Antworten. Anas Khabir hat sich auf der Berliner Sonnenallee umgeh\u00f6rt und Neuangekommene aus arabischen L\u00e4ndern gefragt. Viele machen sich Sorgen, versuchen, so wenig wie m\u00f6glich unter Leute zu kommen. Einige tragen Schutzmasken und Handschuhe. Andere hingegen halten die Aufregung f\u00fcr \u00fcbertrieben oder vertrauen auf Gottes Schutz. &#8222;Wir haben den Krieg in Syrien \u00fcberlebt!&#8220;, so der achselzuckende Kommentar einer Frau.<\/span><\/p>\n<p><iframe loading=\"lazy\" title=\"\u0643\u064a\u0641 \u062a\u0646\u0638\u0631 \u0627\u0644\u062c\u0627\u0644\u064a\u0629 \u0627\u0644\u0639\u0631\u0628\u064a\u0629 \u0644\u0625\u062c\u0631\u0627\u0621\u0627\u062a \u0627\u0644\u0648\u0642\u0627\u064a\u0629 \u0645\u0646 \u0643\u0648\u0631\u0648\u0646\u0627 \u0641\u064a \u0628\u0631\u0644\u064a\u0646\u061f\" width=\"680\" height=\"383\" src=\"https:\/\/www.youtube.com\/embed\/1ti8QOd66zc?feature=oembed\" frameborder=\"0\" allow=\"accelerometer; autoplay; encrypted-media; gyroscope; picture-in-picture\" allowfullscreen><\/iframe><\/p>\n<p>&nbsp;<\/p>\n<p class=\"p1\"><span class=\"s1\">Die Amal-Redaktion hat sich diese Aussagen zu Herzen genommen und wir haben unsere Bem\u00fchungen, die arabisch und farsi\/dari-sprachigen Hamburger und Hamburgerinnen gut zu informieren, noch verst\u00e4rkt. Ein Teil davon ist das Bild oben: Noah Ibrahim hat die Karrikatur gestaltet, mit der wir unsere Leserinnen und Leser auffordern, den Verstand einzuschalten und zu hause zu bleiben. &#8222;Du hast die Wahl!&#8220;, so der Slogan zwischen Sofa und Krankenbett.<\/span><\/p>\n<p class=\"p1\"><span class=\"s1\">In erster Linie geht es uns jedoch um Information. Selten hatten wir so viel zu tun. Die Nachrichtenschichten wurden ausgeweitet: Es gibt nun auch Sp\u00e4t- und Wochenendschichten und ein neuer Ehrgeiz macht sich breit: Bislang war klar, dass wir als kleine Projektredaktion mit nur 4 halben Stellen in Hamburg und einem Amal-Team von insgesamt 14 halben Stellen deutschlandweit nicht mit den gro\u00dfen Nachrichtenplattformen mithalten k\u00f6nnen. In der vergangenen Woche hat sich ein paar Mal gezeigt, dass es doch geht: In Rekordzeit hatten wir nicht nur den Inhalt der Ansprache von Bundeskanzlerin Angela Merkel gemeldet, sondern auch die ganze Ansprache mit arabischen Untertiteln auf Facebook gepostet. Klar, auch viele staatliche Stellen haben inzwischen bemerkt, dass es wichtig ist, alle Hamburgerinnen und Hamburger zu informieren und sie bieten Informationen auf Arabisch und Farsi\/Dari. H\u00f6rt sich gut an. Wer sich allerdings das Angebot, die Aufmachung und die Qualit\u00e4t der Texte anschaut, versteht, warum wir Amalis gerade so motiviert bei der Sache sind. Hier kommt die Ansprache von Frau Merkel noch mal zum Mitlesen auf Arabisch:<\/span><\/p>\n<p><iframe loading=\"lazy\" title=\"\u0627\u0644\u062e\u0637\u0627\u0628 \u0627\u0644\u0643\u0627\u0645\u0644 \u0644\u0644\u0645\u0633\u062a\u0634\u0627\u0631\u0629 \u0623\u0646\u062c\u064a\u0644\u0627 \u0645\u064a\u0631\u0643\u0644 \u062d\u0648\u0644 \u0625\u062c\u0631\u0627\u0621\u0627\u062a \u0627\u0644\u062a\u0635\u062f\u064a \u0644\u0641\u064a\u0631\u0648\u0633 \u0643\u0648\u0631\u0648\u0646\u0627\u060c \u0628\u0627\u0644\u062a\u0631\u062c\u0645\u0629 \u0627\u0644\u0639\u0631\u0628\u064a\u0629\" width=\"680\" height=\"383\" src=\"https:\/\/www.youtube.com\/embed\/SZTA_QfFYcM?feature=oembed\" frameborder=\"0\" allow=\"accelerometer; autoplay; encrypted-media; gyroscope; picture-in-picture\" allowfullscreen><\/iframe><\/p>\n<p>&nbsp;<\/p>\n<p class=\"p1\"><span class=\"s1\">Alle wichtigen Informationen zum Thema CORONA auf Farsi\/Dari zum Weiterleiten gibt es auch in diesem sehr informativen Video mit einer bekannten iranische \u00c4rztin:<\/span><\/p>\n<p><iframe loading=\"lazy\" title=\"\u0646\u06a9\u0627\u062a \u0645\u0647\u0645\u06cc \u062f\u0631\u0628\u0627\u0631\u0647 \u0648\u06cc\u0631\u0648\u0633 \u062c\u062f\u06cc\u062f \u0648 \u0628\u06cc\u0645\u0627\u0631\u06cc \u06a9\u0631\u0648\u0646\u0627 \u0627\u0632 \u0632\u0628\u0627\u0646 \u06cc\u06a9\u06cc \u0627\u0632 \u067e\u0632\u0634\u06a9\u0627\u0646 \u0628\u0631\u0644\u06cc\u0646\u060c \u062e\u0627\u0646\u0645 \u062f\u06a9\u062a\u0631 \u0641\u0631\u06cc\u062f\u0647 \u06af\u0644\u0634\u0627\u0647\u06cc\" width=\"680\" height=\"510\" src=\"https:\/\/www.youtube.com\/embed\/8XrTbryP4jc?feature=oembed\" frameborder=\"0\" allow=\"accelerometer; autoplay; encrypted-media; gyroscope; picture-in-picture\" allowfullscreen><\/iframe><\/p>\n<p>&nbsp;<\/p>\n<p class=\"p3\"><span class=\"s1\"><b>Witze als Impfstoff<\/b><\/span><\/p>\n<p class=\"p1\"><span class=\"s1\">Sagt ein \u00c4gypter zum anderen: &#8222;Flutkatastrophen, Epedemien und anderes Chaos sollte lieber einen Bogen um unser Land machen&#8220;. Fragt der andere &#8222;Warum?&#8220; Antwortet der erste: &#8222;Weil jede Katastrophe bei uns so lange ver\u00e4ppelt wird, bis sie keine ernstzunehmende Krise mehr ist&#8220;. Gut ist auch ein anderer: &#8222;Was ist die Reaktion der Menschen in Homs auf die Rede von Frau Merkel, dass 60-80 Prozent der Deutschen sich anstecken werden? &#8211; Ein Gl\u00fcck sind wir keine Deutschen&#8220;. Khalid Alaboud hat die lustigsten CORONA-Witze gesammelt und sich mit syrischen Psychologen und Dichtern \u00fcber die Bedeutung des Lachens in Zeiten der Not unterhalten. Maryam Mardani hat sich in iranischen Onlineforen umgesehen. Auch da wimmelt es von Witzen. Besonders beliebt sind nat\u00fcrlich Witze \u00fcber Deutsche und ihre neue Leidenschaft f\u00fcr Klopapier. (Viele Neuangekommene halten das trockene Klopapier ja eh f\u00fcr eine sehr gew\u00f6hnungsbed\u00fcrftige und eher unhygiensische (europ\u00e4ische) Erfindung und vermissen Bidets, aber das ist ein anderes ebenfalls beliebtes Witzthema.)<\/span><\/p>\n<img loading=\"lazy\" decoding=\"async\" class=\"alignnone size-thumbnail wp-image-22177\" src=\"https:\/\/amalhamburg.de\/wp-content\/uploads\/sites\/2\/2020\/03\/147-150x150.jpg\" alt=\"\" width=\"150\" height=\"150\" srcset=\"https:\/\/amalhamburg.de\/wp-content\/uploads\/sites\/2\/2020\/03\/147-150x150.jpg 150w, https:\/\/amalhamburg.de\/wp-content\/uploads\/sites\/2\/2020\/03\/147-300x300.jpg 300w, https:\/\/amalhamburg.de\/wp-content\/uploads\/sites\/2\/2020\/03\/147-125x125.jpg 125w\" sizes=\"auto, (max-width: 150px) 100vw, 150px\" \/>\n<p class=\"p3\"><span class=\"s1\"><b>Blick nach China, Blick nach Italien<\/b><\/span><\/p>\n<p class=\"p1\"><span class=\"s1\">Nicht allen ist zum Lachen zu Mute: Viele suchen eher Orientierung und Fakten, um die Krise einsch\u00e4tzen zu k\u00f6nnen. Was kommt da auf uns zu? Asmaa Yousuf hat mit \u00e4gyptischen Bekannten gesprochen, die in China wohnen und dort gerade erleben, wie das Land aus der CORONA-Starre wiedererwacht. Sie hat auch mit Bekannten gesprochen, die in Norditalien noch mittendrin stecken. Wie so oft wirken <a href=\"https:\/\/amalberlin.de\/2020\/03\/22\/%d8%a8%d8%a7%d8%b1%d9%82%d8%a9-%d8%a3%d9%85%d9%84-%d9%85%d9%86-%d8%a7%d9%84%d8%b5%d9%8a%d9%86-%d9%88%d8%a3%d9%86%d9%81%d8%a7%d8%b3-%d9%85%d8%ad%d8%a8%d9%88%d8%b3%d8%a9-%d8%a8%d8%a5%d9%8a%d8%b7%d8%a7\/\">Informationen glaubw\u00fcrdiger<\/a>, wenn sie von Bekannten erz\u00e4hlt werden und diese auch noch aus dem gleichen Kulturkreis stammen.<\/span><\/p>\n<p class=\"p1\"><span class=\"s1\">\u00a0<\/span><\/p>\n<p class=\"p3\"><span class=\"s1\"><b>Bleiben Sie bloss gesund!<\/b><\/span><\/p>\n<p class=\"p1\"><span class=\"s1\">Besonders viele Kommentare und Herzchen haben wir f\u00fcr einen sehr pers\u00f6nlichen und fast Liebeserkl\u00e4rungs-\u00e4hnlichen Text bekommen. Samer Masouh fasst darin seine besten W\u00fcnsch f\u00fcr die Bundeskanzlerin zusammen: &#8222;Wir sind sehr besorgt, weil wir geh\u00f6rt haben, dass sie Kontakt zu einer infizierten Person hatten, Frau Merkel&#8220;.<\/span><\/p>\n<p>Illustration: Noah Ibrahim, https:\/\/www.facebook.com\/noahibrahim86<\/p>\n<p>&nbsp;<\/p>\n","protected":false},"excerpt":{"rendered":"<p>Was macht CORONA mit uns? Das ist eine Frage mit vielen Antworten. Anas Khabir hat sich auf der Berliner Sonnenallee umgeh\u00f6rt und Neuangekommene aus arabischen L\u00e4ndern gefragt. Viele machen sich Sorgen, versuchen, so wenig wie m\u00f6glich unter Leute zu kommen. Einige tragen Schutzmasken und Handschuhe. Andere hingegen halten die Aufregung f\u00fcr \u00fcbertrieben oder vertrauen auf&#8230;  <a class=\"excerpt-read-more\" href=\"https:\/\/amalhamburg.de\/de\/2020\/03\/25\/corona-woche-3-3\/\" title=\"Read Corona, Woche 3\">Weiter &raquo;<\/a><\/p>\n","protected":false},"author":10,"featured_media":22182,"comment_status":"closed","ping_status":"open","sticky":false,"template":"","format":"standard","meta":{"_acf_changed":false,"footnotes":""},"categories":[401],"tags":[],"class_list":["post-22186","post","type-post","status-publish","format-standard","has-post-thumbnail","hentry","category-nachrichten"],"acf":[],"yoast_head":"<!-- This site is optimized with the Yoast SEO plugin v27.5 - https:\/\/yoast.com\/product\/yoast-seo-wordpress\/ -->\n<title>Corona, Woche 3 - Amal, Hamburg!<\/title>\n<meta name=\"robots\" content=\"index, follow, max-snippet:-1, max-image-preview:large, max-video-preview:-1\" \/>\n<link rel=\"canonical\" href=\"https:\/\/amalhamburg.de\/de\/2020\/03\/25\/corona-woche-3-3\/\" \/>\n<meta property=\"og:locale\" content=\"de_DE\" \/>\n<meta property=\"og:type\" content=\"article\" \/>\n<meta property=\"og:title\" content=\"Corona, Woche 3 - Amal, Hamburg!\" \/>\n<meta property=\"og:description\" content=\"Was macht CORONA mit uns? Das ist eine Frage mit vielen Antworten. Anas Khabir hat sich auf der Berliner Sonnenallee umgeh\u00f6rt und Neuangekommene aus arabischen L\u00e4ndern gefragt. Viele machen sich Sorgen, versuchen, so wenig wie m\u00f6glich unter Leute zu kommen. Einige tragen Schutzmasken und Handschuhe. Andere hingegen halten die Aufregung f\u00fcr \u00fcbertrieben oder vertrauen auf... Weiter &raquo;\" \/>\n<meta property=\"og:url\" content=\"https:\/\/amalhamburg.de\/de\/2020\/03\/25\/corona-woche-3-3\/\" \/>\n<meta property=\"og:site_name\" content=\"Amal, Hamburg!\" \/>\n<meta property=\"article:published_time\" content=\"2020-03-25T17:22:29+00:00\" \/>\n<meta property=\"article:modified_time\" content=\"2020-03-25T17:22:32+00:00\" \/>\n<meta property=\"og:image\" content=\"https:\/\/amalhamburg.de\/wp-content\/uploads\/sites\/2\/2020\/03\/\u0644\u0643-\u0627\u0644\u0627\u062e\u062a\u064a\u0627\u0631-DE-amal-berlin-green-color-scaled.jpg\" \/>\n\t<meta property=\"og:image:width\" content=\"1188\" \/>\n\t<meta property=\"og:image:height\" content=\"840\" \/>\n\t<meta property=\"og:image:type\" content=\"image\/jpeg\" \/>\n<meta name=\"author\" content=\"Cornelia Gerlach\" \/>\n<meta name=\"twitter:card\" content=\"summary_large_image\" \/>\n<meta name=\"twitter:label1\" content=\"Verfasst von\" \/>\n\t<meta name=\"twitter:data1\" content=\"Cornelia Gerlach\" \/>\n\t<meta name=\"twitter:label2\" content=\"Gesch\u00e4tzte Lesezeit\" \/>\n\t<meta name=\"twitter:data2\" content=\"3\u00a0Minuten\" \/>\n<script type=\"application\/ld+json\" class=\"yoast-schema-graph\">{\"@context\":\"https:\\\/\\\/schema.org\",\"@graph\":[{\"@type\":\"Article\",\"@id\":\"https:\\\/\\\/amalhamburg.de\\\/de\\\/2020\\\/03\\\/25\\\/corona-woche-3-3\\\/#article\",\"isPartOf\":{\"@id\":\"https:\\\/\\\/amalhamburg.de\\\/de\\\/2020\\\/03\\\/25\\\/corona-woche-3-3\\\/\"},\"author\":{\"name\":\"Cornelia Gerlach\",\"@id\":\"https:\\\/\\\/amalhamburg.de\\\/de\\\/#\\\/schema\\\/person\\\/b38c2d45c0eb9b9e994801d3f87a2247\"},\"headline\":\"Corona, Woche 3\",\"datePublished\":\"2020-03-25T17:22:29+00:00\",\"dateModified\":\"2020-03-25T17:22:32+00:00\",\"mainEntityOfPage\":{\"@id\":\"https:\\\/\\\/amalhamburg.de\\\/de\\\/2020\\\/03\\\/25\\\/corona-woche-3-3\\\/\"},\"wordCount\":684,\"image\":{\"@id\":\"https:\\\/\\\/amalhamburg.de\\\/de\\\/2020\\\/03\\\/25\\\/corona-woche-3-3\\\/#primaryimage\"},\"thumbnailUrl\":\"https:\\\/\\\/amalhamburg.de\\\/wp-content\\\/uploads\\\/sites\\\/2\\\/2020\\\/03\\\/\u0644\u0643-\u0627\u0644\u0627\u062e\u062a\u064a\u0627\u0631-DE-amal-berlin-green-color-scaled.jpg\",\"articleSection\":[\"Beitr\u00e4ge\"],\"inLanguage\":\"de\"},{\"@type\":\"WebPage\",\"@id\":\"https:\\\/\\\/amalhamburg.de\\\/de\\\/2020\\\/03\\\/25\\\/corona-woche-3-3\\\/\",\"url\":\"https:\\\/\\\/amalhamburg.de\\\/de\\\/2020\\\/03\\\/25\\\/corona-woche-3-3\\\/\",\"name\":\"Corona, Woche 3 - Amal, Hamburg!\",\"isPartOf\":{\"@id\":\"https:\\\/\\\/amalhamburg.de\\\/de\\\/#website\"},\"primaryImageOfPage\":{\"@id\":\"https:\\\/\\\/amalhamburg.de\\\/de\\\/2020\\\/03\\\/25\\\/corona-woche-3-3\\\/#primaryimage\"},\"image\":{\"@id\":\"https:\\\/\\\/amalhamburg.de\\\/de\\\/2020\\\/03\\\/25\\\/corona-woche-3-3\\\/#primaryimage\"},\"thumbnailUrl\":\"https:\\\/\\\/amalhamburg.de\\\/wp-content\\\/uploads\\\/sites\\\/2\\\/2020\\\/03\\\/\u0644\u0643-\u0627\u0644\u0627\u062e\u062a\u064a\u0627\u0631-DE-amal-berlin-green-color-scaled.jpg\",\"datePublished\":\"2020-03-25T17:22:29+00:00\",\"dateModified\":\"2020-03-25T17:22:32+00:00\",\"author\":{\"@id\":\"https:\\\/\\\/amalhamburg.de\\\/de\\\/#\\\/schema\\\/person\\\/b38c2d45c0eb9b9e994801d3f87a2247\"},\"breadcrumb\":{\"@id\":\"https:\\\/\\\/amalhamburg.de\\\/de\\\/2020\\\/03\\\/25\\\/corona-woche-3-3\\\/#breadcrumb\"},\"inLanguage\":\"de\",\"potentialAction\":[{\"@type\":\"ReadAction\",\"target\":[\"https:\\\/\\\/amalhamburg.de\\\/de\\\/2020\\\/03\\\/25\\\/corona-woche-3-3\\\/\"]}]},{\"@type\":\"ImageObject\",\"inLanguage\":\"de\",\"@id\":\"https:\\\/\\\/amalhamburg.de\\\/de\\\/2020\\\/03\\\/25\\\/corona-woche-3-3\\\/#primaryimage\",\"url\":\"https:\\\/\\\/amalhamburg.de\\\/wp-content\\\/uploads\\\/sites\\\/2\\\/2020\\\/03\\\/\u0644\u0643-\u0627\u0644\u0627\u062e\u062a\u064a\u0627\u0631-DE-amal-berlin-green-color-scaled.jpg\",\"contentUrl\":\"https:\\\/\\\/amalhamburg.de\\\/wp-content\\\/uploads\\\/sites\\\/2\\\/2020\\\/03\\\/\u0644\u0643-\u0627\u0644\u0627\u062e\u062a\u064a\u0627\u0631-DE-amal-berlin-green-color-scaled.jpg\",\"width\":1188,\"height\":840},{\"@type\":\"BreadcrumbList\",\"@id\":\"https:\\\/\\\/amalhamburg.de\\\/de\\\/2020\\\/03\\\/25\\\/corona-woche-3-3\\\/#breadcrumb\",\"itemListElement\":[{\"@type\":\"ListItem\",\"position\":1,\"name\":\"Home\",\"item\":\"https:\\\/\\\/amalhamburg.de\\\/de\\\/\"},{\"@type\":\"ListItem\",\"position\":2,\"name\":\"Corona, Woche 3\"}]},{\"@type\":\"WebSite\",\"@id\":\"https:\\\/\\\/amalhamburg.de\\\/de\\\/#website\",\"url\":\"https:\\\/\\\/amalhamburg.de\\\/de\\\/\",\"name\":\"Amal, Hamburg!\",\"description\":\"\",\"potentialAction\":[{\"@type\":\"SearchAction\",\"target\":{\"@type\":\"EntryPoint\",\"urlTemplate\":\"https:\\\/\\\/amalhamburg.de\\\/de\\\/?s={search_term_string}\"},\"query-input\":{\"@type\":\"PropertyValueSpecification\",\"valueRequired\":true,\"valueName\":\"search_term_string\"}}],\"inLanguage\":\"de\"},{\"@type\":\"Person\",\"@id\":\"https:\\\/\\\/amalhamburg.de\\\/de\\\/#\\\/schema\\\/person\\\/b38c2d45c0eb9b9e994801d3f87a2247\",\"name\":\"Cornelia Gerlach\",\"image\":{\"@type\":\"ImageObject\",\"inLanguage\":\"de\",\"@id\":\"https:\\\/\\\/amalhamburg.de\\\/wp-content\\\/uploads\\\/sites\\\/2\\\/2019\\\/04\\\/aaaCornelia_Gerlach-125x125.jpg\",\"url\":\"https:\\\/\\\/amalhamburg.de\\\/wp-content\\\/uploads\\\/sites\\\/2\\\/2019\\\/04\\\/aaaCornelia_Gerlach-125x125.jpg\",\"contentUrl\":\"https:\\\/\\\/amalhamburg.de\\\/wp-content\\\/uploads\\\/sites\\\/2\\\/2019\\\/04\\\/aaaCornelia_Gerlach-125x125.jpg\",\"caption\":\"Cornelia Gerlach\"},\"description\":\"Cornelia Gerlach ist Projektleiterin bei Amal, Berlin! Daneben arbeitet sie als freie Journalistin und Dozentin f\u00fcr Reportage und Storytelling.\",\"url\":\"https:\\\/\\\/amalhamburg.de\\\/de\\\/author\\\/conny\\\/\"}]}<\/script>\n<!-- \/ Yoast SEO plugin. -->","yoast_head_json":{"title":"Corona, Woche 3 - Amal, Hamburg!","robots":{"index":"index","follow":"follow","max-snippet":"max-snippet:-1","max-image-preview":"max-image-preview:large","max-video-preview":"max-video-preview:-1"},"canonical":"https:\/\/amalhamburg.de\/de\/2020\/03\/25\/corona-woche-3-3\/","og_locale":"de_DE","og_type":"article","og_title":"Corona, Woche 3 - Amal, Hamburg!","og_description":"Was macht CORONA mit uns? Das ist eine Frage mit vielen Antworten. Anas Khabir hat sich auf der Berliner Sonnenallee umgeh\u00f6rt und Neuangekommene aus arabischen L\u00e4ndern gefragt. Viele machen sich Sorgen, versuchen, so wenig wie m\u00f6glich unter Leute zu kommen. Einige tragen Schutzmasken und Handschuhe. Andere hingegen halten die Aufregung f\u00fcr \u00fcbertrieben oder vertrauen auf... Weiter &raquo;","og_url":"https:\/\/amalhamburg.de\/de\/2020\/03\/25\/corona-woche-3-3\/","og_site_name":"Amal, Hamburg!","article_published_time":"2020-03-25T17:22:29+00:00","article_modified_time":"2020-03-25T17:22:32+00:00","og_image":[{"width":1188,"height":840,"url":"https:\/\/amalhamburg.de\/wp-content\/uploads\/sites\/2\/2020\/03\/\u0644\u0643-\u0627\u0644\u0627\u062e\u062a\u064a\u0627\u0631-DE-amal-berlin-green-color-scaled.jpg","type":"image\/jpeg"}],"author":"Cornelia Gerlach","twitter_card":"summary_large_image","twitter_misc":{"Verfasst von":"Cornelia Gerlach","Gesch\u00e4tzte Lesezeit":"3\u00a0Minuten"},"schema":{"@context":"https:\/\/schema.org","@graph":[{"@type":"Article","@id":"https:\/\/amalhamburg.de\/de\/2020\/03\/25\/corona-woche-3-3\/#article","isPartOf":{"@id":"https:\/\/amalhamburg.de\/de\/2020\/03\/25\/corona-woche-3-3\/"},"author":{"name":"Cornelia Gerlach","@id":"https:\/\/amalhamburg.de\/de\/#\/schema\/person\/b38c2d45c0eb9b9e994801d3f87a2247"},"headline":"Corona, Woche 3","datePublished":"2020-03-25T17:22:29+00:00","dateModified":"2020-03-25T17:22:32+00:00","mainEntityOfPage":{"@id":"https:\/\/amalhamburg.de\/de\/2020\/03\/25\/corona-woche-3-3\/"},"wordCount":684,"image":{"@id":"https:\/\/amalhamburg.de\/de\/2020\/03\/25\/corona-woche-3-3\/#primaryimage"},"thumbnailUrl":"https:\/\/amalhamburg.de\/wp-content\/uploads\/sites\/2\/2020\/03\/\u0644\u0643-\u0627\u0644\u0627\u062e\u062a\u064a\u0627\u0631-DE-amal-berlin-green-color-scaled.jpg","articleSection":["Beitr\u00e4ge"],"inLanguage":"de"},{"@type":"WebPage","@id":"https:\/\/amalhamburg.de\/de\/2020\/03\/25\/corona-woche-3-3\/","url":"https:\/\/amalhamburg.de\/de\/2020\/03\/25\/corona-woche-3-3\/","name":"Corona, Woche 3 - Amal, Hamburg!","isPartOf":{"@id":"https:\/\/amalhamburg.de\/de\/#website"},"primaryImageOfPage":{"@id":"https:\/\/amalhamburg.de\/de\/2020\/03\/25\/corona-woche-3-3\/#primaryimage"},"image":{"@id":"https:\/\/amalhamburg.de\/de\/2020\/03\/25\/corona-woche-3-3\/#primaryimage"},"thumbnailUrl":"https:\/\/amalhamburg.de\/wp-content\/uploads\/sites\/2\/2020\/03\/\u0644\u0643-\u0627\u0644\u0627\u062e\u062a\u064a\u0627\u0631-DE-amal-berlin-green-color-scaled.jpg","datePublished":"2020-03-25T17:22:29+00:00","dateModified":"2020-03-25T17:22:32+00:00","author":{"@id":"https:\/\/amalhamburg.de\/de\/#\/schema\/person\/b38c2d45c0eb9b9e994801d3f87a2247"},"breadcrumb":{"@id":"https:\/\/amalhamburg.de\/de\/2020\/03\/25\/corona-woche-3-3\/#breadcrumb"},"inLanguage":"de","potentialAction":[{"@type":"ReadAction","target":["https:\/\/amalhamburg.de\/de\/2020\/03\/25\/corona-woche-3-3\/"]}]},{"@type":"ImageObject","inLanguage":"de","@id":"https:\/\/amalhamburg.de\/de\/2020\/03\/25\/corona-woche-3-3\/#primaryimage","url":"https:\/\/amalhamburg.de\/wp-content\/uploads\/sites\/2\/2020\/03\/\u0644\u0643-\u0627\u0644\u0627\u062e\u062a\u064a\u0627\u0631-DE-amal-berlin-green-color-scaled.jpg","contentUrl":"https:\/\/amalhamburg.de\/wp-content\/uploads\/sites\/2\/2020\/03\/\u0644\u0643-\u0627\u0644\u0627\u062e\u062a\u064a\u0627\u0631-DE-amal-berlin-green-color-scaled.jpg","width":1188,"height":840},{"@type":"BreadcrumbList","@id":"https:\/\/amalhamburg.de\/de\/2020\/03\/25\/corona-woche-3-3\/#breadcrumb","itemListElement":[{"@type":"ListItem","position":1,"name":"Home","item":"https:\/\/amalhamburg.de\/de\/"},{"@type":"ListItem","position":2,"name":"Corona, Woche 3"}]},{"@type":"WebSite","@id":"https:\/\/amalhamburg.de\/de\/#website","url":"https:\/\/amalhamburg.de\/de\/","name":"Amal, Hamburg!","description":"","potentialAction":[{"@type":"SearchAction","target":{"@type":"EntryPoint","urlTemplate":"https:\/\/amalhamburg.de\/de\/?s={search_term_string}"},"query-input":{"@type":"PropertyValueSpecification","valueRequired":true,"valueName":"search_term_string"}}],"inLanguage":"de"},{"@type":"Person","@id":"https:\/\/amalhamburg.de\/de\/#\/schema\/person\/b38c2d45c0eb9b9e994801d3f87a2247","name":"Cornelia Gerlach","image":{"@type":"ImageObject","inLanguage":"de","@id":"https:\/\/amalhamburg.de\/wp-content\/uploads\/sites\/2\/2019\/04\/aaaCornelia_Gerlach-125x125.jpg","url":"https:\/\/amalhamburg.de\/wp-content\/uploads\/sites\/2\/2019\/04\/aaaCornelia_Gerlach-125x125.jpg","contentUrl":"https:\/\/amalhamburg.de\/wp-content\/uploads\/sites\/2\/2019\/04\/aaaCornelia_Gerlach-125x125.jpg","caption":"Cornelia Gerlach"},"description":"Cornelia Gerlach ist Projektleiterin bei Amal, Berlin! Daneben arbeitet sie als freie Journalistin und Dozentin f\u00fcr Reportage und Storytelling.","url":"https:\/\/amalhamburg.de\/de\/author\/conny\/"}]}},"_links":{"self":[{"href":"https:\/\/amalhamburg.de\/de\/wp-json\/wp\/v2\/posts\/22186","targetHints":{"allow":["GET"]}}],"collection":[{"href":"https:\/\/amalhamburg.de\/de\/wp-json\/wp\/v2\/posts"}],"about":[{"href":"https:\/\/amalhamburg.de\/de\/wp-json\/wp\/v2\/types\/post"}],"author":[{"embeddable":true,"href":"https:\/\/amalhamburg.de\/de\/wp-json\/wp\/v2\/users\/10"}],"replies":[{"embeddable":true,"href":"https:\/\/amalhamburg.de\/de\/wp-json\/wp\/v2\/comments?post=22186"}],"version-history":[{"count":1,"href":"https:\/\/amalhamburg.de\/de\/wp-json\/wp\/v2\/posts\/22186\/revisions"}],"predecessor-version":[{"id":22187,"href":"https:\/\/amalhamburg.de\/de\/wp-json\/wp\/v2\/posts\/22186\/revisions\/22187"}],"wp:featuredmedia":[{"embeddable":true,"href":"https:\/\/amalhamburg.de\/de\/wp-json\/wp\/v2\/media\/22182"}],"wp:attachment":[{"href":"https:\/\/amalhamburg.de\/de\/wp-json\/wp\/v2\/media?parent=22186"}],"wp:term":[{"taxonomy":"category","embeddable":true,"href":"https:\/\/amalhamburg.de\/de\/wp-json\/wp\/v2\/categories?post=22186"},{"taxonomy":"post_tag","embeddable":true,"href":"https:\/\/amalhamburg.de\/de\/wp-json\/wp\/v2\/tags?post=22186"}],"curies":[{"name":"wp","href":"https:\/\/api.w.org\/{rel}","templated":true}]}}