{"id":12615,"date":"2019-10-06T16:28:40","date_gmt":"2019-10-06T14:28:40","guid":{"rendered":"https:\/\/amalhamburg.de\/2019\/10\/06\/amal-berlin-ueber-die-arabischen-musiktage\/"},"modified":"2019-10-06T16:28:40","modified_gmt":"2019-10-06T14:28:40","slug":"amal-berlin-ueber-die-arabischen-musiktage","status":"publish","type":"post","link":"https:\/\/amalhamburg.de\/de\/2019\/10\/06\/amal-berlin-ueber-die-arabischen-musiktage\/","title":{"rendered":"Amal, Berlin! \u00fcber die Arabischen Musiktage"},"content":{"rendered":"<p><iframe loading=\"lazy\" title=\"\u0645\u0647\u0631\u062c\u0627\u0646 &quot;\u0623\u064a\u0627\u0645 \u0627\u0644\u0645\u0648\u0633\u064a\u0642\u0649 \u0627\u0644\u0639\u0631\u0628\u064a\u0629&quot; \u0627\u0644\u062b\u0627\u0646\u064a \u0641\u064a \u0627\u0644\u0639\u0627\u0635\u0645\u0629 \u0627\u0644\u0627\u0644\u0645\u0627\u0646\u064a\u0629 \u0628\u0631\u0644\u064a\u0646\" width=\"680\" height=\"383\" src=\"https:\/\/www.youtube.com\/embed\/JDyTxruAPfM?feature=oembed\" frameborder=\"0\" allow=\"accelerometer; autoplay; encrypted-media; gyroscope; picture-in-picture\" allowfullscreen><\/iframe><\/p>\n","protected":false},"excerpt":{"rendered":"","protected":false},"author":13,"featured_media":12619,"comment_status":"closed","ping_status":"open","sticky":false,"template":"","format":"standard","meta":{"_acf_changed":false,"footnotes":""},"categories":[82],"tags":[],"class_list":["post-12615","post","type-post","status-publish","format-standard","has-post-thumbnail","hentry","category-video"],"acf":[],"yoast_head":"<!-- This site is optimized with the Yoast SEO plugin v27.5 - https:\/\/yoast.com\/product\/yoast-seo-wordpress\/ -->\n<title>Amal, Berlin! \u00fcber die Arabischen Musiktage - Amal, Hamburg!<\/title>\n<meta name=\"robots\" content=\"index, follow, max-snippet:-1, max-image-preview:large, max-video-preview:-1\" \/>\n<link rel=\"canonical\" href=\"https:\/\/amalhamburg.de\/de\/2019\/10\/06\/amal-berlin-ueber-die-arabischen-musiktage\/\" \/>\n<meta property=\"og:locale\" content=\"de_DE\" \/>\n<meta property=\"og:type\" content=\"article\" \/>\n<meta property=\"og:title\" content=\"Amal, Berlin! \u00fcber die Arabischen Musiktage - Amal, Hamburg!\" \/>\n<meta property=\"og:url\" content=\"https:\/\/amalhamburg.de\/de\/2019\/10\/06\/amal-berlin-ueber-die-arabischen-musiktage\/\" \/>\n<meta property=\"og:site_name\" content=\"Amal, Hamburg!\" \/>\n<meta property=\"article:published_time\" content=\"2019-10-06T14:28:40+00:00\" \/>\n<meta property=\"og:image\" content=\"https:\/\/amalhamburg.de\/wp-content\/uploads\/sites\/2\/2019\/10\/amal-berlin-ber-die-arabischen-musiktage-JDyTxruAPfM.jpg\" \/>\n\t<meta property=\"og:image:width\" content=\"1260\" \/>\n\t<meta property=\"og:image:height\" content=\"709\" \/>\n\t<meta property=\"og:image:type\" content=\"image\/jpeg\" \/>\n<meta name=\"author\" content=\"Julia Gerlach\" \/>\n<meta name=\"twitter:card\" content=\"summary_large_image\" \/>\n<meta name=\"twitter:label1\" content=\"Verfasst von\" \/>\n\t<meta name=\"twitter:data1\" content=\"Julia Gerlach\" \/>\n<script type=\"application\/ld+json\" class=\"yoast-schema-graph\">{\"@context\":\"https:\\\/\\\/schema.org\",\"@graph\":[{\"@type\":\"Article\",\"@id\":\"https:\\\/\\\/amalhamburg.de\\\/de\\\/2019\\\/10\\\/06\\\/amal-berlin-ueber-die-arabischen-musiktage\\\/#article\",\"isPartOf\":{\"@id\":\"https:\\\/\\\/amalhamburg.de\\\/de\\\/2019\\\/10\\\/06\\\/amal-berlin-ueber-die-arabischen-musiktage\\\/\"},\"author\":{\"name\":\"Julia Gerlach\",\"@id\":\"https:\\\/\\\/amalhamburg.de\\\/de\\\/#\\\/schema\\\/person\\\/69d08bbfd6c317e7166f72efca0b9e05\"},\"headline\":\"Amal, Berlin! \u00fcber die Arabischen Musiktage\",\"datePublished\":\"2019-10-06T14:28:40+00:00\",\"mainEntityOfPage\":{\"@id\":\"https:\\\/\\\/amalhamburg.de\\\/de\\\/2019\\\/10\\\/06\\\/amal-berlin-ueber-die-arabischen-musiktage\\\/\"},\"wordCount\":10,\"image\":{\"@id\":\"https:\\\/\\\/amalhamburg.de\\\/de\\\/2019\\\/10\\\/06\\\/amal-berlin-ueber-die-arabischen-musiktage\\\/#primaryimage\"},\"thumbnailUrl\":\"https:\\\/\\\/amalhamburg.de\\\/wp-content\\\/uploads\\\/sites\\\/2\\\/2019\\\/10\\\/amal-berlin-ber-die-arabischen-musiktage-JDyTxruAPfM.jpg\",\"articleSection\":[\"Video\"],\"inLanguage\":\"de\"},{\"@type\":\"WebPage\",\"@id\":\"https:\\\/\\\/amalhamburg.de\\\/de\\\/2019\\\/10\\\/06\\\/amal-berlin-ueber-die-arabischen-musiktage\\\/\",\"url\":\"https:\\\/\\\/amalhamburg.de\\\/de\\\/2019\\\/10\\\/06\\\/amal-berlin-ueber-die-arabischen-musiktage\\\/\",\"name\":\"Amal, Berlin! \u00fcber die Arabischen Musiktage - Amal, Hamburg!\",\"isPartOf\":{\"@id\":\"https:\\\/\\\/amalhamburg.de\\\/de\\\/#website\"},\"primaryImageOfPage\":{\"@id\":\"https:\\\/\\\/amalhamburg.de\\\/de\\\/2019\\\/10\\\/06\\\/amal-berlin-ueber-die-arabischen-musiktage\\\/#primaryimage\"},\"image\":{\"@id\":\"https:\\\/\\\/amalhamburg.de\\\/de\\\/2019\\\/10\\\/06\\\/amal-berlin-ueber-die-arabischen-musiktage\\\/#primaryimage\"},\"thumbnailUrl\":\"https:\\\/\\\/amalhamburg.de\\\/wp-content\\\/uploads\\\/sites\\\/2\\\/2019\\\/10\\\/amal-berlin-ber-die-arabischen-musiktage-JDyTxruAPfM.jpg\",\"datePublished\":\"2019-10-06T14:28:40+00:00\",\"author\":{\"@id\":\"https:\\\/\\\/amalhamburg.de\\\/de\\\/#\\\/schema\\\/person\\\/69d08bbfd6c317e7166f72efca0b9e05\"},\"breadcrumb\":{\"@id\":\"https:\\\/\\\/amalhamburg.de\\\/de\\\/2019\\\/10\\\/06\\\/amal-berlin-ueber-die-arabischen-musiktage\\\/#breadcrumb\"},\"inLanguage\":\"de\",\"potentialAction\":[{\"@type\":\"ReadAction\",\"target\":[\"https:\\\/\\\/amalhamburg.de\\\/de\\\/2019\\\/10\\\/06\\\/amal-berlin-ueber-die-arabischen-musiktage\\\/\"]}]},{\"@type\":\"ImageObject\",\"inLanguage\":\"de\",\"@id\":\"https:\\\/\\\/amalhamburg.de\\\/de\\\/2019\\\/10\\\/06\\\/amal-berlin-ueber-die-arabischen-musiktage\\\/#primaryimage\",\"url\":\"https:\\\/\\\/amalhamburg.de\\\/wp-content\\\/uploads\\\/sites\\\/2\\\/2019\\\/10\\\/amal-berlin-ber-die-arabischen-musiktage-JDyTxruAPfM.jpg\",\"contentUrl\":\"https:\\\/\\\/amalhamburg.de\\\/wp-content\\\/uploads\\\/sites\\\/2\\\/2019\\\/10\\\/amal-berlin-ber-die-arabischen-musiktage-JDyTxruAPfM.jpg\",\"width\":1260,\"height\":709},{\"@type\":\"BreadcrumbList\",\"@id\":\"https:\\\/\\\/amalhamburg.de\\\/de\\\/2019\\\/10\\\/06\\\/amal-berlin-ueber-die-arabischen-musiktage\\\/#breadcrumb\",\"itemListElement\":[{\"@type\":\"ListItem\",\"position\":1,\"name\":\"Home\",\"item\":\"https:\\\/\\\/amalhamburg.de\\\/de\\\/\"},{\"@type\":\"ListItem\",\"position\":2,\"name\":\"Amal, Berlin! \u00fcber die Arabischen Musiktage\"}]},{\"@type\":\"WebSite\",\"@id\":\"https:\\\/\\\/amalhamburg.de\\\/de\\\/#website\",\"url\":\"https:\\\/\\\/amalhamburg.de\\\/de\\\/\",\"name\":\"Amal, Hamburg!\",\"description\":\"\",\"potentialAction\":[{\"@type\":\"SearchAction\",\"target\":{\"@type\":\"EntryPoint\",\"urlTemplate\":\"https:\\\/\\\/amalhamburg.de\\\/de\\\/?s={search_term_string}\"},\"query-input\":{\"@type\":\"PropertyValueSpecification\",\"valueRequired\":true,\"valueName\":\"search_term_string\"}}],\"inLanguage\":\"de\"},{\"@type\":\"Person\",\"@id\":\"https:\\\/\\\/amalhamburg.de\\\/de\\\/#\\\/schema\\\/person\\\/69d08bbfd6c317e7166f72efca0b9e05\",\"name\":\"Julia Gerlach\",\"image\":{\"@type\":\"ImageObject\",\"inLanguage\":\"de\",\"@id\":\"https:\\\/\\\/amalhamburg.de\\\/wp-content\\\/uploads\\\/sites\\\/2\\\/2019\\\/04\\\/aaaJulia-Gerlach-1-125x125.jpg\",\"url\":\"https:\\\/\\\/amalhamburg.de\\\/wp-content\\\/uploads\\\/sites\\\/2\\\/2019\\\/04\\\/aaaJulia-Gerlach-1-125x125.jpg\",\"contentUrl\":\"https:\\\/\\\/amalhamburg.de\\\/wp-content\\\/uploads\\\/sites\\\/2\\\/2019\\\/04\\\/aaaJulia-Gerlach-1-125x125.jpg\",\"caption\":\"Julia Gerlach\"},\"description\":\"Julia Gerlach ist Projektleiterin bei Amal, Berlin! Von 2008 bis 2015 hat sie als Korrespondentin f\u00fcr deutsche Medien aus Kairo \u00fcber die arabischen Welt berichtet. Zuvor war sie Redakteurin beim heute Journal des ZDF. Sie hat mehrere Sachb\u00fccher \u00fcber den Islam in Deutschland und den Arabischen Fr\u00fchling geschrieben.\",\"url\":\"https:\\\/\\\/amalhamburg.de\\\/de\\\/author\\\/julia\\\/\"}]}<\/script>\n<!-- \/ Yoast SEO plugin. -->","yoast_head_json":{"title":"Amal, Berlin! \u00fcber die Arabischen Musiktage - Amal, Hamburg!","robots":{"index":"index","follow":"follow","max-snippet":"max-snippet:-1","max-image-preview":"max-image-preview:large","max-video-preview":"max-video-preview:-1"},"canonical":"https:\/\/amalhamburg.de\/de\/2019\/10\/06\/amal-berlin-ueber-die-arabischen-musiktage\/","og_locale":"de_DE","og_type":"article","og_title":"Amal, Berlin! \u00fcber die Arabischen Musiktage - Amal, Hamburg!","og_url":"https:\/\/amalhamburg.de\/de\/2019\/10\/06\/amal-berlin-ueber-die-arabischen-musiktage\/","og_site_name":"Amal, Hamburg!","article_published_time":"2019-10-06T14:28:40+00:00","og_image":[{"width":1260,"height":709,"url":"https:\/\/amalhamburg.de\/wp-content\/uploads\/sites\/2\/2019\/10\/amal-berlin-ber-die-arabischen-musiktage-JDyTxruAPfM.jpg","type":"image\/jpeg"}],"author":"Julia Gerlach","twitter_card":"summary_large_image","twitter_misc":{"Verfasst von":"Julia Gerlach"},"schema":{"@context":"https:\/\/schema.org","@graph":[{"@type":"Article","@id":"https:\/\/amalhamburg.de\/de\/2019\/10\/06\/amal-berlin-ueber-die-arabischen-musiktage\/#article","isPartOf":{"@id":"https:\/\/amalhamburg.de\/de\/2019\/10\/06\/amal-berlin-ueber-die-arabischen-musiktage\/"},"author":{"name":"Julia Gerlach","@id":"https:\/\/amalhamburg.de\/de\/#\/schema\/person\/69d08bbfd6c317e7166f72efca0b9e05"},"headline":"Amal, Berlin! \u00fcber die Arabischen Musiktage","datePublished":"2019-10-06T14:28:40+00:00","mainEntityOfPage":{"@id":"https:\/\/amalhamburg.de\/de\/2019\/10\/06\/amal-berlin-ueber-die-arabischen-musiktage\/"},"wordCount":10,"image":{"@id":"https:\/\/amalhamburg.de\/de\/2019\/10\/06\/amal-berlin-ueber-die-arabischen-musiktage\/#primaryimage"},"thumbnailUrl":"https:\/\/amalhamburg.de\/wp-content\/uploads\/sites\/2\/2019\/10\/amal-berlin-ber-die-arabischen-musiktage-JDyTxruAPfM.jpg","articleSection":["Video"],"inLanguage":"de"},{"@type":"WebPage","@id":"https:\/\/amalhamburg.de\/de\/2019\/10\/06\/amal-berlin-ueber-die-arabischen-musiktage\/","url":"https:\/\/amalhamburg.de\/de\/2019\/10\/06\/amal-berlin-ueber-die-arabischen-musiktage\/","name":"Amal, Berlin! \u00fcber die Arabischen Musiktage - Amal, Hamburg!","isPartOf":{"@id":"https:\/\/amalhamburg.de\/de\/#website"},"primaryImageOfPage":{"@id":"https:\/\/amalhamburg.de\/de\/2019\/10\/06\/amal-berlin-ueber-die-arabischen-musiktage\/#primaryimage"},"image":{"@id":"https:\/\/amalhamburg.de\/de\/2019\/10\/06\/amal-berlin-ueber-die-arabischen-musiktage\/#primaryimage"},"thumbnailUrl":"https:\/\/amalhamburg.de\/wp-content\/uploads\/sites\/2\/2019\/10\/amal-berlin-ber-die-arabischen-musiktage-JDyTxruAPfM.jpg","datePublished":"2019-10-06T14:28:40+00:00","author":{"@id":"https:\/\/amalhamburg.de\/de\/#\/schema\/person\/69d08bbfd6c317e7166f72efca0b9e05"},"breadcrumb":{"@id":"https:\/\/amalhamburg.de\/de\/2019\/10\/06\/amal-berlin-ueber-die-arabischen-musiktage\/#breadcrumb"},"inLanguage":"de","potentialAction":[{"@type":"ReadAction","target":["https:\/\/amalhamburg.de\/de\/2019\/10\/06\/amal-berlin-ueber-die-arabischen-musiktage\/"]}]},{"@type":"ImageObject","inLanguage":"de","@id":"https:\/\/amalhamburg.de\/de\/2019\/10\/06\/amal-berlin-ueber-die-arabischen-musiktage\/#primaryimage","url":"https:\/\/amalhamburg.de\/wp-content\/uploads\/sites\/2\/2019\/10\/amal-berlin-ber-die-arabischen-musiktage-JDyTxruAPfM.jpg","contentUrl":"https:\/\/amalhamburg.de\/wp-content\/uploads\/sites\/2\/2019\/10\/amal-berlin-ber-die-arabischen-musiktage-JDyTxruAPfM.jpg","width":1260,"height":709},{"@type":"BreadcrumbList","@id":"https:\/\/amalhamburg.de\/de\/2019\/10\/06\/amal-berlin-ueber-die-arabischen-musiktage\/#breadcrumb","itemListElement":[{"@type":"ListItem","position":1,"name":"Home","item":"https:\/\/amalhamburg.de\/de\/"},{"@type":"ListItem","position":2,"name":"Amal, Berlin! \u00fcber die Arabischen Musiktage"}]},{"@type":"WebSite","@id":"https:\/\/amalhamburg.de\/de\/#website","url":"https:\/\/amalhamburg.de\/de\/","name":"Amal, Hamburg!","description":"","potentialAction":[{"@type":"SearchAction","target":{"@type":"EntryPoint","urlTemplate":"https:\/\/amalhamburg.de\/de\/?s={search_term_string}"},"query-input":{"@type":"PropertyValueSpecification","valueRequired":true,"valueName":"search_term_string"}}],"inLanguage":"de"},{"@type":"Person","@id":"https:\/\/amalhamburg.de\/de\/#\/schema\/person\/69d08bbfd6c317e7166f72efca0b9e05","name":"Julia Gerlach","image":{"@type":"ImageObject","inLanguage":"de","@id":"https:\/\/amalhamburg.de\/wp-content\/uploads\/sites\/2\/2019\/04\/aaaJulia-Gerlach-1-125x125.jpg","url":"https:\/\/amalhamburg.de\/wp-content\/uploads\/sites\/2\/2019\/04\/aaaJulia-Gerlach-1-125x125.jpg","contentUrl":"https:\/\/amalhamburg.de\/wp-content\/uploads\/sites\/2\/2019\/04\/aaaJulia-Gerlach-1-125x125.jpg","caption":"Julia Gerlach"},"description":"Julia Gerlach ist Projektleiterin bei Amal, Berlin! Von 2008 bis 2015 hat sie als Korrespondentin f\u00fcr deutsche Medien aus Kairo \u00fcber die arabischen Welt berichtet. Zuvor war sie Redakteurin beim heute Journal des ZDF. Sie hat mehrere Sachb\u00fccher \u00fcber den Islam in Deutschland und den Arabischen Fr\u00fchling geschrieben.","url":"https:\/\/amalhamburg.de\/de\/author\/julia\/"}]}},"_links":{"self":[{"href":"https:\/\/amalhamburg.de\/de\/wp-json\/wp\/v2\/posts\/12615","targetHints":{"allow":["GET"]}}],"collection":[{"href":"https:\/\/amalhamburg.de\/de\/wp-json\/wp\/v2\/posts"}],"about":[{"href":"https:\/\/amalhamburg.de\/de\/wp-json\/wp\/v2\/types\/post"}],"author":[{"embeddable":true,"href":"https:\/\/amalhamburg.de\/de\/wp-json\/wp\/v2\/users\/13"}],"replies":[{"embeddable":true,"href":"https:\/\/amalhamburg.de\/de\/wp-json\/wp\/v2\/comments?post=12615"}],"version-history":[{"count":0,"href":"https:\/\/amalhamburg.de\/de\/wp-json\/wp\/v2\/posts\/12615\/revisions"}],"wp:featuredmedia":[{"embeddable":true,"href":"https:\/\/amalhamburg.de\/de\/wp-json\/wp\/v2\/media\/12619"}],"wp:attachment":[{"href":"https:\/\/amalhamburg.de\/de\/wp-json\/wp\/v2\/media?parent=12615"}],"wp:term":[{"taxonomy":"category","embeddable":true,"href":"https:\/\/amalhamburg.de\/de\/wp-json\/wp\/v2\/categories?post=12615"},{"taxonomy":"post_tag","embeddable":true,"href":"https:\/\/amalhamburg.de\/de\/wp-json\/wp\/v2\/tags?post=12615"}],"curies":[{"name":"wp","href":"https:\/\/api.w.org\/{rel}","templated":true}]}}