{"id":125739,"date":"2026-01-14T10:00:52","date_gmt":"2026-01-14T09:00:52","guid":{"rendered":"https:\/\/amalhamburg.de\/2026\/01\/14\/das-dilemma-der-iranischen-opposition\/"},"modified":"2026-01-22T12:21:08","modified_gmt":"2026-01-22T11:21:08","slug":"das-dilemma-der-iranischen-opposition","status":"publish","type":"post","link":"https:\/\/amalhamburg.de\/de\/2026\/01\/14\/das-dilemma-der-iranischen-opposition\/","title":{"rendered":"Das Dilemma der iranischen Opposition"},"content":{"rendered":"<table class=\"r3-o\" role=\"presentation\" border=\"0\" width=\"100%\" cellspacing=\"0\" cellpadding=\"0\" align=\"center\">\n<tbody>\n<tr>\n<td class=\"r10-i\">\n<table role=\"presentation\" border=\"0\" width=\"100%\" cellspacing=\"0\" cellpadding=\"0\">\n<tbody>\n<tr>\n<th class=\"r5-c\" valign=\"top\" width=\"100%\">\n<table class=\"r7-o\" role=\"presentation\" border=\"0\" width=\"100%\" cellspacing=\"0\" cellpadding=\"0\" align=\"left\">\n<tbody>\n<tr>\n<td class=\"r12-i nl2go-default-textstyle\" align=\"left\" valign=\"top\">\n<div>\n<p><strong>Die wenigen Bilder, die wir im Moment von den Protesten im Iran sehen, sind grausam. Brutal geht das Regime gegen die Menschen vor, die auf die Stra\u00dfe gehen. Um diese Proteste soll es in diesem Newsletter nicht gehen, oder nur indirekt. Unser Thema ist das, was auf unseren Stra\u00dfen passiert.\u00a0<\/strong><\/p>\n<p><strong>Haben Sie in den letzten Tagen und Wochen auch solche Demonstrationen von Iraner:innen im Exil gesehen? Sie tragen die gr\u00fcn-wei\u00df-rote Fahne des Iran, doch statt des Symbols der islamischen Republik ist in der Mitte das Bild des tapferen Sonnenl\u00f6wen zu sehen. Dazu die Bilder von Reza Pahlavi und oft tragen sie dar\u00fcber hinaus auch israelische Fahnen. Derzeit spielen die sogenannten Monarchisten in der Exil-Opposition eine gro\u00dfe Rolle. Auch in Kommentarspalten und Analyse-Artikeln deutscher und internationaler Zeitungen wird inzwischen der Sohn des 1979 gest\u00fcrzten Schahs als beste Option f\u00fcr einen Neuanfang im Iran gehandelt.\u00a0<\/strong><\/p>\n<p><strong>Warum? Hier spielen die iranischen Auslandsmedien eine gro\u00dfe Rolle. Sender wie &#8222;Iran International&#8220;, der mit Geldern aus Saudi Arabien finanziert ist und das Ziel hat, das Regime in Teheran zu st\u00fcrzen, nehmen Partei f\u00fcr Reza Pahlavi. Der Sender hat gerade unter Iraner:innen im Ausland gro\u00dfen Einfluss. Zudem sind Fakes im Umlauf: So kursierten Videos von Demos im Iran, bei denen Rufe nach Pahlavi laut wurden. Sp\u00e4ter stellte sich heraus, dass diese Videos bearbeitet wurden. Die Demonstranten hatten nach Freiheit verlangt.<\/strong><\/p>\n<\/div>\n<h2 class=\"default-heading2\"><strong>Stellen wir uns hinter den Sohn eines Diktators, der eine neue Diktatur errichten will, um die aktuelle Diktatur loszuwerden?<\/strong><\/h2>\n<p>&nbsp;<\/p>\n<div>\n<p>Der Internet Blackout macht es den Exilakteuren gerade einfach, im Namen der Protestbewegung im Iran zu sprechen, da Stimmen aus dem Iran derzeit nicht geh\u00f6rt werden k\u00f6nnen.<\/p>\n<p>Pragmatismus spielt aber sicher auch eine Rolle beim rasanten Aufstieg von Reza Pahlavi als Held der iranischen Opposition. Zum ersten Mal seit vielen Jahren sieht es so aus, als k\u00f6nnte das Regime der islamischen Republik tats\u00e4chlich ins Wanken geraten und mit dem derzeitigen US-Pr\u00e4sidenten gibt es eine Chance, dass der Aufstand internationale Unterst\u00fctzung bekommt. Klar ist auch, dass dies nur mit einem Akteur gelingen kann, der das Wohlwollen von US-Pr\u00e4sident Donald Trump gewinnt. Soweit ist Reza Pahlavi noch nicht, aber man traut es ihm zu.<\/p>\n<\/div>\n<\/td>\n<\/tr>\n<\/tbody>\n<\/table>\n<table class=\"r3-o\" role=\"presentation\" border=\"0\" width=\"580\" cellspacing=\"0\" cellpadding=\"0\" align=\"center\">\n<tbody>\n<tr>\n<td class=\"r13-i\"><img decoding=\"async\" src=\"https:\/\/img.mailinblue.com\/8571641\/images\/content_library\/original\/696745b6a0e2cd7dbbe3055f.jpeg\" width=\"580\" border=\"0\" \/><\/td>\n<\/tr>\n<\/tbody>\n<\/table>\n<table class=\"r7-o\" role=\"presentation\" border=\"0\" width=\"100%\" cellspacing=\"0\" cellpadding=\"0\" align=\"left\">\n<tbody>\n<tr>\n<td class=\"r12-i nl2go-default-textstyle\" align=\"left\" valign=\"top\">\n<div>\n<p>Allerdings, so unsere Redakteurin Maryam Mardani, teilen l\u00e4ngst nicht alle Exil-Iraner:innen diese Position. Viele h\u00e4tten Zweifel an dieser Strategie. Vor allem, weil Reza Pahlevi bereits in seinem Programm f\u00fcr den \u00dcbergang dargelegt hat, dass sein Ziel ein neues autorit\u00e4res Regime mit ihm an der Spitze ist. Maryam Mardani hat dazu einen Kommentar f\u00fcr den Tagesspiegel geschrieben, der in den n\u00e4chsten Tagen ver\u00f6ffentlicht werden soll. Sie hat auch auf unseren Seiten intensiv \u00fcber die Situation in der iranischen Community berichtet. Zum Beispiel <a href=\"https:\/\/amalberlin.de\/fa\/2026\/01\/12\/%d8%ae%d8%a7%d9%85%d9%88%d8%b4%db%8c-%d8%aa%d9%84%d9%81%d9%86-%d9%88-%d8%a7%db%8c%d9%86%d8%aa%d8%b1%d9%86%d8%aa-%d8%af%d8%b1-%d8%a7%db%8c%d8%b1%d8%a7%d9%86\/\" target=\"_blank\" rel=\"noopener noreferrer\" type=\"absoluteLink\">hier<\/a>.<\/p>\n<p>Haben Sie auch Interesse, in Ihrem Medium einen Beitrag zu ver\u00f6ffentlichen. Dann schreiben Sie <a href=\"http:\/\/info@amalnews.de\" type=\"absoluteLink\">uns.<\/a> Das gilt \u00fcbrigens auch f\u00fcr Beitr\u00e4ge aus Syrien. Unser Team der Journalistenschule dort hat in den letzten Wochen gro\u00dfe Schritte gemacht und ver\u00f6ffentlicht inzwischen auf unserer\u00a0<a href=\"https:\/\/www.facebook.com\/profile.php?id=61583246332399\" target=\"_blank\" rel=\"noopener noreferrer\" type=\"absoluteLink\">Trainingsplattform<\/a>.<\/p>\n<\/div>\n<\/td>\n<\/tr>\n<\/tbody>\n<\/table>\n<table class=\"r3-o\" role=\"presentation\" border=\"0\" width=\"580\" cellspacing=\"0\" cellpadding=\"0\" align=\"center\">\n<tbody>\n<tr>\n<td class=\"r13-i\"><img decoding=\"async\" src=\"https:\/\/img.mailinblue.com\/8571641\/images\/content_library\/original\/69675121bd1b6859c5d86ebc.jpg\" width=\"580\" border=\"0\" \/><\/td>\n<\/tr>\n<\/tbody>\n<\/table>\n<table class=\"r7-o\" role=\"presentation\" border=\"0\" width=\"100%\" cellspacing=\"0\" cellpadding=\"0\" align=\"left\">\n<tbody>\n<tr>\n<td class=\"r12-i nl2go-default-textstyle\" align=\"left\" valign=\"top\">\n<div>\n<p id=\"isPasted\">Reem Faraj hat zudem f\u00fcr die Zeitschrift Chrismon einen Gastbeitrag geschrieben und erkl\u00e4rt, was das neue Geld f\u00fcr Syrien bedeutet. Hier geht es zum Beitrag bei\u00a0<a href=\"https:\/\/chrismon.de\/personen\/57781\/reem-farag\" target=\"_blank\" rel=\"noopener noreferrer\" type=\"absoluteLink\">Chrismon<\/a>.<\/p>\n<\/div>\n<\/td>\n<\/tr>\n<\/tbody>\n<\/table>\n<\/th>\n<\/tr>\n<\/tbody>\n<\/table>\n<\/td>\n<\/tr>\n<\/tbody>\n<\/table>\n<table class=\"r3-o\" role=\"presentation\" border=\"0\" width=\"100%\" cellspacing=\"0\" cellpadding=\"0\" align=\"center\">\n<tbody>\n<tr>\n<td class=\"r14-i\">\n<table role=\"presentation\" border=\"0\" width=\"100%\" cellspacing=\"0\" cellpadding=\"0\">\n<tbody>\n<tr>\n<th class=\"r5-c\" valign=\"top\" width=\"100%\">\n<table class=\"r6-o\" role=\"presentation\" border=\"0\" width=\"100%\" cellspacing=\"0\" cellpadding=\"0\">\n<tbody>\n<tr>\n<td class=\"r15-i\" valign=\"top\">\n<table role=\"presentation\" border=\"0\" width=\"100%\" cellspacing=\"0\" cellpadding=\"0\">\n<tbody>\n<tr>\n<td class=\"r16-c nl2go-default-textstyle\" align=\"left\">\n<div>\n<p>Eine sch\u00f6ne Woche w\u00fcnscht<\/p>\n<p>&nbsp;<\/p>\n<p>&nbsp;<\/p>\n<p>Das Team von Amal<\/p>\n<\/div>\n<\/td>\n<\/tr>\n<\/tbody>\n<\/table>\n<\/td>\n<\/tr>\n<\/tbody>\n<\/table>\n<\/th>\n<\/tr>\n<\/tbody>\n<\/table>\n<\/td>\n<\/tr>\n<\/tbody>\n<\/table>\n","protected":false},"excerpt":{"rendered":"<p>Die wenigen Bilder, die wir im Moment von den Protesten im Iran sehen, sind grausam. Brutal geht das Regime gegen die Menschen vor, die auf die Stra\u00dfe gehen. Um diese Proteste soll es in diesem Newsletter nicht gehen, oder nur indirekt. Unser Thema ist das, was auf unseren Stra\u00dfen passiert.\u00a0 Haben Sie in den letzten&#8230;  <a class=\"excerpt-read-more\" href=\"https:\/\/amalhamburg.de\/de\/2026\/01\/14\/das-dilemma-der-iranischen-opposition\/\" title=\"Read Das Dilemma der iranischen Opposition\">Weiter &raquo;<\/a><\/p>\n","protected":false},"author":13,"featured_media":125740,"comment_status":"closed","ping_status":"open","sticky":false,"template":"","format":"standard","meta":{"_acf_changed":false,"footnotes":""},"categories":[7760],"tags":[402,398],"class_list":["post-125739","post","type-post","status-publish","format-standard","has-post-thumbnail","hentry","category-themen-diese-woche","tag-iran","tag-syrien"],"acf":[],"yoast_head":"<!-- This site is optimized with the Yoast SEO plugin v27.5 - https:\/\/yoast.com\/product\/yoast-seo-wordpress\/ -->\n<title>Das Dilemma der iranischen Opposition - Amal, Hamburg!<\/title>\n<meta name=\"description\" content=\"Stellen wir uns hinter den Sohn eines Diktators, der eine neue Diktatur errichten will, um die aktuelle Diktatur loszuwerden?\" \/>\n<meta name=\"robots\" content=\"index, follow, max-snippet:-1, max-image-preview:large, max-video-preview:-1\" \/>\n<link rel=\"canonical\" href=\"https:\/\/amalhamburg.de\/de\/2026\/01\/14\/das-dilemma-der-iranischen-opposition\/\" \/>\n<meta property=\"og:locale\" content=\"de_DE\" \/>\n<meta property=\"og:type\" content=\"article\" \/>\n<meta property=\"og:title\" content=\"Das Dilemma der iranischen Opposition - Amal, Hamburg!\" \/>\n<meta property=\"og:description\" content=\"Stellen wir uns hinter den Sohn eines Diktators, der eine neue Diktatur errichten will, um die aktuelle Diktatur loszuwerden?\" \/>\n<meta property=\"og:url\" content=\"https:\/\/amalhamburg.de\/de\/2026\/01\/14\/das-dilemma-der-iranischen-opposition\/\" \/>\n<meta property=\"og:site_name\" content=\"Amal, Hamburg!\" \/>\n<meta property=\"article:published_time\" content=\"2026-01-14T09:00:52+00:00\" \/>\n<meta property=\"article:modified_time\" content=\"2026-01-22T11:21:08+00:00\" \/>\n<meta property=\"og:image\" content=\"https:\/\/amalhamburg.de\/wp-content\/uploads\/sites\/2\/2026\/01\/WhatsApp-Image-2026-01-14-at-08.27.551.jpeg\" \/>\n\t<meta property=\"og:image:width\" content=\"1600\" \/>\n\t<meta property=\"og:image:height\" content=\"900\" \/>\n\t<meta property=\"og:image:type\" content=\"image\/jpeg\" \/>\n<meta name=\"author\" content=\"Julia Gerlach\" \/>\n<meta name=\"twitter:card\" content=\"summary_large_image\" \/>\n<meta name=\"twitter:label1\" content=\"Verfasst von\" \/>\n\t<meta name=\"twitter:data1\" content=\"Julia Gerlach\" \/>\n\t<meta name=\"twitter:label2\" content=\"Gesch\u00e4tzte Lesezeit\" \/>\n\t<meta name=\"twitter:data2\" content=\"4\u00a0Minuten\" \/>\n<script type=\"application\/ld+json\" class=\"yoast-schema-graph\">{\"@context\":\"https:\\\/\\\/schema.org\",\"@graph\":[{\"@type\":\"Article\",\"@id\":\"https:\\\/\\\/amalhamburg.de\\\/de\\\/2026\\\/01\\\/14\\\/das-dilemma-der-iranischen-opposition\\\/#article\",\"isPartOf\":{\"@id\":\"https:\\\/\\\/amalhamburg.de\\\/de\\\/2026\\\/01\\\/14\\\/das-dilemma-der-iranischen-opposition\\\/\"},\"author\":{\"name\":\"Julia Gerlach\",\"@id\":\"https:\\\/\\\/amalhamburg.de\\\/de\\\/#\\\/schema\\\/person\\\/69d08bbfd6c317e7166f72efca0b9e05\"},\"headline\":\"Das Dilemma der iranischen Opposition\",\"datePublished\":\"2026-01-14T09:00:52+00:00\",\"dateModified\":\"2026-01-22T11:21:08+00:00\",\"mainEntityOfPage\":{\"@id\":\"https:\\\/\\\/amalhamburg.de\\\/de\\\/2026\\\/01\\\/14\\\/das-dilemma-der-iranischen-opposition\\\/\"},\"wordCount\":561,\"image\":{\"@id\":\"https:\\\/\\\/amalhamburg.de\\\/de\\\/2026\\\/01\\\/14\\\/das-dilemma-der-iranischen-opposition\\\/#primaryimage\"},\"thumbnailUrl\":\"https:\\\/\\\/amalhamburg.de\\\/wp-content\\\/uploads\\\/sites\\\/2\\\/2026\\\/01\\\/WhatsApp-Image-2026-01-14-at-08.27.551.jpeg\",\"keywords\":[\"Iran\",\"Syrien\"],\"articleSection\":[\"Themen diese Woche\"],\"inLanguage\":\"de\"},{\"@type\":\"WebPage\",\"@id\":\"https:\\\/\\\/amalhamburg.de\\\/de\\\/2026\\\/01\\\/14\\\/das-dilemma-der-iranischen-opposition\\\/\",\"url\":\"https:\\\/\\\/amalhamburg.de\\\/de\\\/2026\\\/01\\\/14\\\/das-dilemma-der-iranischen-opposition\\\/\",\"name\":\"Das Dilemma der iranischen Opposition - Amal, Hamburg!\",\"isPartOf\":{\"@id\":\"https:\\\/\\\/amalhamburg.de\\\/de\\\/#website\"},\"primaryImageOfPage\":{\"@id\":\"https:\\\/\\\/amalhamburg.de\\\/de\\\/2026\\\/01\\\/14\\\/das-dilemma-der-iranischen-opposition\\\/#primaryimage\"},\"image\":{\"@id\":\"https:\\\/\\\/amalhamburg.de\\\/de\\\/2026\\\/01\\\/14\\\/das-dilemma-der-iranischen-opposition\\\/#primaryimage\"},\"thumbnailUrl\":\"https:\\\/\\\/amalhamburg.de\\\/wp-content\\\/uploads\\\/sites\\\/2\\\/2026\\\/01\\\/WhatsApp-Image-2026-01-14-at-08.27.551.jpeg\",\"datePublished\":\"2026-01-14T09:00:52+00:00\",\"dateModified\":\"2026-01-22T11:21:08+00:00\",\"author\":{\"@id\":\"https:\\\/\\\/amalhamburg.de\\\/de\\\/#\\\/schema\\\/person\\\/69d08bbfd6c317e7166f72efca0b9e05\"},\"description\":\"Stellen wir uns hinter den Sohn eines Diktators, der eine neue Diktatur errichten will, um die aktuelle Diktatur loszuwerden?\",\"breadcrumb\":{\"@id\":\"https:\\\/\\\/amalhamburg.de\\\/de\\\/2026\\\/01\\\/14\\\/das-dilemma-der-iranischen-opposition\\\/#breadcrumb\"},\"inLanguage\":\"de\",\"potentialAction\":[{\"@type\":\"ReadAction\",\"target\":[\"https:\\\/\\\/amalhamburg.de\\\/de\\\/2026\\\/01\\\/14\\\/das-dilemma-der-iranischen-opposition\\\/\"]}]},{\"@type\":\"ImageObject\",\"inLanguage\":\"de\",\"@id\":\"https:\\\/\\\/amalhamburg.de\\\/de\\\/2026\\\/01\\\/14\\\/das-dilemma-der-iranischen-opposition\\\/#primaryimage\",\"url\":\"https:\\\/\\\/amalhamburg.de\\\/wp-content\\\/uploads\\\/sites\\\/2\\\/2026\\\/01\\\/WhatsApp-Image-2026-01-14-at-08.27.551.jpeg\",\"contentUrl\":\"https:\\\/\\\/amalhamburg.de\\\/wp-content\\\/uploads\\\/sites\\\/2\\\/2026\\\/01\\\/WhatsApp-Image-2026-01-14-at-08.27.551.jpeg\",\"width\":1600,\"height\":900,\"caption\":\"Iran Monarchisten\"},{\"@type\":\"BreadcrumbList\",\"@id\":\"https:\\\/\\\/amalhamburg.de\\\/de\\\/2026\\\/01\\\/14\\\/das-dilemma-der-iranischen-opposition\\\/#breadcrumb\",\"itemListElement\":[{\"@type\":\"ListItem\",\"position\":1,\"name\":\"Home\",\"item\":\"https:\\\/\\\/amalhamburg.de\\\/de\\\/\"},{\"@type\":\"ListItem\",\"position\":2,\"name\":\"Das Dilemma der iranischen Opposition\"}]},{\"@type\":\"WebSite\",\"@id\":\"https:\\\/\\\/amalhamburg.de\\\/de\\\/#website\",\"url\":\"https:\\\/\\\/amalhamburg.de\\\/de\\\/\",\"name\":\"Amal, Hamburg!\",\"description\":\"\",\"potentialAction\":[{\"@type\":\"SearchAction\",\"target\":{\"@type\":\"EntryPoint\",\"urlTemplate\":\"https:\\\/\\\/amalhamburg.de\\\/de\\\/?s={search_term_string}\"},\"query-input\":{\"@type\":\"PropertyValueSpecification\",\"valueRequired\":true,\"valueName\":\"search_term_string\"}}],\"inLanguage\":\"de\"},{\"@type\":\"Person\",\"@id\":\"https:\\\/\\\/amalhamburg.de\\\/de\\\/#\\\/schema\\\/person\\\/69d08bbfd6c317e7166f72efca0b9e05\",\"name\":\"Julia Gerlach\",\"image\":{\"@type\":\"ImageObject\",\"inLanguage\":\"de\",\"@id\":\"https:\\\/\\\/amalhamburg.de\\\/wp-content\\\/uploads\\\/sites\\\/2\\\/2019\\\/04\\\/aaaJulia-Gerlach-1-125x125.jpg\",\"url\":\"https:\\\/\\\/amalhamburg.de\\\/wp-content\\\/uploads\\\/sites\\\/2\\\/2019\\\/04\\\/aaaJulia-Gerlach-1-125x125.jpg\",\"contentUrl\":\"https:\\\/\\\/amalhamburg.de\\\/wp-content\\\/uploads\\\/sites\\\/2\\\/2019\\\/04\\\/aaaJulia-Gerlach-1-125x125.jpg\",\"caption\":\"Julia Gerlach\"},\"description\":\"Julia Gerlach ist Projektleiterin bei Amal, Berlin! Von 2008 bis 2015 hat sie als Korrespondentin f\u00fcr deutsche Medien aus Kairo \u00fcber die arabischen Welt berichtet. Zuvor war sie Redakteurin beim heute Journal des ZDF. Sie hat mehrere Sachb\u00fccher \u00fcber den Islam in Deutschland und den Arabischen Fr\u00fchling geschrieben.\",\"url\":\"https:\\\/\\\/amalhamburg.de\\\/de\\\/author\\\/julia\\\/\"}]}<\/script>\n<!-- \/ Yoast SEO plugin. -->","yoast_head_json":{"title":"Das Dilemma der iranischen Opposition - Amal, Hamburg!","description":"Stellen wir uns hinter den Sohn eines Diktators, der eine neue Diktatur errichten will, um die aktuelle Diktatur loszuwerden?","robots":{"index":"index","follow":"follow","max-snippet":"max-snippet:-1","max-image-preview":"max-image-preview:large","max-video-preview":"max-video-preview:-1"},"canonical":"https:\/\/amalhamburg.de\/de\/2026\/01\/14\/das-dilemma-der-iranischen-opposition\/","og_locale":"de_DE","og_type":"article","og_title":"Das Dilemma der iranischen Opposition - Amal, Hamburg!","og_description":"Stellen wir uns hinter den Sohn eines Diktators, der eine neue Diktatur errichten will, um die aktuelle Diktatur loszuwerden?","og_url":"https:\/\/amalhamburg.de\/de\/2026\/01\/14\/das-dilemma-der-iranischen-opposition\/","og_site_name":"Amal, Hamburg!","article_published_time":"2026-01-14T09:00:52+00:00","article_modified_time":"2026-01-22T11:21:08+00:00","og_image":[{"width":1600,"height":900,"url":"https:\/\/amalhamburg.de\/wp-content\/uploads\/sites\/2\/2026\/01\/WhatsApp-Image-2026-01-14-at-08.27.551.jpeg","type":"image\/jpeg"}],"author":"Julia Gerlach","twitter_card":"summary_large_image","twitter_misc":{"Verfasst von":"Julia Gerlach","Gesch\u00e4tzte Lesezeit":"4\u00a0Minuten"},"schema":{"@context":"https:\/\/schema.org","@graph":[{"@type":"Article","@id":"https:\/\/amalhamburg.de\/de\/2026\/01\/14\/das-dilemma-der-iranischen-opposition\/#article","isPartOf":{"@id":"https:\/\/amalhamburg.de\/de\/2026\/01\/14\/das-dilemma-der-iranischen-opposition\/"},"author":{"name":"Julia Gerlach","@id":"https:\/\/amalhamburg.de\/de\/#\/schema\/person\/69d08bbfd6c317e7166f72efca0b9e05"},"headline":"Das Dilemma der iranischen Opposition","datePublished":"2026-01-14T09:00:52+00:00","dateModified":"2026-01-22T11:21:08+00:00","mainEntityOfPage":{"@id":"https:\/\/amalhamburg.de\/de\/2026\/01\/14\/das-dilemma-der-iranischen-opposition\/"},"wordCount":561,"image":{"@id":"https:\/\/amalhamburg.de\/de\/2026\/01\/14\/das-dilemma-der-iranischen-opposition\/#primaryimage"},"thumbnailUrl":"https:\/\/amalhamburg.de\/wp-content\/uploads\/sites\/2\/2026\/01\/WhatsApp-Image-2026-01-14-at-08.27.551.jpeg","keywords":["Iran","Syrien"],"articleSection":["Themen diese Woche"],"inLanguage":"de"},{"@type":"WebPage","@id":"https:\/\/amalhamburg.de\/de\/2026\/01\/14\/das-dilemma-der-iranischen-opposition\/","url":"https:\/\/amalhamburg.de\/de\/2026\/01\/14\/das-dilemma-der-iranischen-opposition\/","name":"Das Dilemma der iranischen Opposition - Amal, Hamburg!","isPartOf":{"@id":"https:\/\/amalhamburg.de\/de\/#website"},"primaryImageOfPage":{"@id":"https:\/\/amalhamburg.de\/de\/2026\/01\/14\/das-dilemma-der-iranischen-opposition\/#primaryimage"},"image":{"@id":"https:\/\/amalhamburg.de\/de\/2026\/01\/14\/das-dilemma-der-iranischen-opposition\/#primaryimage"},"thumbnailUrl":"https:\/\/amalhamburg.de\/wp-content\/uploads\/sites\/2\/2026\/01\/WhatsApp-Image-2026-01-14-at-08.27.551.jpeg","datePublished":"2026-01-14T09:00:52+00:00","dateModified":"2026-01-22T11:21:08+00:00","author":{"@id":"https:\/\/amalhamburg.de\/de\/#\/schema\/person\/69d08bbfd6c317e7166f72efca0b9e05"},"description":"Stellen wir uns hinter den Sohn eines Diktators, der eine neue Diktatur errichten will, um die aktuelle Diktatur loszuwerden?","breadcrumb":{"@id":"https:\/\/amalhamburg.de\/de\/2026\/01\/14\/das-dilemma-der-iranischen-opposition\/#breadcrumb"},"inLanguage":"de","potentialAction":[{"@type":"ReadAction","target":["https:\/\/amalhamburg.de\/de\/2026\/01\/14\/das-dilemma-der-iranischen-opposition\/"]}]},{"@type":"ImageObject","inLanguage":"de","@id":"https:\/\/amalhamburg.de\/de\/2026\/01\/14\/das-dilemma-der-iranischen-opposition\/#primaryimage","url":"https:\/\/amalhamburg.de\/wp-content\/uploads\/sites\/2\/2026\/01\/WhatsApp-Image-2026-01-14-at-08.27.551.jpeg","contentUrl":"https:\/\/amalhamburg.de\/wp-content\/uploads\/sites\/2\/2026\/01\/WhatsApp-Image-2026-01-14-at-08.27.551.jpeg","width":1600,"height":900,"caption":"Iran Monarchisten"},{"@type":"BreadcrumbList","@id":"https:\/\/amalhamburg.de\/de\/2026\/01\/14\/das-dilemma-der-iranischen-opposition\/#breadcrumb","itemListElement":[{"@type":"ListItem","position":1,"name":"Home","item":"https:\/\/amalhamburg.de\/de\/"},{"@type":"ListItem","position":2,"name":"Das Dilemma der iranischen Opposition"}]},{"@type":"WebSite","@id":"https:\/\/amalhamburg.de\/de\/#website","url":"https:\/\/amalhamburg.de\/de\/","name":"Amal, Hamburg!","description":"","potentialAction":[{"@type":"SearchAction","target":{"@type":"EntryPoint","urlTemplate":"https:\/\/amalhamburg.de\/de\/?s={search_term_string}"},"query-input":{"@type":"PropertyValueSpecification","valueRequired":true,"valueName":"search_term_string"}}],"inLanguage":"de"},{"@type":"Person","@id":"https:\/\/amalhamburg.de\/de\/#\/schema\/person\/69d08bbfd6c317e7166f72efca0b9e05","name":"Julia Gerlach","image":{"@type":"ImageObject","inLanguage":"de","@id":"https:\/\/amalhamburg.de\/wp-content\/uploads\/sites\/2\/2019\/04\/aaaJulia-Gerlach-1-125x125.jpg","url":"https:\/\/amalhamburg.de\/wp-content\/uploads\/sites\/2\/2019\/04\/aaaJulia-Gerlach-1-125x125.jpg","contentUrl":"https:\/\/amalhamburg.de\/wp-content\/uploads\/sites\/2\/2019\/04\/aaaJulia-Gerlach-1-125x125.jpg","caption":"Julia Gerlach"},"description":"Julia Gerlach ist Projektleiterin bei Amal, Berlin! Von 2008 bis 2015 hat sie als Korrespondentin f\u00fcr deutsche Medien aus Kairo \u00fcber die arabischen Welt berichtet. Zuvor war sie Redakteurin beim heute Journal des ZDF. Sie hat mehrere Sachb\u00fccher \u00fcber den Islam in Deutschland und den Arabischen Fr\u00fchling geschrieben.","url":"https:\/\/amalhamburg.de\/de\/author\/julia\/"}]}},"_links":{"self":[{"href":"https:\/\/amalhamburg.de\/de\/wp-json\/wp\/v2\/posts\/125739","targetHints":{"allow":["GET"]}}],"collection":[{"href":"https:\/\/amalhamburg.de\/de\/wp-json\/wp\/v2\/posts"}],"about":[{"href":"https:\/\/amalhamburg.de\/de\/wp-json\/wp\/v2\/types\/post"}],"author":[{"embeddable":true,"href":"https:\/\/amalhamburg.de\/de\/wp-json\/wp\/v2\/users\/13"}],"replies":[{"embeddable":true,"href":"https:\/\/amalhamburg.de\/de\/wp-json\/wp\/v2\/comments?post=125739"}],"version-history":[{"count":1,"href":"https:\/\/amalhamburg.de\/de\/wp-json\/wp\/v2\/posts\/125739\/revisions"}],"predecessor-version":[{"id":125745,"href":"https:\/\/amalhamburg.de\/de\/wp-json\/wp\/v2\/posts\/125739\/revisions\/125745"}],"wp:featuredmedia":[{"embeddable":true,"href":"https:\/\/amalhamburg.de\/de\/wp-json\/wp\/v2\/media\/125740"}],"wp:attachment":[{"href":"https:\/\/amalhamburg.de\/de\/wp-json\/wp\/v2\/media?parent=125739"}],"wp:term":[{"taxonomy":"category","embeddable":true,"href":"https:\/\/amalhamburg.de\/de\/wp-json\/wp\/v2\/categories?post=125739"},{"taxonomy":"post_tag","embeddable":true,"href":"https:\/\/amalhamburg.de\/de\/wp-json\/wp\/v2\/tags?post=125739"}],"curies":[{"name":"wp","href":"https:\/\/api.w.org\/{rel}","templated":true}]}}